{"id":419713,"date":"2025-09-26T20:10:12","date_gmt":"2025-09-26T20:10:12","guid":{"rendered":"https:\/\/www.europesays.com\/fr\/419713\/"},"modified":"2025-09-26T20:10:12","modified_gmt":"2025-09-26T20:10:12","slug":"pour-son-premier-meeting-de-candidat-a-lyon-jean-michel-aulas-charge-les-ecologistes","status":"publish","type":"post","link":"https:\/\/www.europesays.com\/fr\/419713\/","title":{"rendered":"pour son premier meeting de candidat \u00e0 Lyon, Jean-Michel Aulas charge les \u00e9cologistes"},"content":{"rendered":"<p>Apr\u00e8s avoir r\u00e9v\u00e9l\u00e9 le nom de son mouvement C\u0153ur lyonnais dans une \u00abLettre aux Lyonnais\u00bb publi\u00e9e ce jeudi, Jean-Michel Aulas a pu mesurer le soutien des militants de la droite et du centre pour battre la majorit\u00e9 \u00e9cologiste en place.<\/p>\n<p class=\"fig-paragraph\">\u00abOui, nous allons nous porter candidats pour reprendre ensemble notre destin en main\u00bb. Apr\u00e8s des mois de pr\u00e9paration et d\u2019attente,\u00a0<a href=\"http:\/\/www.lefigaro.fr\/lyon\/municipales-jean-michel-aulas-officialise-sa-candidature-dans-une-lettre-aux-lyonnais-et-lance-son-mouvement-20250925\" data-fig-type=\"NewsFlash\" data-gtm-custom-categorie=\"navigation\" data-gtm-custom-action=\"crossclick\" data-gtm-custom-label=\"Contextuel\" data-gtm-event=\"customEventSPE\" data-fig-domain=\"LEFIGARO\" target=\"_blank\" rel=\"noopener\">Jean-Michel Aulas<\/a>\u00a0a r\u00e9uni plusieurs centaines de personnes dans le quartier de la Confluence ce vendredi pour son premier meeting de candidat officiel \u00e0 la mairie de Lyon. Celui qui est soutenu par les quatre partis du \u00absocle commun\u00bb en a profit\u00e9 pour montrer les muscles et quelques soutiens politiques de poids, avec la pr\u00e9sence du ministre d\u00e9missionnaire\u00a0<a href=\"http:\/\/www.lefigaro.fr\/politique\/francois-noel-buffet-aucun-elu-en-france-n-est-epargne-par-l-explosion-de-la-violence-20250519\" data-fig-type=\"Article\" data-gtm-custom-categorie=\"navigation\" data-gtm-custom-action=\"crossclick\" data-gtm-custom-label=\"Contextuel\" data-gtm-event=\"customEventSPE\" data-fig-domain=\"LEFIGARO\" target=\"_blank\" rel=\"noopener\">Fran\u00e7ois-No\u00ebl Buffet<\/a>\u00a0(LR), de l\u2019ancien maire\u00a0<a href=\"https:\/\/www.lefigaro.fr\/mon-figaro\/2010\/07\/26\/10001-20100726ARTFIG00472-michel-noir-l-esprit-d-entreprise.php\" data-fig-type=\"Article\" data-gtm-custom-categorie=\"navigation\" data-gtm-custom-action=\"crossclick\" data-gtm-custom-label=\"Contextuel\" data-gtm-event=\"customEventSPE\" data-fig-domain=\"LEFIGARO\" target=\"_blank\" rel=\"noopener\">Michel Noir<\/a>\u00a0et ou encore du s\u00e9nateur\u00a0<a href=\"http:\/\/www.lefigaro.fr\/flash-actu\/directeurs-d-ecole-le-senat-adopte-une-proposition-de-loi-lrem-20211020\" data-fig-type=\"NewsFlash\" data-gtm-custom-categorie=\"navigation\" data-gtm-custom-action=\"crossclick\" data-gtm-custom-label=\"Contextuel\" data-gtm-event=\"customEventSPE\" data-fig-domain=\"LEFIGARO\" target=\"_blank\" rel=\"noopener\">Bernard Fialaire<\/a>\u00a0(Parti radical)<\/p>\n<p class=\"fig-paragraph\">\u00abCandidat pour mettre fin \u00e0 ces raisonnements dogmatiques qui dressent les uns contre les autres, et qui nous sont impos\u00e9s sans les avoir v\u00e9ritablement souhait\u00e9s\u00a0! Oui, je veux devenir votre prochain maire, en 2026\u00bb, a lanc\u00e9 \u00abJMA\u00bb, galvanisant sa base, et notamment les jeunes de\u00a0<a href=\"http:\/\/www.lefigaro.fr\/lyon\/il-va-y-aller-on-en-est-certain-a-lyon-generation-aulas-organise-sa-premiere-soiree-pour-pousser-la-candidature-de-l-ancien-president-de-l-ol-20250612\" data-fig-type=\"NewsFlash\" data-gtm-custom-categorie=\"navigation\" data-gtm-custom-action=\"crossclick\" data-gtm-custom-label=\"Contextuel\" data-gtm-event=\"customEventSPE\" data-fig-domain=\"LEFIGARO\" target=\"_blank\" rel=\"noopener\">G\u00e9n\u00e9ration Aulas<\/a>, apr\u00e8s des mois d\u2019attente. \u00abAulas maire de Lyon\u00bb, \u00abAulas 2026!\u00bb, scandaient ces derniers en suivant leur champion vers l\u2019estrade devant de nombreux journalistes. L\u2019homme d\u2019affaires de 76 ans avait laiss\u00e9\u00a0<a href=\"http:\/\/www.lefigaro.fr\/lyon\/municipales-a-lyon-pierre-oliver-denonce-des-intimidations-des-equipes-d-aulas-et-porte-plainte-20250519\" data-fig-type=\"NewsFlash\" data-gtm-custom-categorie=\"navigation\" data-gtm-custom-action=\"crossclick\" data-gtm-custom-label=\"Contextuel\" data-gtm-event=\"customEventSPE\" data-fig-domain=\"LEFIGARO\" target=\"_blank\" rel=\"noopener\">Pierre Oliver<\/a>\u00a0(LR), maire du 2e arrondissement proche de Laurent Wauquiez, chauffer la salle. Et deux jeunes lyonnaises issues de la \u00absoci\u00e9t\u00e9 civile\u00bb animer les interludes pour incarner cette \u00e9tiquette qu\u2019il ne cesse de marteler.<\/p>\n<p>                                    <a class=\"fig-a11y-skip a11y-hidden\" href=\"#fig-a11y-skip-main-inarticle\"><br \/>\n        Passer la publicit\u00e9<br \/>\n    <\/a><\/p>\n<p class=\"fig-paragraph\">Opposant \u00abl\u2019union de tous les Lyonnais\u00bb dans un \u00abrassemblement\u00bb qu\u2019il veut \u00able plus large\u00bb au \u00abdogmatisme\u00bb et \u00e0 la \u00abdivision\u00bb attribu\u00e9s \u00e0 la majorit\u00e9 \u00e9cologiste en place, Jean-Michel Aulas s\u2019est pr\u00e9sent\u00e9 en candidat du \u00abrayonnement lyonnais\u00bb et des solutions coll\u00e9giales. Celui qui r\u00e9p\u00e8te ne pas \u00eatre \u00able candidat des partis\u00bb a parfois jou\u00e9 sur le rejet des politiques, devant un parterre d\u2019\u00e9lus venus le soutenir. Les maires LR de l\u2019agglom\u00e9ration et plusieurs parlementaires de la droite et du centre \u00e9taient pr\u00e9sents. Il faut que les ennemis communs rassemblent, et exasp\u00e8rent, pour qu\u2019ils se tiennent tous \u00e0 quelques chaises les uns des autres.<\/p>\n<p>Un \u00abamoureux de Lyon\u00bb issu de la \u00absoci\u00e9t\u00e9 civile\u00bb<\/p>\n<p class=\"fig-paragraph\">Pour l\u2019heure \u00abJMA\u00bb a su donner des gages \u00e0 tous, axant ses \u00abpriorit\u00e9s\u00bb \u00e0 la fois sur \u00abla s\u00e9curit\u00e9\u00bb et \u00abla culture\u00bb. Il a renouvel\u00e9 sa proposition de\u00a0<a href=\"http:\/\/www.lefigaro.fr\/lyon\/avec-sa-proposition-de-gratuite-des-transports-pour-les-lyonnais-gagnant-moins-de-2500-aulas-fait-l-unanimite-contre-lui-20250606\" data-fig-type=\"NewsFlash\" data-gtm-custom-categorie=\"navigation\" data-gtm-custom-action=\"crossclick\" data-gtm-custom-label=\"Contextuel\" data-gtm-event=\"customEventSPE\" data-fig-domain=\"LEFIGARO\" target=\"_blank\" rel=\"noopener\">gratuit\u00e9 des transports en commun pour les Lyonnais aux revenus inf\u00e9rieurs \u00e0 2500 euros<\/a>. Le d\u00e9sormais candidat officiel a aussi \u00e9voqu\u00e9 la possibilit\u00e9 de cr\u00e9ation d\u2019une police m\u00e9tropolitaine. Et annonc\u00e9 un r\u00e9f\u00e9rendum sur ce sujet s\u2019il est \u00e9lu. R\u00e9f\u00e9rendum qu\u2019il dit vouloir renouveler chaque ann\u00e9e, sur \u00abdes sujets qui touchent les Lyonnais\u00bb.<\/p>\n<p class=\"fig-paragraph\">L\u2019homme aux sept titres de champion de France avec l\u2019Olympique lyonnais a d\u00e9roul\u00e9 le r\u00e9cit d\u2019un \u00abamoureux de Lyon\u00bb, \u00abparti de rien\u00bb, qui a \u00abtout r\u00e9ussi\u00bb et s\u2019investit pour \u00abrendre sa splendeur\u00bb \u00e0 la ville, selon la formule de Pierre Oliver. \u00abJe suis fier d\u2019avoir cr\u00e9\u00e9 de l\u2019activit\u00e9 et des milliers d\u2019emplois, fier d\u2019avoir fait rayonner la ville\u00bb, a serin\u00e9 Jean-Michel Aulas. Rappelant \u00e9videmment les ann\u00e9es glorieuses de l\u2019OL, qui ont fond\u00e9 sa notori\u00e9t\u00e9 entre Rh\u00f4ne et Sa\u00f4ne et pour laquelle beaucoup \u00e9taient encore l\u00e0 ce vendredi soir, il s\u2019est \u00e0 nouveau plac\u00e9 dans les pas de G\u00e9rard Collomb. Il a aussi convoqu\u00e9 les figures d\u2019\u00c9douard Herriot, Andr\u00e9 Marie Amp\u00e8re et Tony Garnier.<\/p>\n<p class=\"fig-paragraph\">Au lendemain de l\u2019envoi de sa lettre au Lyonnais officialisant sa candidature et le lancement de son mouvement C\u0153ur lyonnais, \u00abJMA\u00bb a rapidement embray\u00e9 sur la critique du mandat \u00e9coul\u00e9. \u00abJ\u2019ai mal \u00e0 ma ville\u00a0! Lyon d\u00e9croche elle se replie. On a perdu notre fiert\u00e9\u00bb, a-t-il lanc\u00e9 sous les acclamations de la foule, huant \u00e0 l\u2019envi la majorit\u00e9 \u00e9cologiste. Laure C\u00e9dat, m\u00e8re de famille ayant perdu sa fille renvers\u00e9e par un chauffard alors qu\u2019elle circulait \u00e0 trottinette en 2022 a au contraire \u00e9t\u00e9 ovationn\u00e9e apr\u00e8s son r\u00e9cit. Elle qui fait des \u00e9cologistes les responsables de plusieurs drames de la route s\u2019est engag\u00e9e dans le collectif des d\u00e9fenseurs de Lyon dont la p\u00e9tition rassemblant de nombreux commer\u00e7ants revendique aujourd\u2019hui 18.000 signataires.<\/p>\n<p class=\"fig-paragraph\">\u00abAu lieu d\u2019harmoniser, on a oppos\u00e9\u00bb, a accus\u00e9 Jean-Michel Aulas. Pestant comme toujours contre les travaux et les embouteillages, le d\u00e9sormais candidat officiel a d\u00e9nonc\u00e9 \u00abm\u00e9pris\u00bb, \u00abmanque d\u2019humilit\u00e9\u00a0\u00bb, \u00abid\u00e9ologie\u00bb, \u00ab\u00e9cologie punitive\u00bb. La campagne a d\u00e9j\u00e0 commenc\u00e9 sur les chapeaux de roues apr\u00e8s\u00a0<a href=\"http:\/\/www.lefigaro.fr\/lyon\/a-lyon-un-debut-de-campagne-municipale-tendu-entre-jean-michel-aulas-et-les-ecologistes-20250926\" data-fig-type=\"NewsFlash\" data-gtm-custom-categorie=\"navigation\" data-gtm-custom-action=\"crossclick\" data-gtm-custom-label=\"Contextuel\" data-gtm-event=\"customEventSPE\" data-fig-domain=\"LEFIGARO\" target=\"_blank\" rel=\"noopener\">un conseil houleux ce jeudi<\/a>, chacun se renvoyant les accusations en \u00abf\u00e9brilit\u00e9\u00bb. L\u2019opposition s\u2019est poursuivie par lettre d\u2019avocats d\u00e8s ce vendredi, apr\u00e8s que le s\u00e9nateur Thomas Dossus s\u2019est interrog\u00e9 sur la r\u00e9gularit\u00e9 des sondages command\u00e9s par Jean-Michel Aulas ces derniers mois. Des sondages qui l\u2019ont\u00a0<a href=\"http:\/\/www.lefigaro.fr\/lyon\/municipales-a-lyon-un-nouveau-sondage-place-jean-michel-aulas-en-principal-opposant-des-ecologistes-20250408\" data-fig-type=\"NewsFlash\" data-gtm-custom-categorie=\"navigation\" data-gtm-custom-action=\"crossclick\" data-gtm-custom-label=\"Contextuel\" data-gtm-event=\"customEventSPE\" data-fig-domain=\"LEFIGARO\" target=\"_blank\" rel=\"noopener\">parfois plac\u00e9 parfois en t\u00eate au premier tour<\/a>.<\/p>\n","protected":false},"excerpt":{"rendered":"Apr\u00e8s avoir r\u00e9v\u00e9l\u00e9 le nom de son mouvement C\u0153ur lyonnais dans une \u00abLettre aux Lyonnais\u00bb publi\u00e9e ce jeudi,&hellip;\n","protected":false},"author":2,"featured_media":419714,"comment_status":"","ping_status":"","sticky":false,"template":"","format":"standard","meta":{"footnotes":""},"categories":[1889],"tags":[1111,11,2430,4188,1777,674,1011,27,5227,2428,12,25],"class_list":{"0":"post-419713","1":"post","2":"type-post","3":"status-publish","4":"format-standard","5":"has-post-thumbnail","7":"category-lyon","8":"tag-actu","9":"tag-actualites","10":"tag-auvergne-rhone-alpes","11":"tag-elections-municipales","12":"tag-eu","13":"tag-europe","14":"tag-fr","15":"tag-france","16":"tag-jean-michel-aulas","17":"tag-lyon","18":"tag-news","19":"tag-republique-francaise"},"share_on_mastodon":{"url":"https:\/\/pubeurope.com\/@fr\/115272418749458408","error":""},"_links":{"self":[{"href":"https:\/\/www.europesays.com\/fr\/wp-json\/wp\/v2\/posts\/419713","targetHints":{"allow":["GET"]}}],"collection":[{"href":"https:\/\/www.europesays.com\/fr\/wp-json\/wp\/v2\/posts"}],"about":[{"href":"https:\/\/www.europesays.com\/fr\/wp-json\/wp\/v2\/types\/post"}],"author":[{"embeddable":true,"href":"https:\/\/www.europesays.com\/fr\/wp-json\/wp\/v2\/users\/2"}],"replies":[{"embeddable":true,"href":"https:\/\/www.europesays.com\/fr\/wp-json\/wp\/v2\/comments?post=419713"}],"version-history":[{"count":0,"href":"https:\/\/www.europesays.com\/fr\/wp-json\/wp\/v2\/posts\/419713\/revisions"}],"wp:featuredmedia":[{"embeddable":true,"href":"https:\/\/www.europesays.com\/fr\/wp-json\/wp\/v2\/media\/419714"}],"wp:attachment":[{"href":"https:\/\/www.europesays.com\/fr\/wp-json\/wp\/v2\/media?parent=419713"}],"wp:term":[{"taxonomy":"category","embeddable":true,"href":"https:\/\/www.europesays.com\/fr\/wp-json\/wp\/v2\/categories?post=419713"},{"taxonomy":"post_tag","embeddable":true,"href":"https:\/\/www.europesays.com\/fr\/wp-json\/wp\/v2\/tags?post=419713"}],"curies":[{"name":"wp","href":"https:\/\/api.w.org\/{rel}","templated":true}]}}