{"id":419719,"date":"2025-09-26T20:14:19","date_gmt":"2025-09-26T20:14:19","guid":{"rendered":"https:\/\/www.europesays.com\/fr\/419719\/"},"modified":"2025-09-26T20:14:19","modified_gmt":"2025-09-26T20:14:19","slug":"paris-versailles-2025-parcours-participants-favoris-tout-savoir-sur-la-46e-edition-de-la-grande-classique","status":"publish","type":"post","link":"https:\/\/www.europesays.com\/fr\/419719\/","title":{"rendered":"Paris-Versailles 2025\u00a0: parcours, participants, favoris\u2026 Tout savoir sur la 46e \u00e9dition de la Grande Classique"},"content":{"rendered":"<p class=\"paragraph text_align_left lp-f-body-02\">C\u2019est l\u2019\u00e9ternel rendez-vous des amoureux de running depuis 1976. Tous les ans ou presque &#8211; la crise sanitaire a conduit \u00e0 l\u2019<a href=\"https:\/\/www.leparisien.fr\/sports\/paris-versailles-fait-son-grand-retour-ce-dimanche-24-09-2022-CMUIJNZJ2RASZLRRHOTWMCFATY.php\" target=\"_blank\" rel=\"noreferrer nofollow noopener\">annulation des \u00e9ditions en 2020 et 2021<\/a> -, 25 000 coureurs seront \u00e0 pied d\u2019\u0153uvre le dernier dimanche de septembre. Ce qui en fait l\u2019une des \u00e9preuves les plus massives en termes de participation au point de lui donner le surnom de Grande Classique.<\/p>\n<p class=\"paragraph text_align_left lp-f-body-02\">Pourquoi une telle affection pour cette course ? Sylvain Fresnel, le patron de l\u2019association qui organise l\u2019\u00e9v\u00e9nement, r\u00e9pond : \u00ab Il y a d\u00e9j\u00e0 le cadre avec un d\u00e9part au pied de la tour Eiffel et une arriv\u00e9e au ch\u00e2teau de Versailles, explique celui qui a pris les r\u00eanes de l\u2019organisation il y a quatre ans, succ\u00e9dant \u00e0 son p\u00e8re Jean-Marc d\u00e9c\u00e9d\u00e9 en 2020 alors qu\u2019il \u00e9tait \u00e0 la t\u00eate depuis 1989. Il y a aussi la distance, qui reste totalement atypique, avec un peu plus de 16 km. Cela pourrait d\u00e9courager les runners sur 10 km ou le semi. Nous, \u00e0 Paris-Versailles, on propose autre chose qu\u2019un chrono. On propose une ambiance et des \u00e9motions. \u00bb<\/p>\n<p>Un parcours immuable<\/p>\n<p class=\"paragraph text_align_left lp-f-body-02\">Comme depuis toujours, le parcours est identique d\u2019\u00e9dition en \u00e9dition. \u00ab Avant d\u2019\u00eatre dans l\u2019organisation, je l\u2019ai fait pas mal de fois jusque dans les ann\u00e9es 2000. Et c\u2019est toujours le m\u00eame itin\u00e9raire. De toute fa\u00e7on, pour rallier la tour Eiffel et le Ch\u00e2teau de Versailles, il n\u2019y a pas beaucoup de possibilit\u00e9s. \u00bb<\/p>\n<p class=\"paragraph text_align_left lp-f-body-02\">Apr\u00e8s un d\u00e9part de la tour Eiffel et quelques kilom\u00e8tres tout plats le long de la Seine, les 25 000 coureurs entreront bri\u00e8vement dans Issy-les-Moulineaux avant d\u2019attaquer <a href=\"https:\/\/www.leparisien.fr\/sports\/paris-versailles-2025-elle-casse-bien-les-pattes-comment-aborder-au-mieux-la-terrible-cote-des-gardes-26-09-2025-6JP2TVL4CNDLHM3CQEH2Z7I2DY.php\" target=\"_blank\" rel=\"noreferrer nofollow noopener\">la c\u00f4te des gardes \u00e0 Meudon<\/a> sur deux kilom\u00e8tres assez terribles avec une mont\u00e9e \u00e0 7 % de moyenne et un pic \u00e0 12 %, jusqu\u2019\u00e0 l\u2019observatoire de Meudon.<\/p>\n<p class=\"paragraph text_align_left lp-f-body-02\">Apr\u00e8s cette difficult\u00e9, c\u2019est l\u2019entr\u00e9e dans la for\u00eat domaniale de Meudon, qui fait descendre les runners jusqu\u2019\u00e0 V\u00e9lizy puis Viroflay et sa c\u00f4te du cimeti\u00e8re. Une fois arriv\u00e9 \u00e0 Versailles, l\u2019avenue de Paris conduira les concurrents jusqu\u2019au ch\u00e2teau.<\/p>\n<p><img decoding=\"async\" class=\"image \" loading=\"lazy\" src=\"https:\/\/www.europesays.com\/fr\/wp-content\/uploads\/2025\/09\/4DEUR54FDRFM7P3KRBKY2D7AKM.jpg\" alt=\"\" align=\"\" data-rubrique-principale=\"\" data-article-type=\"\" fetchpriority=\"auto\"\/><\/p>\n<p class=\"paragraph text_align_left lp-f-body-02\">\u00ab Ce qui est appr\u00e9ci\u00e9 par les coureurs, c\u2019est ce parcours qui reste immuable. Avec les ann\u00e9es, c\u2019est devenu quelque chose de mythique. De g\u00e9n\u00e9ration en g\u00e9n\u00e9ration, on \u00e9prouve l\u2019envie de le faire au moins une fois dans sa vie. \u00bb<\/p>\n<p>Des dossards qui s\u2019arrachent en un temps record<\/p>\n<p class=\"paragraph text_align_left lp-f-body-02\">D\u2019ailleurs, pour cette 46e \u00e9dition, le taux de renouvellement est de pr\u00e8s de 50 %, ainsi la moiti\u00e9 des participants d\u00e9couvriront-ils la Grande Classique. Une \u00e9preuve accessible financi\u00e8rement avec un prix d\u2019engagement relativement bas (entre 29 et 33 euros).<\/p>\n<p class=\"paragraph text_align_left lp-f-body-02\">La ferveur autour de cette course se confirme par le <a href=\"https:\/\/www.leparisien.fr\/yvelines-78\/running-les-25-000-dossards-du-paris-versailles-ne-se-sont-jamais-vendus-aussi-vite-26-04-2025-GHSRMA6KVJAPDBBNBNMHKCXMBA.php\" target=\"_blank\" rel=\"noreferrer nofollow noopener\">temps record o\u00f9 les 25 000 places se sont envol\u00e9es<\/a>. \u00ab L\u2019ouverture des places sur notre site a eu lieu le 1er mars et le 19 avril, c\u2019\u00e9tait d\u00e9j\u00e0 complet. Il n\u2019a fallu que 50 jours pour tout vendre. C\u2019est un record. Cela faisait quasiment 50 inscriptions par jour. C\u2019est \u00e9norme. Cela ne nous \u00e9tait jamais arriv\u00e9 avant. D\u2019habitude, on affiche complet fin juin. C\u2019est certainement d\u00fb \u00e0 l\u2019effet JO et \u00e0 la ferveur autour des courses \u00e0 pied. \u00bb<\/p>\n<blockquote class=\"twitter-tweet\">\n<p lang=\"fr\" dir=\"ltr\">25 000 dossards sont mis \u00e0 la vente chaque ann\u00e9e et sachez, c\u2019est une confidence, que l\u2019\u00e9dition 2025 est d\u00e9j\u00e0 historique avec un afflux d&rsquo;inscriptions in\u00e9dit : alors ne tardez plus \u00e0 vous inscrire\u2026  <a href=\"https:\/\/t.co\/trIRTAFSCf\" rel=\"nofollow\">https:\/\/t.co\/trIRTAFSCf<\/a> <a href=\"https:\/\/t.co\/mhnsiVs3cV\" rel=\"nofollow\">pic.twitter.com\/mhnsiVs3cV<\/a><\/p>\n<p>\u2014 lagrandeclassique (@lagrandeclassiq) <a href=\"https:\/\/twitter.com\/lagrandeclassiq\/status\/1912546902194745675?ref_src=twsrc%5Etfw\" rel=\"nofollow noopener\" target=\"_blank\">April 16, 2025<\/a><\/p><\/blockquote>\n<p class=\"paragraph text_align_left lp-f-body-02\">Depuis 2019, les organisateurs n\u2019offrent plus de primes pour attirer les meilleurs coureurs du monde. \u00ab On s\u2019est aper\u00e7u que cela n\u2019apportait pas grand-chose et c\u2019\u00e9tait aussi une volont\u00e9 de mettre en avant l\u2019esprit familial de la course. Au Paris-Versailles, on accepte tout le monde, quel que soit le niveau. \u00bb<\/p>\n<p>36 % de femmes au d\u00e9part<\/p>\n<p class=\"paragraph text_align_left lp-f-body-02\">Le d\u00e9part aura lieu \u00e0 partir de 10 heures. Soixante vagues de 300 coureurs par minute s\u2019\u00e9chelonneront jusqu\u2019\u00e0 11 heures. Parmi les favoris, Florian Carvalho, le champion de France du semi-marathon 2022, semble tailler pour la victoire. Chez les <a href=\"https:\/\/www.leparisien.fr\/yvelines-78\/paris-versailles-en-trente-ans-la-part-de-femmes-engagees-dans-la-course-a-double-28-09-2024-ZBWUQIQL6RHGVNO4J2DHCAUGW4.php\" target=\"_blank\" rel=\"noreferrer nofollow noopener\">femmes, qui seront 36 %<\/a> sur les 25 000 participants, M\u00e9lody Julien qui avait particip\u00e9 au marathon des Jeux \u00e0 Paris, est favorite devant Ana\u00efs Quemener, la championne de France de marathon en 2022.<\/p>\n<p class=\"paragraph text_align_left lp-f-body-02\">Une chose est s\u00fbre, les records de la course d\u00e9tenus par les Marocains Mohamed El Hachimi en 46\u203204\u2032&rsquo; en 2009 et Rkia El Moukim en 52\u203225\u2032&rsquo; en 2014 ne devraient pas \u00eatre battus.<\/p>\n<p class=\"paragraph text_align_left lp-f-body-02\">\u00ab Ce n\u2019est pas le but, sourit Sylvain Fresnel. Nous, ce qu\u2019on veut, c\u2019est que les gens s\u2019amusent et vivent un moment sympa. Nous n\u2019avons pas d\u2019autres pr\u00e9tentions. \u00bb<\/p>\n<p><script async src=\"https:\/\/platform.twitter.com\/widgets.js\" charset=\"utf-8\"><\/script><\/p>\n","protected":false},"excerpt":{"rendered":"C\u2019est l\u2019\u00e9ternel rendez-vous des amoureux de running depuis 1976. Tous les ans ou presque &#8211; la crise sanitaire&hellip;\n","protected":false},"author":2,"featured_media":419720,"comment_status":"","ping_status":"","sticky":false,"template":"","format":"standard","meta":{"footnotes":""},"categories":[1888],"tags":[1111,1928,11,1927,1777,674,1011,27,12,1926,626,1925,25,60],"class_list":{"0":"post-419719","1":"post","2":"type-post","3":"status-publish","4":"format-standard","5":"has-post-thumbnail","7":"category-paris","8":"tag-actu","9":"tag-actu-paris","10":"tag-actualites","11":"tag-actualites-paris","12":"tag-eu","13":"tag-europe","14":"tag-fr","15":"tag-france","16":"tag-news","17":"tag-news-paris","18":"tag-paris","19":"tag-paris-news","20":"tag-republique-francaise","21":"tag-sports"},"share_on_mastodon":{"url":"https:\/\/pubeurope.com\/@fr\/115272435552330198","error":""},"_links":{"self":[{"href":"https:\/\/www.europesays.com\/fr\/wp-json\/wp\/v2\/posts\/419719","targetHints":{"allow":["GET"]}}],"collection":[{"href":"https:\/\/www.europesays.com\/fr\/wp-json\/wp\/v2\/posts"}],"about":[{"href":"https:\/\/www.europesays.com\/fr\/wp-json\/wp\/v2\/types\/post"}],"author":[{"embeddable":true,"href":"https:\/\/www.europesays.com\/fr\/wp-json\/wp\/v2\/users\/2"}],"replies":[{"embeddable":true,"href":"https:\/\/www.europesays.com\/fr\/wp-json\/wp\/v2\/comments?post=419719"}],"version-history":[{"count":0,"href":"https:\/\/www.europesays.com\/fr\/wp-json\/wp\/v2\/posts\/419719\/revisions"}],"wp:featuredmedia":[{"embeddable":true,"href":"https:\/\/www.europesays.com\/fr\/wp-json\/wp\/v2\/media\/419720"}],"wp:attachment":[{"href":"https:\/\/www.europesays.com\/fr\/wp-json\/wp\/v2\/media?parent=419719"}],"wp:term":[{"taxonomy":"category","embeddable":true,"href":"https:\/\/www.europesays.com\/fr\/wp-json\/wp\/v2\/categories?post=419719"},{"taxonomy":"post_tag","embeddable":true,"href":"https:\/\/www.europesays.com\/fr\/wp-json\/wp\/v2\/tags?post=419719"}],"curies":[{"name":"wp","href":"https:\/\/api.w.org\/{rel}","templated":true}]}}