{"id":419721,"date":"2025-09-26T20:15:45","date_gmt":"2025-09-26T20:15:45","guid":{"rendered":"https:\/\/www.europesays.com\/fr\/419721\/"},"modified":"2025-09-26T20:15:45","modified_gmt":"2025-09-26T20:15:45","slug":"quinte-quinte-du-samedi-27-septembre-a-auteuil-lou-fast-confirmation-attendue","status":"publish","type":"post","link":"https:\/\/www.europesays.com\/fr\/419721\/","title":{"rendered":"Quint\u00e9+: Quint\u00e9+ du samedi 27 septembre \u00e0 Auteuil : Lou Fast, confirmation attendue"},"content":{"rendered":"<p><strong>Les partants du Quint\u00e9+ de ce samedi 27 septembre<\/strong><strong style=\"float: left;margin-left: 2%;\">PRIX GRANDLIEU<\/strong><strong style=\"float: right;margin-right: 2%;\">SAMEDI 27 SEPTEMBRE<\/strong><br \/>AUTEUIL &#8211; 3900 METRES &#8211; \u00a0<img decoding=\"async\" alt=\"picto_obstacle\" class=\"img2\" src=\"https:\/\/static.equidia.fr\/equidia\/discipline\/obstacles.svg\"\/>D\u00c9PART : 15H15<\/p>\n<tr class=\"row1\" style=\"border: thin solid #020338; width: 50%; padding: 5px; background-color: #020338; color: #FFFFFF; text-align: left; line-height: 15px;\">N\u00b0\u00a0CHEVAL\u00a0JOCKEYPOIDS\u00a0ENTRA\u00ceNEURVALEURGAINS<\/tr>\n<tr class=\"row2\" style=\"text-align: left; background-color: #FFFFFF; line-height: 15px;\">\n<td class=\"col1\" style=\"text-align: center; width: 65px;font-weight: bold;\">1<\/td>\n<td class=\"col2\"><a href=\"https:\/\/www.equidia.fr\/chevaux\/hamandio?horse_uuid=db990faf-9425-4e95-bb25-5ca3f69ec6f0\" target=\"_blank\" rel=\"noopener\">HAMANDIO<\/a><\/td>\n<td class=\"col3\">J.REVELEY<\/td>\n<td class=\"col4\">72.5 kg<\/td>\n<td class=\"col5\">N. GEORGE &amp; A. ZETTERHOLM<\/td>\n<td class=\"col6\" style=\"text-align: center;\">65.5<\/td>\n<td class=\"col7\" style=\"text-align: right;\">263442 \u20ac<\/td>\n<\/tr>\n<tr class=\"row3\" style=\"text-align: left; background-color: rgb(218, 218, 226); line-height: 15px;\">\n<td class=\"col1\" style=\"text-align: center; width: 65px;font-weight: bold;\">2<\/td>\n<td class=\"col2\"><a href=\"https:\/\/www.equidia.fr\/chevaux\/new-president?horse_uuid=6543b756-32c1-4c49-b3ef-95d7e8e6401e\" target=\"_blank\" rel=\"noopener\">NEW PRESIDENT<\/a><\/td>\n<td class=\"col3\">T.BEAURAIN<\/td>\n<td class=\"col4\">70.5 kg<\/td>\n<td class=\"col5\">F.FOUCHER<\/td>\n<td class=\"col6\" style=\"text-align: center;\">63.5<\/td>\n<td class=\"col7\" style=\"text-align: right;\">285533 \u20ac<\/td>\n<\/tr>\n<tr class=\"row2\" style=\"text-align: left; background-color: #FFFFFF; line-height: 15px;\">\n<td class=\"col1\" style=\"text-align: center; width: 65px;font-weight: bold;\">3<\/td>\n<td class=\"col2\"><a href=\"https:\/\/www.equidia.fr\/chevaux\/grand-art-2?horse_uuid=4f8d148c-3869-4f62-8ede-b234c599d003\" target=\"_blank\" rel=\"noopener\">GRAND ART<\/a><\/td>\n<td class=\"col3\">F.GILES<\/td>\n<td class=\"col4\">70.5 kg<\/td>\n<td class=\"col5\">JPH .DUBOIS<\/td>\n<td class=\"col6\" style=\"text-align: center;\">63.5<\/td>\n<td class=\"col7\" style=\"text-align: right;\">176335 \u20ac<\/td>\n<\/tr>\n<tr class=\"row3\" style=\"text-align: left; background-color: rgb(218, 218, 226); line-height: 15px;\">\n<td class=\"col1\" style=\"text-align: center; width: 65px;font-weight: bold;\">4<\/td>\n<td class=\"col2\"><a href=\"https:\/\/www.equidia.fr\/chevaux\/six-one?horse_uuid=bf7413a3-5a40-4539-b2cd-e6722dd69591\" target=\"_blank\" rel=\"noopener\">SIX ONE<\/a><\/td>\n<td class=\"col3\">A.ZULIANI<\/td>\n<td class=\"col4\">69.0 kg<\/td>\n<td class=\"col5\">F.NICOLLE<\/td>\n<td class=\"col6\" style=\"text-align: center;\">62.0<\/td>\n<td class=\"col7\" style=\"text-align: right;\">375025 \u20ac<\/td>\n<\/tr>\n<tr class=\"row2\" style=\"text-align: left; background-color: #FFFFFF; line-height: 15px;\">\n<td class=\"col1\" style=\"text-align: center; width: 65px;font-weight: bold;\">5<\/td>\n<td class=\"col2\"><a href=\"https:\/\/www.equidia.fr\/chevaux\/lou-fast?horse_uuid=0763968b-ad96-4fe0-967e-6a4f8bfd4eb2\" target=\"_blank\" rel=\"noopener\">LOU FAST<\/a><\/td>\n<td class=\"col3\">L.BRECHET<\/td>\n<td class=\"col4\">68.5 kg<\/td>\n<td class=\"col5\">ROB.COLLET (S)<\/td>\n<td class=\"col6\" style=\"text-align: center;\">61.5<\/td>\n<td class=\"col7\" style=\"text-align: right;\">371210 \u20ac<\/td>\n<\/tr>\n<tr class=\"row3\" style=\"text-align: left; background-color: rgb(218, 218, 226); line-height: 15px;\">\n<td class=\"col1\" style=\"text-align: center; width: 65px;font-weight: bold;\">6<\/td>\n<td class=\"col2\"><a href=\"https:\/\/www.equidia.fr\/chevaux\/fiction-du-berlais?horse_uuid=ba25853d-271e-49bb-b547-9108c6a46945\" target=\"_blank\" rel=\"noopener\">FICTION DU BERLAIS<\/a><\/td>\n<td class=\"col3\">J.CHARRON<\/td>\n<td class=\"col4\">68.0 kg<\/td>\n<td class=\"col5\">A.BOISBRUNET (S)<\/td>\n<td class=\"col6\" style=\"text-align: center;\">61.0<\/td>\n<td class=\"col7\" style=\"text-align: right;\">171795 \u20ac<\/td>\n<\/tr>\n<tr class=\"row2\" style=\"text-align: left; background-color: #FFFFFF; line-height: 15px;\">\n<td class=\"col1\" style=\"text-align: center; width: 65px;font-weight: bold;\">7<\/td>\n<td class=\"col2\"><a href=\"https:\/\/www.equidia.fr\/chevaux\/rock-and-roll-1?horse_uuid=7365745c-bbf9-4c6a-9463-d6c9ba36fedc\" target=\"_blank\" rel=\"noopener\">ROCK AND ROLL<\/a><\/td>\n<td class=\"col3\">B.LE CLERC<\/td>\n<td class=\"col4\">68.0 kg<\/td>\n<td class=\"col5\">M.SEROR (S)<\/td>\n<td class=\"col6\" style=\"text-align: center;\">61.0<\/td>\n<td class=\"col7\" style=\"text-align: right;\">285910 \u20ac<\/td>\n<\/tr>\n<tr class=\"row3\" style=\"text-align: left; background-color: rgb(218, 218, 226); line-height: 15px;\">\n<td class=\"col1\" style=\"text-align: center; width: 65px;font-weight: bold;\">8<\/td>\n<td class=\"col2\"><a href=\"https:\/\/www.equidia.fr\/chevaux\/reve-de-prince?horse_uuid=b9befcac-62bd-418c-8b0c-7408f093a1f7\" target=\"_blank\" rel=\"noopener\">REVE DE PRINCE<\/a><\/td>\n<td class=\"col3\">JB.BRETON<\/td>\n<td class=\"col4\">66.5 kg<\/td>\n<td class=\"col5\">JR.BRETON<\/td>\n<td class=\"col6\" style=\"text-align: center;\">59.5<\/td>\n<td class=\"col7\" style=\"text-align: right;\">294440 \u20ac<\/td>\n<\/tr>\n<tr class=\"row2\" style=\"text-align: left; background-color: #FFFFFF; line-height: 15px;\">\n<td class=\"col1\" style=\"text-align: center; width: 65px;font-weight: bold;\">9<\/td>\n<td class=\"col2\"><a href=\"https:\/\/www.equidia.fr\/chevaux\/naruto-1?horse_uuid=59d86146-0868-4133-92ad-7beb5bfb3c1f\" target=\"_blank\" rel=\"noopener\">NARUTO<\/a><\/td>\n<td class=\"col3\">K.NABET<\/td>\n<td class=\"col4\">66.5 kg<\/td>\n<td class=\"col5\">P.VOVCENKO<\/td>\n<td class=\"col6\" style=\"text-align: center;\">59.5<\/td>\n<td class=\"col7\" style=\"text-align: right;\">89770 \u20ac<\/td>\n<\/tr>\n<tr class=\"row3\" style=\"text-align: left; background-color: rgb(218, 218, 226); line-height: 15px;\">\n<td class=\"col1\" style=\"text-align: center; width: 65px;font-weight: bold;\">10<\/td>\n<td class=\"col2\"><a href=\"https:\/\/www.equidia.fr\/chevaux\/never-risk?horse_uuid=cdcbb72a-345e-402a-9d0b-61e060dc54ad\" target=\"_blank\" rel=\"noopener\">NEVER RISK<\/a><\/td>\n<td class=\"col3\">G.MEUNIER<\/td>\n<td class=\"col4\">66.0 kg<\/td>\n<td class=\"col5\">H.MERIENNE (S)<\/td>\n<td class=\"col6\" style=\"text-align: center;\">59.0<\/td>\n<td class=\"col7\" style=\"text-align: right;\">161400 \u20ac<\/td>\n<\/tr>\n<tr class=\"row2\" style=\"text-align: left; background-color: #FFFFFF; line-height: 15px;\">\n<td class=\"col1\" style=\"text-align: center; width: 65px;font-weight: bold;\">11<\/td>\n<td class=\"col2\"><a href=\"https:\/\/www.equidia.fr\/chevaux\/heraliste?horse_uuid=c8fce1bd-ad7b-4d0a-82f6-0621ef9d7679\" target=\"_blank\" rel=\"noopener\">HERALISTE<\/a><\/td>\n<td class=\"col3\">P.DUBOURG<\/td>\n<td class=\"col4\">66.0 kg<\/td>\n<td class=\"col5\">CHAILLE-CHAILLE &amp; PAMART<\/td>\n<td class=\"col6\" style=\"text-align: center;\">59.0<\/td>\n<td class=\"col7\" style=\"text-align: right;\">241380 \u20ac<\/td>\n<\/tr>\n<tr class=\"row3\" style=\"text-align: left; background-color: rgb(218, 218, 226); line-height: 15px;\">\n<td class=\"col1\" style=\"text-align: center; width: 65px;font-weight: bold;\">12<\/td>\n<td class=\"col2\"><a href=\"https:\/\/www.equidia.fr\/chevaux\/polyrisk?horse_uuid=1af47961-582f-4998-bdec-54c989fa19ed\" target=\"_blank\" rel=\"noopener\">POLYRISK<\/a><\/td>\n<td class=\"col3\">B.GELHAY<\/td>\n<td class=\"col4\">65.5 kg<\/td>\n<td class=\"col5\">F.ALLONCLE<\/td>\n<td class=\"col6\" style=\"text-align: center;\">58.5<\/td>\n<td class=\"col7\" style=\"text-align: right;\">73650 \u20ac<\/td>\n<\/tr>\n<tr class=\"row2\" style=\"text-align: left; background-color: #FFFFFF; line-height: 15px;\">\n<td class=\"col1\" style=\"text-align: center; width: 65px;font-weight: bold;\">13<\/td>\n<td class=\"col2\"><a href=\"https:\/\/www.equidia.fr\/chevaux\/igloo-igloo?horse_uuid=08b18582-dbf1-4329-9068-7c981258fb7b\" target=\"_blank\" rel=\"noopener\">IGLOO IGLOO<\/a><\/td>\n<td class=\"col3\">L.PHILIPPERON<\/td>\n<td class=\"col4\">65.0 kg<\/td>\n<td class=\"col5\">JR.BRETON<\/td>\n<td class=\"col6\" style=\"text-align: center;\">58.0<\/td>\n<td class=\"col7\" style=\"text-align: right;\">140460 \u20ac<\/td>\n<\/tr>\n<tr class=\"row3\" style=\"text-align: left; background-color: rgb(218, 218, 226); line-height: 15px;\">\n<td class=\"col1\" style=\"text-align: center; width: 65px;font-weight: bold;\">14<\/td>\n<td class=\"col2\"><a href=\"https:\/\/www.equidia.fr\/chevaux\/saint-bath?horse_uuid=918564a7-1719-4e0e-ba0d-15e574dbbe4c\" target=\"_blank\" rel=\"noopener\">SAINT BATH<\/a><\/td>\n<td class=\"col3\">T.CHEVILLARD<\/td>\n<td class=\"col4\">65.0 kg<\/td>\n<td class=\"col5\">E.GRALL (S)<\/td>\n<td class=\"col6\" style=\"text-align: center;\">58.0<\/td>\n<td class=\"col7\" style=\"text-align: right;\">95230 \u20ac<\/td>\n<\/tr>\n<tr class=\"row2\" style=\"text-align: left; background-color: #FFFFFF; line-height: 15px;\">\n<td class=\"col1\" style=\"text-align: center; width: 65px;font-weight: bold;\">15<\/td>\n<td class=\"col2\"><a href=\"https:\/\/www.equidia.fr\/chevaux\/jackson-ville?horse_uuid=6b048f24-3698-42cc-bbae-b45fae070325\" target=\"_blank\" rel=\"noopener\">JACKSON VILLE<\/a><\/td>\n<td class=\"col3\">C.LEFEBVRE<\/td>\n<td class=\"col4\">65.0 kg<\/td>\n<td class=\"col5\">J.DELAUNAY (S)<\/td>\n<td class=\"col6\" style=\"text-align: center;\">58.0<\/td>\n<td class=\"col7\" style=\"text-align: right;\">85715 \u20ac<\/td>\n<\/tr>\n<tr class=\"row3\" style=\"text-align: left; background-color: rgb(218, 218, 226); line-height: 15px;\">\n<td class=\"col1\" style=\"text-align: center; width: 65px;font-weight: bold;\">16<\/td>\n<td class=\"col2\"><a href=\"https:\/\/www.equidia.fr\/chevaux\/iyengar-de-pail?horse_uuid=6e97aae1-e2d1-4647-baaf-5ee7b6b8e99f\" target=\"_blank\" rel=\"noopener\">IYENGAR DE PAIL<\/a><\/td>\n<td class=\"col3\">R.MAYEUR<\/td>\n<td class=\"col4\">64.5 kg<\/td>\n<td class=\"col5\">E.GRALL (S)<\/td>\n<td class=\"col6\" style=\"text-align: center;\">57.5<\/td>\n<td class=\"col7\" style=\"text-align: right;\">80360 \u20ac<\/td>\n<\/tr>\n<p><strong>Les forces en pr\u00e9sence<\/strong><\/p>\n<p style=\"text-align: justify;\">Apr\u00e8s plusieurs mois d&rsquo;absence, <a href=\"https:\/\/www.equidia.fr\/chevaux\/lou-fast?horse_uuid=0763968b-ad96-4fe0-967e-6a4f8bfd4eb2\" target=\"_blank\" rel=\"noopener\">LOU FAST (5)<\/a> a trac\u00e9 une tr\u00e8s belle fin de course dans le Prix Jean Bart, l&rsquo;\u00e9preuve de r\u00e9f\u00e9rence par excellence. Avantag\u00e9 par les 300 m\u00e8tres suppl\u00e9mentaires et l&rsquo;alourdissement de la piste, il peut certainement prendre sa revanche sur <a href=\"https:\/\/www.equidia.fr\/chevaux\/rock-and-roll-1?horse_uuid=7365745c-bbf9-4c6a-9463-d6c9ba36fedc\" target=\"_blank\" rel=\"noopener\">ROCK AND ROLL (7)<\/a>, troisi\u00e8me ce jour-l\u00e0. Derri\u00e8re ces deux candidatures incontournables, il convient de retenir <a href=\"https:\/\/www.equidia.fr\/chevaux\/new-president?horse_uuid=6543b756-32c1-4c49-b3ef-95d7e8e6401e\" target=\"_blank\" rel=\"noopener\">NEW PRESIDENT (2)<\/a>, qui a pour habitude de bien courir frais. Pr\u00e9sent\u00e9 avec les \u0153ill\u00e8res classiques d&rsquo;entr\u00e9e de jeu et tr\u00e8s \u00e0 l&rsquo;aise sur ce parcours, il ralliera logiquement de nombreux suffrages. <a href=\"https:\/\/www.equidia.fr\/chevaux\/grand-art-2?horse_uuid=4f8d148c-3869-4f62-8ede-b234c599d003\" target=\"_blank\" rel=\"noopener\">GRAND ART (3)<\/a>, sur la montante apr\u00e8s une longue interruption de carri\u00e8re, <a href=\"https:\/\/www.equidia.fr\/chevaux\/fiction-du-berlais?horse_uuid=ba25853d-271e-49bb-b547-9108c6a46945\" target=\"_blank\" rel=\"noopener\">FICTION DU BERLAIS (6)<\/a>, une rentrante de qualit\u00e9, et <a href=\"https:\/\/www.equidia.fr\/chevaux\/saint-bath?horse_uuid=918564a7-1719-4e0e-ba0d-15e574dbbe4c\" target=\"_blank\" rel=\"noopener\">SAINT BATH (14)<\/a>, qui a peaufin\u00e9 sa condition en plat, sont autant de belles possibilit\u00e9s pour les places. <a href=\"https:\/\/www.equidia.fr\/chevaux\/polyrisk?horse_uuid=1af47961-582f-4998-bdec-54c989fa19ed\" target=\"_blank\" rel=\"noopener\">POLYRISK (12)<\/a>, remarqu\u00e9 dans la course cl\u00e9 (6e), a les moyens de se m\u00ealer \u00e0 la lutte, tout comme <a href=\"https:\/\/www.equidia.fr\/chevaux\/six-one?horse_uuid=bf7413a3-5a40-4539-b2cd-e6722dd69591\" target=\"_blank\" rel=\"noopener\">SIX ONE (4)<\/a>, dont la performance du 9 septembre est meilleure que ne l&rsquo;indique le classement brut (8e).<\/p>\n<p><strong>Le prono de Micka\u00ebl AFRIAT<\/strong><\/p>\n<tr cellpadding=\"0\" cellspacing=\"10\" class=\"row5\" style=\"text-align: left; background-color: #FFFFFF; font-size: 130%;\">\n<td style=\"text-align: center;\">5<\/td>\n<td style=\"text-align: center;\">7<\/td>\n<td style=\"text-align: center;\">2<\/td>\n<td style=\"text-align: center;\">3<\/td>\n<td style=\"text-align: center;\">6<\/td>\n<td style=\"text-align: center;\">14<\/td>\n<td style=\"text-align: center;\">12<\/td>\n<td style=\"text-align: center;\">4<\/td>\n<\/tr>\n<tr class=\"row6\" style=\"text-align: center; background-color: #FFFFFF; column-width: 6rem;\">\n<td class=\"col5\"><img decoding=\"async\" alt=\"casaque_LOU FAST\" class=\"cas\" src=\"https:\/\/www.europesays.com\/fr\/wp-content\/uploads\/2025\/09\/20250927-r1c3p5-png.png\" style=\" width: 70%;\"\/><\/p>\n<p class=\"col10\" style=\"font-size: x-small; line-height: 11px;;\">LOU FAST<\/p>\n<\/td>\n<td class=\"col7\"><img decoding=\"async\" alt=\"casaque_ROCK AND ROLL\" class=\"cas\" src=\"https:\/\/www.europesays.com\/fr\/wp-content\/uploads\/2025\/09\/20250927-r1c3p7-png.png\" style=\" width: 70%;\"\/><\/p>\n<p class=\"col10\" style=\"font-size: x-small; line-height: 11px;;\">ROCK AND ROLL<\/p>\n<\/td>\n<td class=\"col2\"><img decoding=\"async\" alt=\"casaque_NEW PRESIDENT\" class=\"cas\" src=\"https:\/\/www.europesays.com\/fr\/wp-content\/uploads\/2025\/09\/20250927-r1c3p2-png.png\" style=\" width: 70%;\"\/><\/p>\n<p class=\"col10\" style=\"font-size: x-small; line-height: 11px;;\">NEW PRESIDENT<\/p>\n<\/td>\n<td class=\"col3\"><img decoding=\"async\" alt=\"casaque_GRAND ART\" class=\"cas\" src=\"https:\/\/www.europesays.com\/fr\/wp-content\/uploads\/2025\/09\/20250927-r1c3p3-png.png\" style=\" width: 70%;\"\/><\/p>\n<p class=\"col10\" style=\"font-size: x-small; line-height: 11px;;\">GRAND ART<\/p>\n<\/td>\n<td class=\"col6\"><img decoding=\"async\" alt=\"casaque_FICTION DU BERLAIS\" class=\"cas\" src=\"https:\/\/www.europesays.com\/fr\/wp-content\/uploads\/2025\/09\/20250927-r1c3p6-png.png\" style=\" width: 70%;\"\/><\/p>\n<p class=\"col10\" style=\"font-size: x-small; line-height: 11px;;\">FICTION DU BERLAIS<\/p>\n<\/td>\n<td class=\"col14\"><img decoding=\"async\" alt=\"casaque_SAINT BATH\" class=\"cas\" src=\"https:\/\/www.europesays.com\/fr\/wp-content\/uploads\/2025\/09\/20250927-r1c3p14-png.png\" style=\" width: 70%;\"\/><\/p>\n<p class=\"col10\" style=\"font-size: x-small; line-height: 11px;;\">SAINT BATH<\/p>\n<\/td>\n<td class=\"col12\"><img decoding=\"async\" alt=\"casaque_POLYRISK\" class=\"cas\" src=\"https:\/\/www.europesays.com\/fr\/wp-content\/uploads\/2025\/09\/20250927-r1c3p12-png.png\" style=\" width: 70%;\"\/><\/p>\n<p class=\"col10\" style=\"font-size: x-small; line-height: 11px;;\">POLYRISK<\/p>\n<\/td>\n<td class=\"col4\"><img decoding=\"async\" alt=\"casaque_SIX ONE\" class=\"cas\" src=\"https:\/\/www.europesays.com\/fr\/wp-content\/uploads\/2025\/09\/20250927-r1c3p4-png.png\" style=\" width: 70%;\"\/><\/p>\n<p class=\"col10\" style=\"font-size: x-small; line-height: 11px;;\">SIX ONE<\/p>\n<\/td>\n<\/tr>\n<p><a href=\"https:\/\/servedby.revive-adserver.net\/ck.php?n=a3265498&amp;cb=1234\" target=\"_blank\" rel=\"noopener\"><img decoding=\"async\" alt=\"\" border=\"0\" src=\"https:\/\/www.europesays.com\/fr\/wp-content\/uploads\/2025\/09\/1758917726_660_avw\"\/><\/a><\/p>\n<p><strong>Les partants en d\u00e9tail (par M. AFRIAT) et l&rsquo;avis des pros (par M. BERTELLA)<\/strong><\/p>\n<p id=\"ch_HAMANDIO\" style=\"margin-bottom: 1%;\"><a href=\"https:\/\/www.equidia.fr\/chevaux\/hamandio?horse_uuid=db990faf-9425-4e95-bb25-5ca3f69ec6f0\" target=\"_blank\" rel=\"noopener\">1 &#8211; \u00a0<img decoding=\"async\" alt=\"casaque_HAMANDIO\" src=\"https:\/\/www.europesays.com\/fr\/wp-content\/uploads\/2025\/09\/20250927-r1c3p1-png.png\" style=\"width: 4.5%; margin :0; vertical-align : middle;\"\/>\u00a0\u00a0HAMANDIO<\/a><\/p>\n<p style=\"text-align: justify;\">Estim\u00e9 en valeur 50,5 il y a tout juste un an, ce hongre de 8 ans a accompli d&rsquo;\u00e9normes progr\u00e8s depuis qu&rsquo;il a rejoint l&rsquo;effectif de No\u00ebl George et Amanda Zetterholm. Il a brillamment remport\u00e9 la course cl\u00e9 du 9 septembre, mais sa t\u00e2che se complique s\u00e9rieusement avec neuf livres de surcharge. Enorme regret.<\/p>\n<p><strong>Noel George, entra\u00eeneur : <\/strong><\/p>\n<p style=\"text-align: justify;\">\u00ab Hamandio (1) s&rsquo;est pleinement r\u00e9v\u00e9l\u00e9 depuis son arriv\u00e9e \u00e0 l&rsquo;\u00e9curie. Il a remport\u00e9 quatre handicaps, dont un Quint\u00e9+ r\u00e9cemment. Il adore les haies d&rsquo;Auteuil et James Reveley s&rsquo;entend parfaitement avec lui. Certes, il a \u00e9t\u00e9 fortement p\u00e9nalis\u00e9 apr\u00e8s son dernier succ\u00e8s, mais c&rsquo;est un cheval porteur. Il est tr\u00e8s facile et s&rsquo;adapte \u00e0 tout, mais le plus important est qu&rsquo;il affectionne vraiment cette piste. Le lot est similaire \u00e0 la derni\u00e8re fois et je pense qu&rsquo;il a encore une premi\u00e8re chance \u00e0 d\u00e9fendre. \u00bb<\/p>\n<p id=\"ch_NEW PRESIDENT\" style=\"margin-bottom: 1%;\"><a href=\"https:\/\/www.equidia.fr\/chevaux\/new-president?horse_uuid=6543b756-32c1-4c49-b3ef-95d7e8e6401e\" target=\"_blank\" rel=\"noopener\">2 &#8211; \u00a0<img decoding=\"async\" alt=\"casaque_NEW PRESIDENT\" src=\"https:\/\/www.europesays.com\/fr\/wp-content\/uploads\/2025\/09\/1758917729_760_20250927-r1c3p2-png.png\" style=\"width: 4.5%; margin :0; vertical-align : middle;\"\/>\u00a0\u00a0NEW PRESIDENT<\/a><\/p>\n<p style=\"text-align: justify;\">Absent depuis son \u00e9chec dans la Grande Course de Haies de Printemps (9e), le 26 avril, ce prot\u00e9g\u00e9 de Fabrice Foucher a pour habitude de bien courir frais. Il n&rsquo;a jamais d\u00e9\u00e7u sur ce parcours (deux succ\u00e8s et autant de deuxi\u00e8mes places en quatre sorties) et doit \u00eatre suivi en confiance d&rsquo;entr\u00e9e de jeu.<\/p>\n<p><strong>Fabrice Foucher, entra\u00eeneur : <\/strong><\/p>\n<p style=\"text-align: justify;\">\u00ab New President (2) est en forme et a bien travaill\u00e9 en vue de cette rentr\u00e9e. Il reste comp\u00e9titif \u00e0 ce niveau. Avec lui, tout d\u00e9pend surtout du terrain : plus la piste sera lourde, mieux ce sera pour ses aptitudes. Lors de sa derni\u00e8re sortie \u00e0 Auteuil, le rythme \u00e9tait un peu plus \u00e9lev\u00e9 et la piste avait pas mal s\u00e9ch\u00e9, ce qui ne lui avait pas convenu. \u00bb<\/p>\n<p id=\"ch_GRAND ART\" style=\"margin-bottom: 1%;\"><a href=\"https:\/\/www.equidia.fr\/chevaux\/grand-art-2?horse_uuid=4f8d148c-3869-4f62-8ede-b234c599d003\" target=\"_blank\" rel=\"noopener\">3 &#8211; \u00a0<img decoding=\"async\" alt=\"casaque_GRAND ART\" src=\"https:\/\/www.europesays.com\/fr\/wp-content\/uploads\/2025\/09\/1758917730_878_20250927-r1c3p3-png.png\" style=\"width: 4.5%; margin :0; vertical-align : middle;\"\/>\u00a0\u00a0GRAND ART<\/a><\/p>\n<p style=\"text-align: justify;\">Ce repr\u00e9sentant de l&rsquo;\u00c9curie Victoria Dreams a d\u00e9sormais quatre parcours dans les jambes apr\u00e8s trois ans d&rsquo;absence. Son niveau actuel est difficile \u00e0 \u00e9valuer, mais son ultime prestation \u00e0 Dieppe est tr\u00e8s encourageante. Jug\u00e9 sur ce qu&rsquo;il a fait de mieux, il d\u00e9tient une premi\u00e8re chance.<\/p>\n<p><strong>Jean-Philippe Dubois, entra\u00eeneur : <\/strong><\/p>\n<p style=\"text-align: justify;\">\u00ab Grand Art (3) retrouve gentiment tous ses moyens apr\u00e8s avoir longtemps \u00e9t\u00e9 \u00e9cart\u00e9 de la comp\u00e9tition. Son retour en haies derni\u00e8rement, sur l&rsquo;hippodrome de Dieppe, s&rsquo;est av\u00e9r\u00e9 encourageant. Les conditions de samedi devraient lui plaire, d&rsquo;autant qu&rsquo;il adore Auteuil. J&rsquo;esp\u00e8re qu&rsquo;il pourra confirmer son retour en forme. \u00bb<\/p>\n<p id=\"ch_SIX ONE\" style=\"margin-bottom: 1%;\"><a href=\"https:\/\/www.equidia.fr\/chevaux\/six-one?horse_uuid=bf7413a3-5a40-4539-b2cd-e6722dd69591\" target=\"_blank\" rel=\"noopener\">4 &#8211; \u00a0<img decoding=\"async\" alt=\"casaque_SIX ONE\" src=\"https:\/\/www.europesays.com\/fr\/wp-content\/uploads\/2025\/09\/1758917731_495_20250927-r1c3p4-png.png\" style=\"width: 4.5%; margin :0; vertical-align : middle;\"\/>\u00a0\u00a0SIX ONE<\/a><\/p>\n<p style=\"text-align: justify;\">Apr\u00e8s deux belles prestations sur l&rsquo;hippodrome de Clairefontaine, il a mieux couru que ne l&rsquo;indique le classement brut (8e) \u00e0 l&rsquo;occasion de son retour \u00e0 Auteuil. Les 300 m\u00e8tres suppl\u00e9mentaires ainsi que la piste collante ne vont pas le d\u00e9ranger. Plac\u00e9 potentiel.<\/p>\n<p><strong>Fran\u00e7ois Nicolle, entra\u00eeneur : <\/strong><\/p>\n<p style=\"text-align: justify;\">\u00ab Six One (4) est en forme, mais il est malheureusement pris trop haut sur l&rsquo;\u00e9chelle des valeurs. Au vu de sa condition, nous allons quand m\u00eame essayer d&rsquo;accrocher une place, mais je pense qu&rsquo;on ne peut pas faire mieux. \u00bb<\/p>\n<p id=\"ch_LOU FAST\" style=\"margin-bottom: 1%;\"><a href=\"https:\/\/www.equidia.fr\/chevaux\/lou-fast?horse_uuid=0763968b-ad96-4fe0-967e-6a4f8bfd4eb2\" target=\"_blank\" rel=\"noopener\">5 &#8211; \u00a0<img decoding=\"async\" alt=\"casaque_LOU FAST\" src=\"https:\/\/www.europesays.com\/fr\/wp-content\/uploads\/2025\/09\/1758917732_17_20250927-r1c3p5-png.png\" style=\"width: 4.5%; margin :0; vertical-align : middle;\"\/>\u00a0\u00a0LOU FAST<\/a><\/p>\n<p style=\"text-align: justify;\">Cet \u00e9l\u00e8ve de Robert Collet a sign\u00e9 une rentr\u00e9e pleine de promesses dans la course cl\u00e9 (4e). Il est comp\u00e9titif \u00e0 ce poids et sera grandement avantag\u00e9 par l&rsquo;alourdissement de la piste. Son retour sur 3 900 m\u00e8tres se pr\u00e9sente sous de favorables auspices.<\/p>\n<p><strong>L\u00e9o-Paul Br\u00e9chet, jockey : <\/strong><\/p>\n<p style=\"text-align: justify;\">\u00ab Lou Fast (5) a r\u00e9alis\u00e9 une bonne rentr\u00e9e derni\u00e8rement sur cette piste. Il devrait progresser sur cette course et l&rsquo;allongement de la distance jouera en sa faveur. J&rsquo;attends une confirmation de sa part. \u00bb<\/p>\n<p id=\"ch_FICTION DU BERLAIS\" style=\"margin-bottom: 1%;\"><a href=\"https:\/\/www.equidia.fr\/chevaux\/fiction-du-berlais?horse_uuid=ba25853d-271e-49bb-b547-9108c6a46945\" target=\"_blank\" rel=\"noopener\">6 &#8211; \u00a0<img decoding=\"async\" alt=\"casaque_FICTION DU BERLAIS\" src=\"https:\/\/www.europesays.com\/fr\/wp-content\/uploads\/2025\/09\/1758917733_773_20250927-r1c3p6-png.png\" style=\"width: 4.5%; margin :0; vertical-align : middle;\"\/>\u00a0\u00a0FICTION DU BERLAIS<\/a><\/p>\n<p style=\"text-align: justify;\">Cette fille de Masked Marvel a accompli d&rsquo;\u00e9normes progr\u00e8s durant le premier semestre, ponctuant celui-ci par un \u00e9clatant succ\u00e8s dans le Prix Hardatit. Elle doit faire ses preuves en valeur 61, mais elle court bien fra\u00eeche et appr\u00e9cie les pistes p\u00e9nibles. A retenir.<\/p>\n<p><strong>Augustin Adeline de Boisbrunet, entra\u00eeneur : <\/strong><\/p>\n<p style=\"text-align: justify;\">\u00ab Fiction du Berlais (6) a du travail derri\u00e8re elle. Elle est en forme et pr\u00eate pour sa rentr\u00e9e. Elle reste sur une victoire de Quint\u00e9+ et doit d\u00e9sormais composer avec une surcharge, mais je trouve qu&rsquo;elle est encore bien plac\u00e9e au poids. Elle a trois courses \u00e0 disputer ces prochaines semaines et peut entamer sa campagne automnale par une belle place. \u00bb<\/p>\n<p id=\"ch_ROCK AND ROLL\" style=\"margin-bottom: 1%;\"><a href=\"https:\/\/www.equidia.fr\/chevaux\/rock-and-roll-1?horse_uuid=7365745c-bbf9-4c6a-9463-d6c9ba36fedc\" target=\"_blank\" rel=\"noopener\">7 &#8211; \u00a0<img decoding=\"async\" alt=\"casaque_ROCK AND ROLL\" src=\"https:\/\/www.europesays.com\/fr\/wp-content\/uploads\/2025\/09\/1758917733_550_20250927-r1c3p7-png.png\" style=\"width: 4.5%; margin :0; vertical-align : middle;\"\/>\u00a0\u00a0ROCK AND ROLL<\/a><\/p>\n<p style=\"text-align: justify;\">Ce bon finisseur s&rsquo;est fort bien comport\u00e9 dans l&rsquo;\u00e9preuve de r\u00e9f\u00e9rence (3e) et devrait afficher de nouveaux progr\u00e8s ce samedi. Laur\u00e9at d&rsquo;un \u00e9v\u00e9nement similaire l&rsquo;an dernier, \u00e0 pareille \u00e9poque, il fait logiquement partie des candidats au podium.<\/p>\n<p><strong>Micka\u00ebl Seror, entra\u00eeneur : <\/strong><\/p>\n<p style=\"text-align: justify;\">\u00ab Rock and Roll (7) est en pleine forme et nous abordons ce Quint\u00e9+ avec des ambitions. Il est vrai qu&rsquo;il est un peu moins performant en terrain tr\u00e8s souple, mais il a d\u00e9j\u00e0 bien couru dans ces conditions. Le terrain ne sera pas non plus lourd, comme on peut parfois le trouver en novembre. Logiquement, il devrait \u00eatre dans l&rsquo;arriv\u00e9e. \u00bb<\/p>\n<p id=\"ch_REVE DE PRINCE\" style=\"margin-bottom: 1%;\"><a href=\"https:\/\/www.equidia.fr\/chevaux\/reve-de-prince?horse_uuid=b9befcac-62bd-418c-8b0c-7408f093a1f7\" target=\"_blank\" rel=\"noopener\">8 &#8211; \u00a0<img decoding=\"async\" alt=\"casaque_REVE DE PRINCE\" src=\"https:\/\/www.europesays.com\/fr\/wp-content\/uploads\/2025\/09\/20250927-r1c3p8-png.png\" style=\"width: 4.5%; margin :0; vertical-align : middle;\"\/>\u00a0\u00a0REVE DE PRINCE<\/a><\/p>\n<p style=\"text-align: justify;\">Ce laur\u00e9at de Quint\u00e9+ s&rsquo;est montr\u00e9 convaincant en d\u00e9but d&rsquo;ann\u00e9e, notamment sur ce parcours, avant de conna\u00eetre un coup d&rsquo;arr\u00eat le 18 mai (12e). Il est absent depuis mais s&rsquo;\u00e9tait class\u00e9 quatri\u00e8me de l&rsquo;\u00e9dition 2024, alors qu&rsquo;il effectuait d\u00e9j\u00e0 sa r\u00e9apparition. Malgr\u00e9 une valeur assez \u00e9lev\u00e9e, il n&rsquo;est pas hors du coup.<\/p>\n<p><strong>Jean-Raymond Breton, entra\u00eeneur : <\/strong><\/p>\n<p style=\"text-align: justify;\">\u00ab R\u00eave de Prince (8) \u00e9tait un peu \u00e9mouss\u00e9 apr\u00e8s sa derni\u00e8re sortie \u00e0 Auteuil, nous lui avons donc accord\u00e9 un break. Nous aurions d\u00fb le laisser tranquille apr\u00e8s sa quatri\u00e8me place, car les Quint\u00e9+ restent des courses difficiles. Il est revenu en pleine forme. Mentalement et physiquement, il me para\u00eet bien, mais il aura besoin d&rsquo;une course pour retrouver le rythme. Il a d\u00e9j\u00e0 perform\u00e9 avec de la fra\u00eecheur, mais le lot tient la route et il va rencontrer des chevaux plus pr\u00eats que lui. \u00bb<\/p>\n<p id=\"ch_NARUTO\" style=\"margin-bottom: 1%;\"><a href=\"https:\/\/www.equidia.fr\/chevaux\/naruto-1?horse_uuid=59d86146-0868-4133-92ad-7beb5bfb3c1f\" target=\"_blank\" rel=\"noopener\">9 &#8211; \u00a0<img decoding=\"async\" alt=\"casaque_NARUTO\" src=\"https:\/\/www.europesays.com\/fr\/wp-content\/uploads\/2025\/09\/20250927-r1c3p9-png.png\" style=\"width: 4.5%; margin :0; vertical-align : middle;\"\/>\u00a0\u00a0NARUTO<\/a><\/p>\n<p style=\"text-align: justify;\">M\u00eame s&rsquo;il n&rsquo;a pas tr\u00e8s bien saut\u00e9, ce sujet r\u00e9gulier s&rsquo;est fort bien d\u00e9fendu dans l&rsquo;\u00e9preuve de r\u00e9f\u00e9rence (5e), montrant ainsi sa comp\u00e9titivit\u00e9 en valeur 59,5. Les 300 m\u00e8tres suppl\u00e9mentaires ne devraient pas le d\u00e9ranger, mais quid du terrain collant ? Du pour et du contre.<\/p>\n<p><strong>Pavel Vovcenko, entra\u00eeneur : <\/strong><\/p>\n<p style=\"text-align: justify;\">\u00ab C&rsquo;\u00e9tait un test pour Naruto (9) derni\u00e8rement \u00e0 Auteuil, face \u00e0 ce qui \u00e9tait sans doute la course la plus difficile de sa carri\u00e8re. Il s&rsquo;est tr\u00e8s bien d\u00e9fendu, malgr\u00e9 une grosse faute en face qui lui a co\u00fbt\u00e9 une meilleure place. Le lot est similaire, donc j&rsquo;esp\u00e8re que tout se passera bien. \u00bb<\/p>\n<p id=\"ch_NEVER RISK\" style=\"margin-bottom: 1%;\"><a href=\"https:\/\/www.equidia.fr\/chevaux\/never-risk?horse_uuid=cdcbb72a-345e-402a-9d0b-61e060dc54ad\" target=\"_blank\" rel=\"noopener\">10 &#8211; \u00a0<img decoding=\"async\" alt=\"casaque_NEVER RISK\" src=\"https:\/\/www.europesays.com\/fr\/wp-content\/uploads\/2025\/09\/20250927-r1c3p10-png.png\" style=\"width: 4.5%; margin :0; vertical-align : middle;\"\/>\u00a0\u00a0NEVER RISK<\/a><\/p>\n<p style=\"text-align: justify;\">Ce pensionnaire d&rsquo;Hugo M\u00e9rienne n&rsquo;a pu faire mieux que neuvi\u00e8me dans l&rsquo;\u00e9preuve de r\u00e9f\u00e9rence. Il a glan\u00e9 ses meilleurs titres sur des pistes coulantes, comme celles de Pau et Clairefontaine, mais la piste collante va grandement l&rsquo;avantager. Pour la quatri\u00e8me ou cinqui\u00e8me place.<\/p>\n<p><strong>Hugo M\u00e9rienne, entra\u00eeneur : <\/strong><\/p>\n<p style=\"text-align: justify;\">\u00ab On retente le coup dans un handicap \u00e0 Auteuil avec Never Risk (10). Il est \u00e0 sa valeur, mais il n&rsquo;a pas beaucoup de marge de man\u0153uvre. Il peut se montrer comp\u00e9titif, mais il n&rsquo;a jamais vraiment perform\u00e9 sur cette piste. Je ne sais pas trop quoi penser de sa derni\u00e8re sortie. Nous allons essayer de le monter un peu moins offensivement cette fois. \u00bb<\/p>\n<p id=\"ch_HERALISTE\" style=\"margin-bottom: 1%;\"><a href=\"https:\/\/www.equidia.fr\/chevaux\/heraliste?horse_uuid=c8fce1bd-ad7b-4d0a-82f6-0621ef9d7679\" target=\"_blank\" rel=\"noopener\">11 &#8211; \u00a0<img decoding=\"async\" alt=\"casaque_HERALISTE\" src=\"https:\/\/www.europesays.com\/fr\/wp-content\/uploads\/2025\/09\/20250927-r1c3p11-png.png\" style=\"width: 4.5%; margin :0; vertical-align : middle;\"\/>\u00a0\u00a0HERALISTE<\/a><\/p>\n<p style=\"text-align: justify;\">Ce fils de Lord du Sud est absent depuis son excellent accessit du 31 mai, mais il a d\u00e9j\u00e0 bien couru sur sa fra\u00eecheur. Cela dit, il ne sera pas muni de peaux de mouton, artifice avec lequel il excelle. D\u00e8s lors, nous lui pr\u00e9f\u00e9rons d&rsquo;autres protagonistes.<\/p>\n<p><strong>L&rsquo;avis du reporter : <\/strong><\/p>\n<p style=\"text-align: justify;\">\u00ab H\u00e9raliste (11) n&rsquo;a pas \u00e9t\u00e9 revu en comp\u00e9tition depuis sa deuxi\u00e8me place dans le Quint\u00e9+ du 31 mai dernier \u00e0 Auteuil. Nous n&rsquo;avons pas d&rsquo;indications sur son \u00e9tat de forme ni sur sa pr\u00e9paration, mais, jug\u00e9 sur cette performance, il a sa place dans les cinq premiers. \u00bb<\/p>\n<p id=\"ch_POLYRISK\" style=\"margin-bottom: 1%;\"><a href=\"https:\/\/www.equidia.fr\/chevaux\/polyrisk?horse_uuid=1af47961-582f-4998-bdec-54c989fa19ed\" target=\"_blank\" rel=\"noopener\">12 &#8211; \u00a0<img decoding=\"async\" alt=\"casaque_POLYRISK\" src=\"https:\/\/www.europesays.com\/fr\/wp-content\/uploads\/2025\/09\/1758917737_540_20250927-r1c3p12-png.png\" style=\"width: 4.5%; margin :0; vertical-align : middle;\"\/>\u00a0\u00a0POLYRISK<\/a><\/p>\n<p style=\"text-align: justify;\">Alors qu&rsquo;il \u00e9tait annonc\u00e9 \u00e0 court de condition par son mentor, Francis Alloncle, il a failli int\u00e9grer la combinaison gagnante dans l&rsquo;\u00e9preuve cl\u00e9 (6e). Des progr\u00e8s sont logiquement attendus et l&rsquo;\u00e9tat de la piste devrait lui convenir. Gare \u00e0 lui !<\/p>\n<p><strong>Francis Alloncle, entra\u00eeneur : <\/strong><\/p>\n<p style=\"text-align: justify;\">\u00ab Polyrisk (12) a effectu\u00e9 une rentr\u00e9e correcte. Il n&rsquo;a pas eu un parcours optimal ce jour-l\u00e0, mais il a tout de m\u00eame fini de tr\u00e8s plaisante mani\u00e8re. Il n&rsquo;avait pas \u00e9t\u00e9 sp\u00e9cialement aff\u00fbt\u00e9 pour cette course, donc il devrait afficher des progr\u00e8s ce samedi. Si tout se passe bien, il devrait pouvoir figurer \u00e0 l&rsquo;arriv\u00e9e du Quint\u00e9+. \u00bb<\/p>\n<p id=\"ch_IGLOO IGLOO\" style=\"margin-bottom: 1%;\"><a href=\"https:\/\/www.equidia.fr\/chevaux\/igloo-igloo?horse_uuid=08b18582-dbf1-4329-9068-7c981258fb7b\" target=\"_blank\" rel=\"noopener\">13 &#8211; \u00a0<img decoding=\"async\" alt=\"casaque_IGLOO IGLOO\" src=\"https:\/\/www.europesays.com\/fr\/wp-content\/uploads\/2025\/09\/20250927-r1c3p13-png.png\" style=\"width: 4.5%; margin :0; vertical-align : middle;\"\/>\u00a0\u00a0IGLOO IGLOO<\/a><\/p>\n<p style=\"text-align: justify;\">\u00c9patant durant l&rsquo;hiver 2024\/2025 \u00e0 Cagnes-sur-Mer, ce fils de G\u00e9mix a ensuite profit\u00e9 de sa condition avanc\u00e9e pour se distinguer \u00e0 Auteuil. Il effectue sa rentr\u00e9e ce samedi et n&rsquo;a aucune marge \u00e0 cette valeur. M\u00eame s&rsquo;il affectionne les pistes p\u00e9nibles, d&rsquo;autres protagonistes lui sont pr\u00e9f\u00e9rables.<\/p>\n<p><strong>Jean-Raymond Breton, entra\u00eeneur : <\/strong><\/p>\n<p style=\"text-align: justify;\">\u00ab Igloo Igloo (13) va effectuer sa rentr\u00e9e, mais il se pr\u00e9pare un peu plus vite \u00e0 l&rsquo;entra\u00eenement que R\u00eave de Prince (8). Il n&rsquo;a pas de marge au poids, mais il est tr\u00e8s g\u00e9n\u00e9reux et donne tout ce qu&rsquo;il peut. Le jour o\u00f9 tout se passera bien, il pourra gagner un Quint\u00e9+. Pour le moment, il doit se contenter des petites places. \u00bb<\/p>\n<p id=\"ch_SAINT BATH\" style=\"margin-bottom: 1%;\"><a href=\"https:\/\/www.equidia.fr\/chevaux\/saint-bath?horse_uuid=918564a7-1719-4e0e-ba0d-15e574dbbe4c\" target=\"_blank\" rel=\"noopener\">14 &#8211; \u00a0<img decoding=\"async\" alt=\"casaque_SAINT BATH\" src=\"https:\/\/www.europesays.com\/fr\/wp-content\/uploads\/2025\/09\/1758917739_3_20250927-r1c3p14-png.png\" style=\"width: 4.5%; margin :0; vertical-align : middle;\"\/>\u00a0\u00a0SAINT BATH<\/a><\/p>\n<p style=\"text-align: justify;\">Apr\u00e8s un d\u00e9but de carri\u00e8re en demi-teinte, il s&rsquo;est pleinement r\u00e9v\u00e9l\u00e9 en fin d&rsquo;ann\u00e9e 2024 sur les haies d&rsquo;Auteuil. Il a sign\u00e9 une bonne rentr\u00e9e en plat et n&rsquo;a certainement pas fini de progresser. M\u00eame s&rsquo;il doit faire ses preuves \u00e0 une telle valeur, il constitue un excellent coup de poker.<\/p>\n<p><strong>Erwan Grall, entra\u00eeneur : <\/strong><\/p>\n<p style=\"text-align: justify;\">\u00ab Saint Bath (14) va effectuer sa rentr\u00e9e sur les haies apr\u00e8s une bonne reprise de contact en plat. Le cheval est en forme et le parcours va lui convenir, mais il manquera sans doute de condition pour \u00eatre vraiment comp\u00e9titif. Il peut accrocher une place en fin de combinaison, mais il aura besoin de courir encore une fois. \u00bb<\/p>\n<p id=\"ch_JACKSON VILLE\" style=\"margin-bottom: 1%;\"><a href=\"https:\/\/www.equidia.fr\/chevaux\/jackson-ville?horse_uuid=6b048f24-3698-42cc-bbae-b45fae070325\" target=\"_blank\" rel=\"noopener\">15 &#8211; \u00a0<img decoding=\"async\" alt=\"casaque_JACKSON VILLE\" src=\"https:\/\/www.europesays.com\/fr\/wp-content\/uploads\/2025\/09\/20250927-r1c3p15-png.png\" style=\"width: 4.5%; margin :0; vertical-align : middle;\"\/>\u00a0\u00a0JACKSON VILLE<\/a><\/p>\n<p style=\"text-align: justify;\">Apr\u00e8s avoir d\u00e9bloqu\u00e9 son compteur en obstacles le 21 ao\u00fbt \u00e0 Ch\u00e2teaubriant, cet AQPS a remis le couvert dix-neuf jours plus tard \u00e0 Auteuil. Les peaux de mouton lui ont visiblement fait le plus grand bien, mais il s&rsquo;attaque \u00e0 bien plus forte partie cette fois. Second choix.<\/p>\n<p><strong>J\u00e9r\u00f4me Delaunay, entra\u00eeneur : <\/strong><\/p>\n<p style=\"text-align: justify;\">\u00ab Jackson Ville (15) a \u00e9t\u00e9 p\u00e9nalis\u00e9 au poids apr\u00e8s sa victoire \u00e0 Auteuil, ce qui rend la t\u00e2che plus difficile. Toutefois, le cheval est rest\u00e9 en excellente forme et les conditions vont \u00eatre \u00e0 son avantage. L&rsquo;allongement de la distance et l&rsquo;assouplissement du terrain seront des atouts. Je pense qu&rsquo;il peut bien courir \u00e0 ce niveau. \u00bb<\/p>\n<p id=\"ch_IYENGAR DE PAIL\" style=\"margin-bottom: 1%;\"><a href=\"https:\/\/www.equidia.fr\/chevaux\/iyengar-de-pail?horse_uuid=6e97aae1-e2d1-4647-baaf-5ee7b6b8e99f\" target=\"_blank\" rel=\"noopener\">16 &#8211; \u00a0<img decoding=\"async\" alt=\"casaque_IYENGAR DE PAIL\" src=\"https:\/\/www.europesays.com\/fr\/wp-content\/uploads\/2025\/09\/20250927-r1c3p16-png.png\" style=\"width: 4.5%; margin :0; vertical-align : middle;\"\/>\u00a0\u00a0IYENGAR DE PAIL<\/a><\/p>\n<p style=\"text-align: justify;\">Convaincant en fin d&rsquo;ann\u00e9e 2023, il a ensuite connu une longue interruption de carri\u00e8re. Il a d\u00e9sormais trois parcours dans les jambes et son retour \u00e0 Auteuil, sous 71,5 kilos, n&rsquo;est absolument pas mauvais (9e). Pas impossible.<\/p>\n<p><strong>Erwan Grall, entra\u00eeneur : <\/strong><\/p>\n<p style=\"text-align: justify;\">\u00ab Iyengar de Pail (16) a r\u00e9alis\u00e9 une rentr\u00e9e satisfaisante derni\u00e8rement \u00e0 Auteuil, sur une distance trop courte pour ses aptitudes et un terrain trop rapide pour lui. Il a tout de m\u00eame \u00e9t\u00e9 capable de prolonger son effort jusqu&rsquo;au poteau. Il est mont\u00e9 en condition et arrive \u00e0 100% sur cet \u00e9v\u00e9nement. L&rsquo;assouplissement du terrain et l&rsquo;allongement de la distance joueront en sa faveur. Sa place est dans le Quint\u00e9+. \u00bb<\/p>\n<p><strong>Les favoris de la presse<\/strong><\/p>\n<p class=\"synthese\"><strong>SYNTH\u00c8SE \u00a0\u00a0\u00a0\u00a07\u00a0\u00a0&#8211;\u00a0\u00a09\u00a0\u00a0&#8211;\u00a0\u00a05\u00a0\u00a0&#8211;\u00a0\u00a03\u00a0\u00a0&#8211;\u00a0\u00a02\u00a0\u00a0&#8211;\u00a0\u00a014\u00a0\u00a0&#8211;\u00a0\u00a06\u00a0\u00a0&#8211;\u00a0\u00a01<\/strong><\/p>\n<p><a href=\"https:\/\/servedby.revive-adserver.net\/ck.php?n=aa10a822&amp;cb=1234\" target=\"_blank\" rel=\"noopener\"><img decoding=\"async\" alt=\"\" border=\"0\" src=\"https:\/\/www.europesays.com\/fr\/wp-content\/uploads\/2025\/09\/1758917741_445_avw\"\/><\/a><\/p>\n<p><strong>Les stats du jour<\/strong><\/p>\n<p><img decoding=\"async\" src=\"https:\/\/www.europesays.com\/fr\/wp-content\/uploads\/2025\/09\/0927_stats-web_2025-jpg\"\/><\/p>\n<p><strong>Nos \u00e9missions de pronos<\/strong><a href=\"https:\/\/www.equidia.fr\/emissions\/3-mn-q-2023\" target=\"_blank\" rel=\"noopener\"><img decoding=\"async\" alt=\"3min-pronos\" class=\"img_prono\" src=\"https:\/\/www.europesays.com\/fr\/wp-content\/uploads\/2025\/04\/vignette-article-3min-pronos-jpg-1.jpeg\"\/><\/a>3 mn PRONOS du 27\/09<br \/>(Disponible vendredi 26 septembre 2025, \u00e0 partir de 20h25)<a href=\"https:\/\/www.equidia.fr\/emissions\/ticket-gagnant-2023\" target=\"_blank\" rel=\"noopener\"><img decoding=\"async\" alt=\"ticket-gagnant\" class=\"img_prono\" src=\"https:\/\/www.europesays.com\/fr\/wp-content\/uploads\/2025\/04\/vignette-article-ticket-gagnant-jpg-1.jpeg\"\/><\/a>TICKET GAGNANT du 27\/09<br \/>(Disponible vendredi 26 septembre 2025, \u00e0 partir de 20h30)<\/p>\n","protected":false},"excerpt":{"rendered":"Les partants du Quint\u00e9+ de ce samedi 27 septembrePRIX GRANDLIEUSAMEDI 27 SEPTEMBREAUTEUIL &#8211; 3900 METRES &#8211; \u00a0D\u00c9PART :&hellip;\n","protected":false},"author":2,"featured_media":419722,"comment_status":"","ping_status":"","sticky":false,"template":"","format":"standard","meta":{"footnotes":""},"categories":[1888],"tags":[11,1777,674,1011,27,3014,10339,12,626,1821,3015,25],"class_list":{"0":"post-419721","1":"post","2":"type-post","3":"status-publish","4":"format-standard","5":"has-post-thumbnail","7":"category-paris","8":"tag-actualites","9":"tag-eu","10":"tag-europe","11":"tag-fr","12":"tag-france","13":"tag-galop","14":"tag-haies","15":"tag-news","16":"tag-paris","17":"tag-pronostics","18":"tag-qrcode","19":"tag-republique-francaise"},"share_on_mastodon":{"url":"https:\/\/pubeurope.com\/@fr\/115272439524615567","error":""},"_links":{"self":[{"href":"https:\/\/www.europesays.com\/fr\/wp-json\/wp\/v2\/posts\/419721","targetHints":{"allow":["GET"]}}],"collection":[{"href":"https:\/\/www.europesays.com\/fr\/wp-json\/wp\/v2\/posts"}],"about":[{"href":"https:\/\/www.europesays.com\/fr\/wp-json\/wp\/v2\/types\/post"}],"author":[{"embeddable":true,"href":"https:\/\/www.europesays.com\/fr\/wp-json\/wp\/v2\/users\/2"}],"replies":[{"embeddable":true,"href":"https:\/\/www.europesays.com\/fr\/wp-json\/wp\/v2\/comments?post=419721"}],"version-history":[{"count":0,"href":"https:\/\/www.europesays.com\/fr\/wp-json\/wp\/v2\/posts\/419721\/revisions"}],"wp:featuredmedia":[{"embeddable":true,"href":"https:\/\/www.europesays.com\/fr\/wp-json\/wp\/v2\/media\/419722"}],"wp:attachment":[{"href":"https:\/\/www.europesays.com\/fr\/wp-json\/wp\/v2\/media?parent=419721"}],"wp:term":[{"taxonomy":"category","embeddable":true,"href":"https:\/\/www.europesays.com\/fr\/wp-json\/wp\/v2\/categories?post=419721"},{"taxonomy":"post_tag","embeddable":true,"href":"https:\/\/www.europesays.com\/fr\/wp-json\/wp\/v2\/tags?post=419721"}],"curies":[{"name":"wp","href":"https:\/\/api.w.org\/{rel}","templated":true}]}}