{"id":419726,"date":"2025-09-26T20:18:11","date_gmt":"2025-09-26T20:18:11","guid":{"rendered":"https:\/\/www.europesays.com\/fr\/419726\/"},"modified":"2025-09-26T20:18:11","modified_gmt":"2025-09-26T20:18:11","slug":"merz-plaide-pour-lutilisation-des-avoirs-russes-geles","status":"publish","type":"post","link":"https:\/\/www.europesays.com\/fr\/419726\/","title":{"rendered":"Merz plaide pour l\u2019utilisation des avoirs russes gel\u00e9s"},"content":{"rendered":"<p><strong>D\u00c9CRYPTAGE<\/strong> &#8211; Le chancelier allemand Friedrich Merz approuve l\u2019initiative de Bruxelles d\u2019un \u00abpr\u00eat de r\u00e9parations\u00bb de 140\u00a0milliards d\u2019euros \u00e0 Kiev.<\/p>\n<p class=\"fig-paragraph\">Les choses sont en train de bouger en Europe sur le sujet tr\u00e8s sensible de l\u2019utilisation des\u00a0<a href=\"http:\/\/www.lefigaro.fr\/flash-eco\/avoirs-russes-geles-l-ue-doit-explorer-toutes-les-possibilites-selon-la-cheffe-de-la-diplomatie-europeenne-20250831\" data-fig-type=\"NewsFlash\" data-gtm-custom-categorie=\"navigation\" data-gtm-custom-action=\"crossclick\" data-gtm-custom-label=\"Contextuel\" data-gtm-event=\"customEventSPE\" data-fig-domain=\"LEFIGARO\" rel=\"nofollow noopener\" target=\"_blank\">avoirs russes gel\u00e9s<\/a>. Environ 200\u00a0milliards d\u2019euros d\u2019actifs de la Banque centrale de Russie sont immobilis\u00e9s depuis le d\u00e9but de l\u2019invasion de l\u2019Ukraine, essentiellement au sein de l\u2019organisme\u00a0<a href=\"http:\/\/www.lefigaro.fr\/flash-eco\/la-caisse-des-depots-acquiert-une-part-minoritaire-d-euroclear-20220517\" data-fig-type=\"NewsFlash\" data-gtm-custom-categorie=\"navigation\" data-gtm-custom-action=\"crossclick\" data-gtm-custom-label=\"Contextuel\" data-gtm-event=\"customEventSPE\" data-fig-domain=\"LEFIGARO\" rel=\"nofollow noopener\" target=\"_blank\">Euroclear<\/a>, en Belgique. Jusqu\u2019\u00e0 pr\u00e9sent, les autorit\u00e9s europ\u00e9ennes et la majorit\u00e9 des \u00c9tats membres r\u00e9sistaient aux appels \u00e0 utiliser cette manne pour financer la d\u00e9fense de l\u2019Ukraine. Mais le\u00a0<a href=\"http:\/\/www.lefigaro.fr\/international\/donald-trump-un-allie-americain-qui-prend-discretement-ses-distances-avec-l-ukraine-et-l-otan-20250918\" data-fig-type=\"Article\" data-gtm-custom-categorie=\"navigation\" data-gtm-custom-action=\"crossclick\" data-gtm-custom-label=\"Contextuel\" data-gtm-event=\"customEventSPE\" data-fig-domain=\"LEFIGARO\" rel=\"nofollow noopener\" target=\"_blank\">retrait des \u00c9tats-Unis<\/a>\u00a0du soutien militaire \u00e0 Kiev fait \u00e9voluer les positions.<\/p>\n<p class=\"fig-paragraph\">La pr\u00e9sidente de la Commission europ\u00e9enne,\u00a0<a href=\"http:\/\/www.lefigaro.fr\/international\/ursula-von-der-leyen-nous-avons-passe-le-meilleur-accord-possible-avec-les-etats-unis-20250921\" data-fig-type=\"Article\" data-gtm-custom-categorie=\"navigation\" data-gtm-custom-action=\"crossclick\" data-gtm-custom-label=\"Contextuel\" data-gtm-event=\"customEventSPE\" data-fig-domain=\"LEFIGARO\" rel=\"nofollow noopener\" target=\"_blank\">Ursula von\u00a0der\u00a0Leyen<\/a>, a \u00e9voqu\u00e9 r\u00e9cemment l\u2019id\u00e9e de faire \u00ab\u00a0payer la Russie\u00a0\u00bb afin que l\u2019effort ne repose pas seulement sur les \u00e9paules des contribuables europ\u00e9ens. La Commission a pr\u00e9sent\u00e9 vendredi aux ambassadeurs des Vingt-Sept une proposition de \u00ab\u00a0pr\u00eat de r\u00e9parations\u00a0\u00bb de 140\u00a0milliards d\u2019euros \u00e0 Kiev, adoss\u00e9 via \u00e0 un m\u00e9canisme complexe, \u00e0 ces avoirs russes gel\u00e9s. Et le chancelier allemand\u00a0<\/p>\n<p class=\"fig-premium-paywall__infos\">\n        Cet article est r\u00e9serv\u00e9 aux abonn\u00e9s.        Il vous reste 82% \u00e0 d\u00e9couvrir.\n    <\/p>\n<p>                <img  data- alt=\"Le Figaro\" class=\"fig-img--complete fig-img\"\/><\/p>\n<p class=\"fig-premium-paywall__title\">Vous avez envie de lire la suite ?<\/p>\n<p class=\"fig-premium-paywall__subtitle\">D\u00e9bloquez tous les articles imm\u00e9diatement.<\/p>\n<p class=\"fig-premium-paywall__connect\">\n                D\u00e9j\u00e0 abonn\u00e9\u00a0?                <a class=\"fig-premium-paywall__connect-link\" href=\"https:\/\/connect.lefigaro.fr\/login?client=horizon_web&amp;type=main&amp;redirect_uri=https%3A%2F%2Fwww.lefigaro.fr%2Fconjoncture%2Fcela-servirait-a-la-fois-notre-securite-collective-et-la-souverainete-europeenne-merz-plaide-pour-l-utilisation-des-avoirs-russes-geles-20250926\" data-js-gtm=\"{&quot;customCategorie&quot;: &quot;conversion&quot;, &quot;customAction&quot;: &quot;before_Landing_Connexion_paywall_auto&quot;, &quot;customLabel&quot;: &quot;bGVmaWdhcm8uZnJfXzFmMDlhZGEyLTM1MDktNmJmYy04Mjc2LTUzNjM0NmQzN2ExYl9fQXJ0aWNsZQ==_\u00abCela servirait \u00e0 la fois notre s\u00e9curit\u00e9 collective et la souverainet\u00e9 europ\u00e9enne\u00bb: Merz plaide pour l\u2019utilisation des avoirs russes gel\u00e9s_444&quot;, &quot;customIDSPE&quot;: &quot;bGVmaWdhcm8uZnJfXzFmMDlhZGEyLTM1MDktNmJmYy04Mjc2LTUzNjM0NmQzN2ExYl9fQXJ0aWNsZQ==&quot;, &quot;event&quot;: &quot;customEventSPE&quot;}\" rel=\"nofollow noopener\" target=\"_blank\"><br \/>\n                    Connectez-vous<br \/>\n                <\/a>\n            <\/p>\n","protected":false},"excerpt":{"rendered":"D\u00c9CRYPTAGE &#8211; Le chancelier allemand Friedrich Merz approuve l\u2019initiative de Bruxelles d\u2019un \u00abpr\u00eat de r\u00e9parations\u00bb de 140\u00a0milliards d\u2019euros&hellip;\n","protected":false},"author":2,"featured_media":419727,"comment_status":"","ping_status":"","sticky":false,"template":"","format":"standard","meta":{"footnotes":""},"categories":[1590],"tags":[11,1777,674,4710,12,220],"class_list":{"0":"post-419726","1":"post","2":"type-post","3":"status-publish","4":"format-standard","5":"has-post-thumbnail","7":"category-ukraine","8":"tag-actualites","9":"tag-eu","10":"tag-europe","11":"tag-friedrich-merz","12":"tag-news","13":"tag-ukraine"},"share_on_mastodon":{"url":"https:\/\/pubeurope.com\/@fr\/115272450331802408","error":""},"_links":{"self":[{"href":"https:\/\/www.europesays.com\/fr\/wp-json\/wp\/v2\/posts\/419726","targetHints":{"allow":["GET"]}}],"collection":[{"href":"https:\/\/www.europesays.com\/fr\/wp-json\/wp\/v2\/posts"}],"about":[{"href":"https:\/\/www.europesays.com\/fr\/wp-json\/wp\/v2\/types\/post"}],"author":[{"embeddable":true,"href":"https:\/\/www.europesays.com\/fr\/wp-json\/wp\/v2\/users\/2"}],"replies":[{"embeddable":true,"href":"https:\/\/www.europesays.com\/fr\/wp-json\/wp\/v2\/comments?post=419726"}],"version-history":[{"count":0,"href":"https:\/\/www.europesays.com\/fr\/wp-json\/wp\/v2\/posts\/419726\/revisions"}],"wp:featuredmedia":[{"embeddable":true,"href":"https:\/\/www.europesays.com\/fr\/wp-json\/wp\/v2\/media\/419727"}],"wp:attachment":[{"href":"https:\/\/www.europesays.com\/fr\/wp-json\/wp\/v2\/media?parent=419726"}],"wp:term":[{"taxonomy":"category","embeddable":true,"href":"https:\/\/www.europesays.com\/fr\/wp-json\/wp\/v2\/categories?post=419726"},{"taxonomy":"post_tag","embeddable":true,"href":"https:\/\/www.europesays.com\/fr\/wp-json\/wp\/v2\/tags?post=419726"}],"curies":[{"name":"wp","href":"https:\/\/api.w.org\/{rel}","templated":true}]}}