{"id":419735,"date":"2025-09-26T20:23:18","date_gmt":"2025-09-26T20:23:18","guid":{"rendered":"https:\/\/www.europesays.com\/fr\/419735\/"},"modified":"2025-09-26T20:23:18","modified_gmt":"2025-09-26T20:23:18","slug":"comment-leurope-veut-se-doter-dun-bouclier-contre-les-drones","status":"publish","type":"post","link":"https:\/\/www.europesays.com\/fr\/419735\/","title":{"rendered":"comment l\u2019Europe veut se doter d\u2019un bouclier contre les drones"},"content":{"rendered":"<p>Confront\u00e9e \u00e0 de multiples incursions a\u00e9riennes, l\u2019Union europ\u00e9enne vient de lancer en urgence le chantier de son futur \u00ab\u00a0mur anti-drones\u00a0\u00bb. Une dizaine de pays membres ont \u00e9t\u00e9 convi\u00e9s vendredi par Andrius Kubilius, commissaire europ\u00e9en \u00e0 la D\u00e9fense, \u00e0 une premi\u00e8re r\u00e9union de travail. Outre les pays voisins de la Russie (\u00c9tats baltes, Finlande, Pologne, Roumanie, Slovaquie, Hongrie et Bulgarie), le Danemark y assistait, de m\u00eame que l\u2019Ukraine en raison de son expertise.<\/p>\n<p>\u00ab\u00a0Les violations r\u00e9p\u00e9t\u00e9es de notre espace a\u00e9rien sont inacceptables. Le message est clair\u00a0: la Russie teste l\u2019UE et l\u2019Otan. Et notre r\u00e9ponse doit \u00eatre ferme, unie et imm\u00e9diate\u00a0\u00bb, a d\u00e9clar\u00e9 Andrius Kubilius. La premi\u00e8re \u00e9tape consistera dans la mise en place d\u2019un syst\u00e8me de d\u00e9tection. \u00ab\u00a0Nous avons peut-\u00eatre de bonnes capacit\u00e9s pour d\u00e9tecter les avions de combat et les missiles, mais les drones ont des sp\u00e9cificit\u00e9s\u00a0: ils volent tr\u00e8s bas et sont de petite taille\u00a0\u00bb, avait expliqu\u00e9 mardi l\u2019ancien Premier ministre lituanien <a href=\"https:\/\/euractiv.fr\/news\/le-mur-anti-drones-de-lue-pourrait-etre-pret-dans-un-an-selon-le-commissaire-a-la-defense\/\" target=\"_blank\" rel=\"nofollow noopener\">au site Euractiv<\/a>. Il faudra donc cr\u00e9er un r\u00e9seau de capteurs, terrestres ou satellitaires, capable de rep\u00e9rer et de suivre les drones qui p\u00e9n\u00e9treraient sur le territoire de l\u2019Union.<\/p>\n<p>  Un r\u00e9seau de capteurs comme en Ukraine<\/p>\n<p>Ce syst\u00e8me, qui devrait \u00eatre op\u00e9rationnel d\u2019ici un an, devra \u00e9galement couvrir les fronti\u00e8res maritimes de l\u2019UE. La mise en \u0153uvre de capacit\u00e9s d\u2019interception, plus lourde et plus co\u00fbteuse, n\u2019arriverait que dans un second temps. \u00ab\u00a0Nous devons agir et nous devons agir rapidement\u00a0\u00bb, a estim\u00e9 Andrius Kubilius, ajoutant que \u00ab\u00a0le mur anti-drones cr\u00e9era un \u00e9cosyst\u00e8me de d\u00e9fense fondamentalement nouveau en Europe, auquel l\u2019Ukraine est pr\u00eate \u00e0 participer\u00a0\u00bb.<\/p>\n<p>L\u2019Ukraine, qui doit intercepter quasiment chaque nuit plusieurs centaines de drones russes, dispose d\u2019une expertise. Kiev a par exemple construit un r\u00e9seau de plus de 14\u00a0000 capteurs acoustiques, Sky Fortress, pour d\u00e9tecter les drones entrant sur son territoire. C\u2019est aussi un des rares pays europ\u00e9ens \u00e0 fabriquer des drones anti-drones, beaucoup plus \u00e9conomiques que les missiles ou avions de chasse d\u00e9ploy\u00e9s par l\u2019Otan pour abattre la vingtaine de drones russes <a href=\"https:\/\/www.ledauphine.com\/defense-guerre-conflit\/2025\/09\/12\/incursion-de-drones-russes-en-pologne-moscou-invite-a-cesser-ses-provocations\" target=\"_blank\" rel=\"noopener\">entr\u00e9s en Pologne<\/a> au d\u00e9but du mois.<\/p>\n<p>  La Hongrie soup\u00e7onn\u00e9e d\u2019avoir viol\u00e9 son espace a\u00e9rien<\/p>\n<p>\u00ab\u00a0Nous sommes pr\u00eats \u00e0 partager notre exp\u00e9rience en mati\u00e8re d\u2019interception de drones russes avec l\u2019UE, l\u2019Otan et les pays voisins\u00a0\u00bb, a confirm\u00e9 Denys Chmygal, ministre ukrainien de la D\u00e9fense, \u00e0 l\u2019issue de la r\u00e9union. Des propos appuy\u00e9s par <a href=\"https:\/\/www.ledauphine.com\/p\/volodymyr-zelensky\" target=\"_blank\" rel=\"noopener\">Volodymyr Zelensky<\/a>, qui a insist\u00e9 sur la n\u00e9cessit\u00e9 \u00ab\u00a0de se coordonner plus \u00e9troitement et augmenter la production de moyens de d\u00e9fense\u00a0\u00bb pour r\u00e9pondre \u00e0 la menace des drones.\u00a0Le pr\u00e9sident ukrainien a par ailleurs \u00e9voqu\u00e9 une violation de son espace a\u00e9rien, par <a href=\"https:\/\/www.ledauphine.com\/defense-guerre-conflit\/2025\/09\/26\/des-drones-probablement-hongrois-ont-viole-l-espace-aerien-de-kiev-selon-zelensky\" target=\"_blank\" rel=\"noopener\">des drones qu\u2019il soup\u00e7onne d\u2019\u00eatre hongrois<\/a>. Budapest a fermement d\u00e9menti. Les relations entre les deux pays, d\u00e9j\u00e0 tendues, sont devenues ex\u00e9crables depuis le d\u00e9but de la guerre. Proche de Moscou, la Hongrie refuse d\u2019aider militairement Kiev et bloque son adh\u00e9sion \u00e0 l\u2019UE.<\/p>\n<p>Le \u00ab\u00a0mur anti-drones\u00a0\u00bb faisait partie des grandes annonces faites par la pr\u00e9sidente de la Commission europ\u00e9enne, <a href=\"https:\/\/www.ledauphine.com\/p\/ursula-von-der-leyen\" target=\"_blank\" rel=\"noopener\">Ursula von der Leyen<\/a>, lors de son discours sur l\u2019\u00e9tat de l\u2019Union. Le sujet sera aussi d\u00e9battu mercredi prochain, lors d\u2019une r\u00e9union informelle \u00e0 Copenhague, par les chefs d\u2019\u00c9tat et de gouvernement de l\u2019UE. Afin de s\u00e9curiser le sommet, le Danemark a accept\u00e9 vendredi les capacit\u00e9s de d\u00e9fense anti-drones propos\u00e9es par la Su\u00e8de.<\/p>\n","protected":false},"excerpt":{"rendered":"Confront\u00e9e \u00e0 de multiples incursions a\u00e9riennes, l\u2019Union europ\u00e9enne vient de lancer en urgence le chantier de son futur&hellip;\n","protected":false},"author":2,"featured_media":419736,"comment_status":"","ping_status":"","sticky":false,"template":"","format":"standard","meta":{"footnotes":""},"categories":[1586],"tags":[11,3206,1777,674,1779,107,1011,27,329,12,25,1778,220,364],"class_list":{"0":"post-419735","1":"post","2":"type-post","3":"status-publish","4":"format-standard","5":"has-post-thumbnail","7":"category-europe","8":"tag-actualites","9":"tag-defense-guerre-conflit","10":"tag-eu","11":"tag-europe","12":"tag-european-union","13":"tag-fil-info","14":"tag-fr","15":"tag-france","16":"tag-france-monde","17":"tag-news","18":"tag-republique-francaise","19":"tag-ue","20":"tag-ukraine","21":"tag-union-europeenne"},"share_on_mastodon":{"url":"https:\/\/pubeurope.com\/@fr\/115272470014032180","error":""},"_links":{"self":[{"href":"https:\/\/www.europesays.com\/fr\/wp-json\/wp\/v2\/posts\/419735","targetHints":{"allow":["GET"]}}],"collection":[{"href":"https:\/\/www.europesays.com\/fr\/wp-json\/wp\/v2\/posts"}],"about":[{"href":"https:\/\/www.europesays.com\/fr\/wp-json\/wp\/v2\/types\/post"}],"author":[{"embeddable":true,"href":"https:\/\/www.europesays.com\/fr\/wp-json\/wp\/v2\/users\/2"}],"replies":[{"embeddable":true,"href":"https:\/\/www.europesays.com\/fr\/wp-json\/wp\/v2\/comments?post=419735"}],"version-history":[{"count":0,"href":"https:\/\/www.europesays.com\/fr\/wp-json\/wp\/v2\/posts\/419735\/revisions"}],"wp:featuredmedia":[{"embeddable":true,"href":"https:\/\/www.europesays.com\/fr\/wp-json\/wp\/v2\/media\/419736"}],"wp:attachment":[{"href":"https:\/\/www.europesays.com\/fr\/wp-json\/wp\/v2\/media?parent=419735"}],"wp:term":[{"taxonomy":"category","embeddable":true,"href":"https:\/\/www.europesays.com\/fr\/wp-json\/wp\/v2\/categories?post=419735"},{"taxonomy":"post_tag","embeddable":true,"href":"https:\/\/www.europesays.com\/fr\/wp-json\/wp\/v2\/tags?post=419735"}],"curies":[{"name":"wp","href":"https:\/\/api.w.org\/{rel}","templated":true}]}}