{"id":419741,"date":"2025-09-26T20:26:12","date_gmt":"2025-09-26T20:26:12","guid":{"rendered":"https:\/\/www.europesays.com\/fr\/419741\/"},"modified":"2025-09-26T20:26:12","modified_gmt":"2025-09-26T20:26:12","slug":"douze-pays-dont-la-france-creent-une-coalition-pour-soutenir-financierement-lautorite-palestinienne","status":"publish","type":"post","link":"https:\/\/www.europesays.com\/fr\/419741\/","title":{"rendered":"Douze pays dont la France cr\u00e9ent une coalition pour soutenir financi\u00e8rement l&rsquo;Autorit\u00e9 palestinienne"},"content":{"rendered":"<p>Selon le premier ministre palestinien Mohammad Moustafa, les donateurs se sont engag\u00e9s \u00e0 verser au moins 170 millions de dollars.<\/p>\n<p class=\"fig-paragraph\">Douze pays parmi lesquels\u00a0<a href=\"http:\/\/www.lefigaro.fr\/actualite-france\/j-ai-fui-le-moyen-orient-pour-trouver-ici-une-gauche-halal-assene-omar-youssef-souleimane-l-auteur-du-livre-qui-inquiete-la-france-insoumise-20250926\" data-fig-type=\"NewsFlash\" data-gtm-custom-categorie=\"navigation\" data-gtm-custom-action=\"crossclick\" data-gtm-custom-label=\"Contextuel\" data-gtm-event=\"customEventSPE\" data-fig-domain=\"LEFIGARO\" rel=\"nofollow noopener\" target=\"_blank\">la France<\/a>, le Royaume-Uni, le Japon, l&rsquo;Arabie saoudite et l&rsquo;Espagne ont annonc\u00e9 vendredi la cr\u00e9ation d&rsquo;une coalition visant \u00e0 soutenir financi\u00e8rement l&rsquo;<a href=\"http:\/\/www.lefigaro.fr\/international\/selon-l-autorite-palestinienne-israel-s-apprete-a-fermer-indefiniment-le-principal-point-de-passage-entre-la-jordanie-et-la-cisjordanie-20250923\" data-fig-type=\"NewsFlash\" data-gtm-custom-categorie=\"navigation\" data-gtm-custom-action=\"crossclick\" data-gtm-custom-label=\"Contextuel\" data-gtm-event=\"customEventSPE\" data-fig-domain=\"LEFIGARO\" rel=\"nofollow noopener\" target=\"_blank\">Autorit\u00e9 palestinienne<\/a>, \u00e0 court d&rsquo;argent, ses recettes fiscales \u00e9tant retenues par Isra\u00ebl. La Coalition d&rsquo;urgence pour la viabilit\u00e9 financi\u00e8re de l&rsquo;Autorit\u00e9 palestinienne a \u00e9t\u00e9 \u00abcr\u00e9\u00e9e en r\u00e9ponse \u00e0 la crise financi\u00e8re urgente et sans pr\u00e9c\u00e9dent\u00bb \u00e0 laquelle est confront\u00e9e l&rsquo;Autorit\u00e9 palestinienne, a d\u00e9clar\u00e9 le minist\u00e8re espagnol des Affaires \u00e9trang\u00e8res dans un communiqu\u00e9.<\/p>\n<p class=\"fig-paragraph\">Elle vise \u00e0 stabiliser les finances de l&rsquo;organisme bas\u00e9 \u00e0 Ramallah, \u00e0 pr\u00e9server sa capacit\u00e9 \u00e0 gouverner, \u00e0 fournir des services essentiels et \u00e0 maintenir la s\u00e9curit\u00e9, \u00abautant d&rsquo;\u00e9l\u00e9ments indispensables \u00e0 la stabilit\u00e9 r\u00e9gionale et \u00e0 la pr\u00e9servation de la solution \u00e0 deux \u00c9tats\u00bb, selon la m\u00eame source. Le communiqu\u00e9 mentionne les \u00abcontributions financi\u00e8res importantes\u00bb pass\u00e9es et les promesses de \u00absoutien durable\u00bb de cette coalition qui comprend \u00e9galement la Belgique, le Danemark, l&rsquo;Islande, l&rsquo;Irlande, la Norv\u00e8ge, la Slov\u00e9nie et la Suisse.<\/p>\n<p>                                    <a class=\"fig-a11y-skip a11y-hidden\" href=\"#fig-a11y-skip-main-inarticle\"><br \/>\n        Passer la publicit\u00e9<br \/>\n    <\/a><\/p>\n<p class=\"fig-paragraph\">Le bureau du premier ministre palestinien, Mohammad Moustafa, a d\u00e9clar\u00e9 que les donateurs s&rsquo;\u00e9taient engag\u00e9s \u00e0 verser au moins 170 millions de dollars pour financer l&rsquo;Autorit\u00e9 palestinienne. L&rsquo;Arabie saoudite fournira 90 millions de dollars, a d\u00e9clar\u00e9 jeudi soir son ministre des Affaires \u00e9trang\u00e8res, le prince Fay\u00e7al ben Farhane, selon des m\u00e9dias d&rsquo;\u00c9tat. Isra\u00ebl per\u00e7oit les recettes fiscales au nom de l&rsquo;Autorit\u00e9 palestinienne en vertu du protocole de Paris de 1994.<\/p>\n<p>Un \u00ab\u00e9tranglement \u00e9conomique\u00bb orchestr\u00e9 par Isra\u00ebl<\/p>\n<p class=\"fig-paragraph\">Apr\u00e8s le d\u00e9clenchement de la guerre \u00e0 Gaza le 7 octobre 2023, jour de l&rsquo;attaque sans pr\u00e9c\u00e9dent du mouvement islamiste palestinien Hamas sur le sol isra\u00e9lien, Isra\u00ebl a retenu les recettes fiscales destin\u00e9es \u00e0 l&rsquo;Autorit\u00e9 palestinienne, qui affirme que les services de base tels que la sant\u00e9 et l&rsquo;\u00e9ducation se sont d\u00e9t\u00e9rior\u00e9s et que la pauvret\u00e9 a augment\u00e9. Les autorit\u00e9s isra\u00e9liennes affirment qu&rsquo;une partie de l&rsquo;argent qu&rsquo;elles retiennent est destin\u00e9e \u00e0 rembourser des d\u00e9penses telles que l&rsquo;\u00e9lectricit\u00e9 qu&rsquo;elles vendent aux Palestiniens.<\/p>\n<p class=\"fig-paragraph\">Mais le ministre isra\u00e9lien des Finances d&rsquo;extr\u00eame droite, Bezalel Smotrich, qui a cess\u00e9 tous les paiements \u00e0 l&rsquo;Autorit\u00e9 palestinienne il y a quatre mois, a d\u00e9clar\u00e9 qu&rsquo;il continuerait \u00e0 s&#8217;employer \u00e0 ce que le gouvernement palestinien s&rsquo;effondre par un \u00ab\u00e9tranglement \u00e9conomique\u00bb, afin d&#8217;emp\u00eacher la cr\u00e9ation d&rsquo;un \u00c9tat palestinien. Cette annonce intervient alors que les alli\u00e9s traditionnels d&rsquo;Isra\u00ebl, notamment la France et le Royaume-Uni, font partie d&rsquo;une s\u00e9rie de pays qui ont reconnu l&rsquo;\u00c9tat palestinien lors de l&rsquo;Assembl\u00e9e g\u00e9n\u00e9rale des Nations unies qui s&rsquo;est tenue cette semaine \u00e0 New York.<\/p>\n","protected":false},"excerpt":{"rendered":"Selon le premier ministre palestinien Mohammad Moustafa, les donateurs se sont engag\u00e9s \u00e0 verser au moins 170 millions&hellip;\n","protected":false},"author":2,"featured_media":419742,"comment_status":"","ping_status":"","sticky":false,"template":"","format":"standard","meta":{"footnotes":""},"categories":[4],"tags":[11,41656,54887,1011,27,12,25],"class_list":{"0":"post-419741","1":"post","2":"type-post","3":"status-publish","4":"format-standard","5":"has-post-thumbnail","7":"category-france","8":"tag-actualites","9":"tag-autorite-palestinienne","10":"tag-coalition-internationale","11":"tag-fr","12":"tag-france","13":"tag-news","14":"tag-republique-francaise"},"share_on_mastodon":{"url":"https:\/\/pubeurope.com\/@fr\/115272481712953962","error":""},"_links":{"self":[{"href":"https:\/\/www.europesays.com\/fr\/wp-json\/wp\/v2\/posts\/419741","targetHints":{"allow":["GET"]}}],"collection":[{"href":"https:\/\/www.europesays.com\/fr\/wp-json\/wp\/v2\/posts"}],"about":[{"href":"https:\/\/www.europesays.com\/fr\/wp-json\/wp\/v2\/types\/post"}],"author":[{"embeddable":true,"href":"https:\/\/www.europesays.com\/fr\/wp-json\/wp\/v2\/users\/2"}],"replies":[{"embeddable":true,"href":"https:\/\/www.europesays.com\/fr\/wp-json\/wp\/v2\/comments?post=419741"}],"version-history":[{"count":0,"href":"https:\/\/www.europesays.com\/fr\/wp-json\/wp\/v2\/posts\/419741\/revisions"}],"wp:featuredmedia":[{"embeddable":true,"href":"https:\/\/www.europesays.com\/fr\/wp-json\/wp\/v2\/media\/419742"}],"wp:attachment":[{"href":"https:\/\/www.europesays.com\/fr\/wp-json\/wp\/v2\/media?parent=419741"}],"wp:term":[{"taxonomy":"category","embeddable":true,"href":"https:\/\/www.europesays.com\/fr\/wp-json\/wp\/v2\/categories?post=419741"},{"taxonomy":"post_tag","embeddable":true,"href":"https:\/\/www.europesays.com\/fr\/wp-json\/wp\/v2\/tags?post=419741"}],"curies":[{"name":"wp","href":"https:\/\/api.w.org\/{rel}","templated":true}]}}