{"id":419757,"date":"2025-09-26T20:38:19","date_gmt":"2025-09-26T20:38:19","guid":{"rendered":"https:\/\/www.europesays.com\/fr\/419757\/"},"modified":"2025-09-26T20:38:19","modified_gmt":"2025-09-26T20:38:19","slug":"les-toiles-de-jean-luc-panek-confectionnees-a-la-cresse-sinstalleront-au-salon-art-3f-a-paris","status":"publish","type":"post","link":"https:\/\/www.europesays.com\/fr\/419757\/","title":{"rendered":"Les toiles de Jean-Luc Panek confectionn\u00e9es \u00e0 La Cresse s\u2019installeront au salon Art 3F \u00e0 Paris"},"content":{"rendered":"<p>\n                                                                L\u2019artiste Jean-Luc Panek bas\u00e9 \u00e0 La Cresse retrouve les galeries d\u2019art apr\u00e8s une p\u00e9riode d\u2019interruption.\n                            <\/p>\n<p>L\u2019hyperr\u00e9alisme coule dans les veines de Jean-Luc Panek. L\u2019artiste peintre, install\u00e9 \u00e0 <a href=\"https:\/\/www.midilibre.fr\/aveyron\/la-cresse\/\" target=\"_self\" rel=\"nofollow noopener\">La Cresse<\/a> a retrouv\u00e9 les pinceaux il y a quelques ann\u00e9es, apr\u00e8s une p\u00e9riode de coupure. Au mois d\u2019octobre, ses toiles retrouveront le salon <a href=\"https:\/\/www.midilibre.fr\/2014\/06\/13\/montpellier-art3f-premier-salon-d-art-contemporain,1007109.php\" target=\"_self\" rel=\"nofollow noopener\">Art 3F<\/a> qui aura lieu \u00e0 la Porte de Versailles \u00e0 Paris.<\/p>\n<p>Son atelier transpire l\u2019art, et le partage. D\u2019un c\u00f4t\u00e9, les cr\u00e9ations de sa fille. \u00ab\u00a0Elle passe pas mal de temps ici\u00a0\u00bb, sourit l\u2019artiste. De l\u2019autre, le coin o\u00f9 il cr\u00e9e des toiles \u00e0 la r\u00e9alit\u00e9 bluffante. Beaucoup de visages et de portraits sur lesquels il laisse son imagination parler. \u00ab\u00a0Je suis principalement inspir\u00e9 par l\u2019\u00eatre humain, les visages de femmes et d\u2019enfants, d\u00e9crit-il.\u00a0J\u2019ai beaucoup peint <a href=\"https:\/\/www.midilibre.fr\/2024\/12\/18\/a-la-cresse-jessica-limongi-panek-souffle-a-loreille-de-ses-pieces-de-verre-12399528.php\" target=\"_self\" rel=\"nofollow noopener\">Jessica <\/a><a href=\"https:\/\/www.midilibre.fr\/2024\/12\/18\/a-la-cresse-jessica-limongi-panek-souffle-a-loreille-de-ses-pieces-de-verre-12399528.php\" target=\"_self\" rel=\"nofollow noopener\">(sa femme, NDLR)<\/a> et ma fille. Des fois \u00e7a peut \u00eatre une lumi\u00e8re sur un visage qui m\u2019inspire.\u00a0\u00bb<\/p>\n<p>De l\u2019ordinateur \u00e0 la toile<\/p>\n<p>Quand l\u2019inspiration lui vient, il la traduit sur son ordinateur, gr\u00e2ce \u00e0 des logiciels et une palette graphique. Une fois l\u2019image pr\u00eate, il transf\u00e8re sa cr\u00e9ation sur toile et la continue.\u00a0\u00ab\u00a0Je pars sur une base d\u2019a\u00e9rographe et je peins \u00e0 l\u2019huile au crayon, je fais un peu de grattage, de pinceau et d\u2019acrylique.\u00a0\u00bb<\/p>\n<p>Avant de faire de l\u2019hyperr\u00e9alisme son cr\u00e9do, il \u00e9tait plut\u00f4t tourn\u00e9 vers des tableaux de style Renaissance. Il les a expos\u00e9s dans des galeries prestigieuses pendant une dizaine d\u2019ann\u00e9es en r\u00e9gion parisienne et aux Etats-Unis avant de poser ses valises \u00e0 La Cresse, o\u00f9 il avait des souvenirs de vacances d\u2019enfance et des amis. \u00ab\u00a0Je n\u2019en pouvais plus de la vie parisienne, c\u2019\u00e9tait devenu impossible pour moi et l\u2019Aveyron me faisait de l\u2019oeil.\u00a0\u00bb<\/p>\n<p>L\u2019exclusivit\u00e9 du dessin de Mr Propre<\/p>\n<p>Cette carri\u00e8re, en autodidacte, n\u2019est pas arriv\u00e9e au hasard. Jean-Luc Panek a \u00e9t\u00e9 dans l\u2019ombre des plus grands succ\u00e8s de la publicit\u00e9 fran\u00e7aise.\u00a0\u00ab\u00a0J\u2019avais l\u2019exclusivit\u00e9 pour dessiner Mr Propre, je dessinais aussi les personnages d\u2019Oasis, retrace-t-il.\u00a0J\u2019avais un agent qui me trouvait du travail et en parall\u00e8le, j\u2019ai commenc\u00e9 \u00e0 peindre.\u00a0\u00bb<\/p>\n<p>Toujours dans le domaine artistique et dans la r\u00e9gion parisienne, Jean-Luc Panek a habill\u00e9 les plus grands monuments de la capitale.\u00a0\u00ab\u00a0Quand il y avait des travaux, il y avait de grands \u00e9chaffaudages. Pour les d\u00e9corer, je redessinais les b\u00e2timents et mes dessins \u00e9taient imprim\u00e9s sur des grandes toiles.\u00a0\u00bb\u00a0Il collabore avec JC Decaux, le leader mondial de l\u2019am\u00e9nagement urbain, et s\u2019affiche sur l\u2019Op\u00e9ra Garnier, l\u2019h\u00f4tel Crillon ou encore l\u2019\u00e9glise de la Madeleine.<\/p>\n<p>C\u2019est d\u00e9sormais dans un tout autre style qu\u2019il renoue avec le milieu de l\u2019art et des salons avec <a href=\"https:\/\/www.art3f.fr\" target=\"_self\" rel=\"nofollow noopener\">Art 3F, \u00e0 Paris, du 26 au 28\u00a0septembre<\/a>. \u00ab\u00a0J\u2019ai h\u00e2te de retrouver le public, faire des rencontres avec les gens, les galleristes.\u00a0\u00bb\u00a0Il y affichera ses grands formats, sur des toiles de 1m par 1m50.\u00a0\u00ab\u00a0J\u2019ai s\u00e9lectionn\u00e9 10 toiles et je pense que je pourrais en monter jusqu\u2019\u00e0 15.\u00a0\u00bb\u00a0Cet \u00e9v\u00e9nement pourrait \u00e9galement lui permettre de renouer des liens avec les galeristes fran\u00e7ais et \u00e9trangers.<\/p>\n","protected":false},"excerpt":{"rendered":"L\u2019artiste Jean-Luc Panek bas\u00e9 \u00e0 La Cresse retrouve les galeries d\u2019art apr\u00e8s une p\u00e9riode d\u2019interruption. L\u2019hyperr\u00e9alisme coule dans&hellip;\n","protected":false},"author":2,"featured_media":419758,"comment_status":"","ping_status":"","sticky":false,"template":"","format":"standard","meta":{"footnotes":""},"categories":[1358],"tags":[1348,1384,1385,1386,58,59,1011,27],"class_list":{"0":"post-419757","1":"post","2":"type-post","3":"status-publish","4":"format-standard","5":"has-post-thumbnail","7":"category-arts-et-design","8":"tag-arts","9":"tag-arts-and-design","10":"tag-arts-et-design","11":"tag-design","12":"tag-divertissement","13":"tag-entertainment","14":"tag-fr","15":"tag-france"},"share_on_mastodon":{"url":"https:\/\/pubeurope.com\/@fr\/115272528970084216","error":""},"_links":{"self":[{"href":"https:\/\/www.europesays.com\/fr\/wp-json\/wp\/v2\/posts\/419757","targetHints":{"allow":["GET"]}}],"collection":[{"href":"https:\/\/www.europesays.com\/fr\/wp-json\/wp\/v2\/posts"}],"about":[{"href":"https:\/\/www.europesays.com\/fr\/wp-json\/wp\/v2\/types\/post"}],"author":[{"embeddable":true,"href":"https:\/\/www.europesays.com\/fr\/wp-json\/wp\/v2\/users\/2"}],"replies":[{"embeddable":true,"href":"https:\/\/www.europesays.com\/fr\/wp-json\/wp\/v2\/comments?post=419757"}],"version-history":[{"count":0,"href":"https:\/\/www.europesays.com\/fr\/wp-json\/wp\/v2\/posts\/419757\/revisions"}],"wp:featuredmedia":[{"embeddable":true,"href":"https:\/\/www.europesays.com\/fr\/wp-json\/wp\/v2\/media\/419758"}],"wp:attachment":[{"href":"https:\/\/www.europesays.com\/fr\/wp-json\/wp\/v2\/media?parent=419757"}],"wp:term":[{"taxonomy":"category","embeddable":true,"href":"https:\/\/www.europesays.com\/fr\/wp-json\/wp\/v2\/categories?post=419757"},{"taxonomy":"post_tag","embeddable":true,"href":"https:\/\/www.europesays.com\/fr\/wp-json\/wp\/v2\/tags?post=419757"}],"curies":[{"name":"wp","href":"https:\/\/api.w.org\/{rel}","templated":true}]}}