{"id":419759,"date":"2025-09-26T20:39:23","date_gmt":"2025-09-26T20:39:23","guid":{"rendered":"https:\/\/www.europesays.com\/fr\/419759\/"},"modified":"2025-09-26T20:39:23","modified_gmt":"2025-09-26T20:39:23","slug":"le-salon-un-aller-retour-dans-le-noir-met-a-lhonneur-les-auteurs-outre-manche","status":"publish","type":"post","link":"https:\/\/www.europesays.com\/fr\/419759\/","title":{"rendered":"le salon Un Aller-retour dans le noir met \u00e0 l\u2019honneur les auteurs outre-manche"},"content":{"rendered":"<p>\u00ab\u00a0Dans un contexte national faisant mention d\u2019un march\u00e9 du livre qui ne se porte pas tr\u00e8s bien, le polar semble surnager, ou en tous les cas, se maintenir \u00e0 flot gr\u00e2ce \u00e0 un public de fid\u00e8les passionn\u00e9s.\u00a0\u00bb C\u2019est ce que rapportait le pr\u00e9sident du salon Un Aller-retour dans le noir, St\u00e9phane Laborde, \u00e0 l\u2019occasion de la pr\u00e9sentation de la nouvelle cuv\u00e9e 2025, ce mercredi 24\u00a0septembre. \u00ab\u00a0Le thriller est quelque chose qui fonctionne toujours tr\u00e8s, tr\u00e8s bien et le polar lui aussi b\u00e9n\u00e9ficie d\u2019un bon lectorat. En plus de \u00e7a, il y a toujours beaucoup de nouveaut\u00e9s\u00a0: des livres qui sortent et qui accrochent le public\u00a0\u00bb, assurait-il.<\/p>\n<p>Afin de v\u00e9rifier ses dires sur cette exception culturelle propre aux romans noirs, les lecteurs de toute ob\u00e9dience pourront se rendre le week-end des 4 et 5\u00a0octobre prochains au 17e salon Un Aller-retour dans le noir, organis\u00e9 \u00e0 la m\u00e9diath\u00e8que Andr\u00e9-Labarr\u00e8re de Pau. Du polar pur et dur, au cosy crime et au roman noir social, en passant par le polar historique et le thriller, l\u2019\u00e9dition 2025 aura pour th\u00e8me Un Aller-retour dans un jardin anglais. \u00ab\u00a0On a une image du jardin anglais qui est toujours quelque chose de luxuriant, voir exub\u00e9rant, note St\u00e9phane Laborde, mais que les amateurs de polar se rassurent, on reste dans du roman tr\u00e8s soci\u00e9tal et tr\u00e8s noir.\u00a0\u00bb<\/p>\n<p>        <img decoding=\"async\" id=\"26083411\" src=\"https:\/\/www.europesays.com\/fr\/wp-content\/uploads\/2025\/09\/pauetagglo-e4cb983796e84395a3cf6c150d528804-185515-ph1.jpg\" alt=\"Joseph Knox.\" itemprop=\"contentURL\"\/><\/p>\n<p>    Joseph Knox.<\/p>\n<p>Un aller-retour dans le noir<\/p>\n<p>    Neuf grands d\u00e9bats<\/p>\n<p>Une nouvelle \u00e9dition qui accueillera quelque 32 auteurs fran\u00e7ais et \u00e9trangers autour des parrains Abir Mukherjee et Joseph Knox, tous deux auteurs d\u2019origine anglaise. \u00ab\u00a0Abir Mukherjee \u00e9tait d\u00e9j\u00e0 venu, tout comme Joseph Knox, pr\u00e9sente le pr\u00e9sident du salon. Ce sont des auteurs qui ont des univers tr\u00e8s diff\u00e9rents\u00a0: l\u2019un autour de sa double culture indienne et britannique, l\u2019autre autour de sa ville Manchester. Des auteurs peut-\u00eatre m\u00e9connus du grand public mais tr\u00e8s bien identifi\u00e9s dans le milieu du polar.\u00a0\u00bb<\/p>\n<p>Au programme de ce week-end litt\u00e9raire, pas moins de neuf grands d\u00e9bats, 11 lectures dans le noir \u00e0 la m\u00e9diath\u00e8que Andr\u00e9-Labarr\u00e8re, 20 rencontres en m\u00e9diath\u00e8ques, biblioth\u00e8ques et librairies et 48 rencontres scolaires dans les coll\u00e8ges, lyc\u00e9es et \u00e9coles. Pour le jeune public, un escape game prendra place ainsi qu\u2019un jeu interactif. Le cin\u00e9ma Le M\u00e9li\u00e8s sera aussi de la partie avec la projection de deux adaptations de la c\u00e9l\u00e8bre collection \u00ab\u00a0S\u00e9rie noire\u00a0\u00bb, chez Gallimard, mettant en avant l\u2019acteur Patrick Dewaere. Une premi\u00e8re interpr\u00e9tation, au c\u00f4t\u00e9 de l\u2019immense Lino Ventura dans \u00ab\u00a0Adieu poulet\u00a0\u00bb projet\u00e9 le 3\u00a0octobre \u00e0 20\u00a0heures et une seconde dans le film \u00e9ponyme de la collection \u00ab\u00a0S\u00e9rie noire\u00a0\u00bb.<\/p>\n<p>Au rang des soutiens, le festival compte aussi d\u00e9sormais deux nouveaux partenaires de poids avec la participation annonc\u00e9e de l\u2019hebdomadaire \u00ab\u00a0T\u00e9l\u00e9rama\u00a0\u00bb ainsi que du quotidien \u00ab\u00a0Lib\u00e9ration\u00a0\u00bb. Ce dernier se proposant, samedi 4\u00a0octobre, \u00e0 l\u2019issue de l\u2019inauguration, d\u2019annoncer la s\u00e9lection des Prix \u00ab\u00a0Lib\u00e9ration\u00a0\u00bb\u00a0\/\u00a0Un Aller-retour dans le noir avec deux laur\u00e9ats, celui du roman fran\u00e7ais et celui du roman \u00e9tranger.<\/p>\n<p>Informations disponibles sur <a href=\"https:\/\/unallerretourdanslenoir.com\/\" target=\"_blank\" rel=\"nofollow noopener\">unallerretourdanslenoir.com<\/a><\/p>\n<p>        <img decoding=\"async\" id=\"26083412\" src=\"https:\/\/www.europesays.com\/fr\/wp-content\/uploads\/2025\/09\/pauetagglo-e4cb983796e84395a3cf6c150d528804-185515-ph2.jpg\" alt=\"Ian Rankin fera l\u2019objet d\u2019une rencontre \u00e0 l\u2019auditorium de la MIAL, le samedi 4\u00a0octobre, \u00e0 14\u00a0heures.\" itemprop=\"contentURL\"\/><\/p>\n<p>    Ian Rankin fera l\u2019objet d\u2019une rencontre \u00e0 l\u2019auditorium de la MIAL, le samedi 4\u00a0octobre, \u00e0 14\u00a0heures.<\/p>\n<p>Un Aller-retour dans le noir<\/p>\n<p>        <img decoding=\"async\" id=\"26083413\" src=\"https:\/\/www.europesays.com\/fr\/wp-content\/uploads\/2025\/09\/pauetagglo-e4cb983796e84395a3cf6c150d528804-185515-ph3.jpg\" alt=\"S.A. Cosby participera au d\u00e9bat du 5\u00a0octobre, \u00e0 14\u00a0h\u00a015, intitul\u00e9 \u00ab\u00a0Plus que jamais l\u2019Am\u00e9rique dans tous ses \u00e9tats\u00a0\u00bb.\" itemprop=\"contentURL\"\/><\/p>\n<p>    S.A. Cosby participera au d\u00e9bat du 5\u00a0octobre, \u00e0 14\u00a0h\u00a015, intitul\u00e9 \u00ab\u00a0Plus que jamais l\u2019Am\u00e9rique dans tous ses \u00e9tats\u00a0\u00bb.<\/p>\n<p>Un Aller-retour dans le noir<\/p>\n","protected":false},"excerpt":{"rendered":"\u00ab\u00a0Dans un contexte national faisant mention d\u2019un march\u00e9 du livre qui ne se porte pas tr\u00e8s bien, le&hellip;\n","protected":false},"author":2,"featured_media":419760,"comment_status":"","ping_status":"","sticky":false,"template":"","format":"standard","meta":{"footnotes":""},"categories":[1357],"tags":[1379,58,59,1011,27,1380],"class_list":{"0":"post-419759","1":"post","2":"type-post","3":"status-publish","4":"format-standard","5":"has-post-thumbnail","7":"category-livres","8":"tag-books","9":"tag-divertissement","10":"tag-entertainment","11":"tag-fr","12":"tag-france","13":"tag-livres"},"share_on_mastodon":{"url":"https:\/\/pubeurope.com\/@fr\/115272533522313668","error":""},"_links":{"self":[{"href":"https:\/\/www.europesays.com\/fr\/wp-json\/wp\/v2\/posts\/419759","targetHints":{"allow":["GET"]}}],"collection":[{"href":"https:\/\/www.europesays.com\/fr\/wp-json\/wp\/v2\/posts"}],"about":[{"href":"https:\/\/www.europesays.com\/fr\/wp-json\/wp\/v2\/types\/post"}],"author":[{"embeddable":true,"href":"https:\/\/www.europesays.com\/fr\/wp-json\/wp\/v2\/users\/2"}],"replies":[{"embeddable":true,"href":"https:\/\/www.europesays.com\/fr\/wp-json\/wp\/v2\/comments?post=419759"}],"version-history":[{"count":0,"href":"https:\/\/www.europesays.com\/fr\/wp-json\/wp\/v2\/posts\/419759\/revisions"}],"wp:featuredmedia":[{"embeddable":true,"href":"https:\/\/www.europesays.com\/fr\/wp-json\/wp\/v2\/media\/419760"}],"wp:attachment":[{"href":"https:\/\/www.europesays.com\/fr\/wp-json\/wp\/v2\/media?parent=419759"}],"wp:term":[{"taxonomy":"category","embeddable":true,"href":"https:\/\/www.europesays.com\/fr\/wp-json\/wp\/v2\/categories?post=419759"},{"taxonomy":"post_tag","embeddable":true,"href":"https:\/\/www.europesays.com\/fr\/wp-json\/wp\/v2\/tags?post=419759"}],"curies":[{"name":"wp","href":"https:\/\/api.w.org\/{rel}","templated":true}]}}