{"id":419763,"date":"2025-09-26T20:41:10","date_gmt":"2025-09-26T20:41:10","guid":{"rendered":"https:\/\/www.europesays.com\/fr\/419763\/"},"modified":"2025-09-26T20:41:10","modified_gmt":"2025-09-26T20:41:10","slug":"ne-faites-pas-denfants-amir-decu-par-son-fils-fan-de-pierre-garnier","status":"publish","type":"post","link":"https:\/\/www.europesays.com\/fr\/419763\/","title":{"rendered":"\u00ab\u00a0Ne faites pas d&rsquo;enfants\u2026\u00a0\u00bb : Amir \u00ab\u00a0d\u00e9\u00e7u\u00a0\u00bb par son fils, fan de Pierre Garnier"},"content":{"rendered":"<p>      R\u00e9sum\u00e9<\/p>\n<p>Amir partage avec humour un moment tendre o\u00f9 son fils pr\u00e9f\u00e8re Pierre Garnier \u00e0 lui comme chanteur pr\u00e9f\u00e9r\u00e9, suscitant sourires et r\u00e9actions sur Instagram.<\/p>\n<p>        Sommaire<\/p>\n<p>La sc\u00e8ne a fait fondre les internautes et en a fait rire plus d\u2019un sur Instagram. <strong>Amir<\/strong>, le chanteur \u00e0 la voix chaleureuse et au c\u0153ur tendre, a r\u00e9cemment partag\u00e9 un moment de vie familiale aussi mignon que piquant. Alors qu\u2019il pensait \u00eatre le h\u00e9ros musical de la maison, il a d\u00e9couvert avec un brin d\u2019ironie que le c\u0153ur de son fils battait\u2026 pour un autre. Et pas n\u2019importe qui : <a href=\"https:\/\/www.public.fr\/pierre-garnier-hue-en-plein-concert-il-presente-ses-excuses-apres-une-soiree-compliquee\" target=\"_blank\" rel=\"noopener\"><strong>Pierre Garnier<\/strong>, le grand gagnant de la derni\u00e8re saison de Star Academy.<\/a><\/p>\n<p>Un coup de massue pour l\u2019ego d\u2019artiste ? Pas vraiment. Une le\u00e7on d\u2019humilit\u00e9 paternelle, s\u00fbrement. En tout cas, une s\u00e9quence adorable qui fait sourire toute la toile.<\/p>\n<p><strong>Un papa combl\u00e9\u2026 et un peu vex\u00e9<\/strong><\/p>\n<p>Depuis son passage remarqu\u00e9 dans The Voice en 2014, <strong><a href=\"https:\/\/www.public.fr\/tag\/amir\" target=\"_blank\" rel=\"noopener\">Amir Haddad<\/a><\/strong> a su conqu\u00e9rir le public fran\u00e7ais avec sa douceur, ses textes touchants et son \u00e9nergie solaire. Mais s\u2019il est une sc\u00e8ne qu\u2019il ch\u00e9rit plus que toutes les autres, c\u2019est bien <strong>celle de la vie de famille<\/strong>.<\/p>\n<p>Mari\u00e9 depuis 2014 \u00e0 <strong>Litall<\/strong>, sa compagne de toujours, Amir est l\u2019heureux papa de <strong>trois gar\u00e7ons<\/strong>. Le premier, <strong>Mikha\u00ebl<\/strong>, est n\u00e9 en f\u00e9vrier 2019. Suivront <strong>Or<\/strong> (\u00ab Lumi\u00e8re \u00bb en h\u00e9breu), n\u00e9 en juillet 2022, puis le petit dernier, <strong>Nuri<\/strong>, venu agrandir le clan en f\u00e9vrier 2025.<\/p>\n<p>Amir partage rarement des images de ses enfants, soucieux de pr\u00e9server leur intimit\u00e9. Mais il ne r\u00e9siste parfois pas \u00e0 d\u00e9voiler des instants tendres de leur quotidien. Et c\u2019est pr\u00e9cis\u00e9ment ce qu\u2019il a fait, avec humour, dans une vid\u00e9o devenue virale.<\/p>\n<p><strong>La trahison musicale sign\u00e9e\u2026 Pierre Garnier<\/strong><\/p>\n<p>Dans cette fameuse s\u00e9quence post\u00e9e sur Instagram, Amir propose \u00e0 son fils un jeu tout simple : <strong><a href=\"https:\/\/www.public.fr\/marguerite-julien-pierre-garnier-helena-la-star-academy-en-force-aux-nrj-music-awards-2025\" target=\"_blank\" rel=\"noopener\">\u00e9lire son chanteur pr\u00e9f\u00e9r\u00e9 dans le cadre des NRJ Music Awards<\/a><\/strong>. Plein d\u2019assurance, l\u2019artiste s\u2019attend s\u00fbrement \u00e0 entendre son propre nom. Apr\u00e8s tout, il a plusieurs disques \u00e0 son actif, une ribambelle de tubes et une voix qui a charm\u00e9 toute une g\u00e9n\u00e9ration.<\/p>\n<p>Mais contre toute attente, le petit gar\u00e7on regarde son p\u00e8re droit dans les yeux et r\u00e9pond du tac au tac : \u00ab\u00a0Pierre Garnier !\u00a0\u00bb. <\/p>\n<p>Stupeur et amusement sur le visage d\u2019Amir, qui, dans un \u00e9clat de rire, commente en l\u00e9gende : <strong>\u00ab\u00a0Ne faites pas d\u2019enfants\u2026<\/strong>\u00ab\u00a0<\/p>\n<p>La vid\u00e9o a imm\u00e9diatement fait le buzz, r\u00e9coltant des milliers de likes, de commentaires amus\u00e9s et de partages. De nombreux fans ont salu\u00e9 l\u2019autod\u00e9rision du chanteur, et certains sont m\u00eame all\u00e9s jusqu\u2019\u00e0 taguer <strong>Pierre Garnier<\/strong> pour lui raconter l\u2019anecdote.<\/p>\n<p>      Mentionn\u00e9s dans cet article<\/p>\n<p>      Sur le m\u00eame sujet<\/p>\n","protected":false},"excerpt":{"rendered":"R\u00e9sum\u00e9 Amir partage avec humour un moment tendre o\u00f9 son fils pr\u00e9f\u00e8re Pierre Garnier \u00e0 lui comme chanteur&hellip;\n","protected":false},"author":2,"featured_media":419764,"comment_status":"","ping_status":"","sticky":false,"template":"","format":"standard","meta":{"footnotes":""},"categories":[1355],"tags":[33287,58,59,1011,27,2440,1361,873,22726,54888],"class_list":{"0":"post-419763","1":"post","2":"type-post","3":"status-publish","4":"format-standard","5":"has-post-thumbnail","7":"category-musique","8":"tag-amir","9":"tag-divertissement","10":"tag-entertainment","11":"tag-fr","12":"tag-france","13":"tag-instagram","14":"tag-music","15":"tag-musique","16":"tag-nrj-music-awards","17":"tag-nrj-music-tour"},"share_on_mastodon":{"url":"https:\/\/pubeurope.com\/@fr\/115272540743891855","error":""},"_links":{"self":[{"href":"https:\/\/www.europesays.com\/fr\/wp-json\/wp\/v2\/posts\/419763","targetHints":{"allow":["GET"]}}],"collection":[{"href":"https:\/\/www.europesays.com\/fr\/wp-json\/wp\/v2\/posts"}],"about":[{"href":"https:\/\/www.europesays.com\/fr\/wp-json\/wp\/v2\/types\/post"}],"author":[{"embeddable":true,"href":"https:\/\/www.europesays.com\/fr\/wp-json\/wp\/v2\/users\/2"}],"replies":[{"embeddable":true,"href":"https:\/\/www.europesays.com\/fr\/wp-json\/wp\/v2\/comments?post=419763"}],"version-history":[{"count":0,"href":"https:\/\/www.europesays.com\/fr\/wp-json\/wp\/v2\/posts\/419763\/revisions"}],"wp:featuredmedia":[{"embeddable":true,"href":"https:\/\/www.europesays.com\/fr\/wp-json\/wp\/v2\/media\/419764"}],"wp:attachment":[{"href":"https:\/\/www.europesays.com\/fr\/wp-json\/wp\/v2\/media?parent=419763"}],"wp:term":[{"taxonomy":"category","embeddable":true,"href":"https:\/\/www.europesays.com\/fr\/wp-json\/wp\/v2\/categories?post=419763"},{"taxonomy":"post_tag","embeddable":true,"href":"https:\/\/www.europesays.com\/fr\/wp-json\/wp\/v2\/tags?post=419763"}],"curies":[{"name":"wp","href":"https:\/\/api.w.org\/{rel}","templated":true}]}}