{"id":419771,"date":"2025-09-26T20:45:12","date_gmt":"2025-09-26T20:45:12","guid":{"rendered":"https:\/\/www.europesays.com\/fr\/419771\/"},"modified":"2025-09-26T20:45:12","modified_gmt":"2025-09-26T20:45:12","slug":"catherine-reussit-un-coup-de-maitre-pablo-r","status":"publish","type":"post","link":"https:\/\/www.europesays.com\/fr\/419771\/","title":{"rendered":"Catherine r\u00e9ussit un coup de maitre, Pablo r &#8230;"},"content":{"rendered":"<p>EN BREF<\/p>\n<ul class=\"bloc_resume_post_list\">\n<li>Hugo sollicite Florent pour d\u00e9fendre Pablo face aux<br \/>\naccusations d\u00a0\u00bbAchille, tandis que Noura et Charlotte organisent une<br \/>\nr\u00e9bellion scolaire.<\/li>\n<li>Eve informe Sabine de sa participation au conseil de<br \/>\ndiscipline de Pablo, ce qui provoque des tensions entre<br \/>\nelles.<\/li>\n<li>La d\u00e9couverte d&rsquo;un ADN chez Pauline pourrait bouleverser<br \/>\nl&rsquo;enqu\u00eate de Yann et choquer l&rsquo;entourage.<\/li>\n<\/ul>\n<p><strong>Hugo<\/strong> sollicite l\u2019aide de<br \/>\n<strong>Florent<\/strong> pour d\u00e9fendre au mieux les int\u00e9r\u00eats de<br \/>\n<a href=\"https:\/\/www.telestar.fr\/serie_tv\/un-si-grand-soleil-thais-souffre-pablo-face-a-un-cas-de-conscience-ce-qui-vous-attend-du-25-au-29-aout-2025-1735582\" target=\"_blank\" rel=\"noopener\"><br \/>\nPablo<\/a>. Dans le d\u00e9ni de ce qu\u2019il a provoqu\u00e9, <a href=\"https:\/\/www.telestar.fr\/serie_tv\/un-si-grand-soleil-achille-au-nom-du-pere-ce-qui-vous-attend-cette-semaine-1678432\" target=\"_blank\" rel=\"noopener\"><br \/>\nAchille<\/a> s\u2019emploie \u00e0 ternir davantage encore l\u2019image de celui<br \/>\nqu\u2019il consid\u00e8re d\u00e9sormais comme son rival. En classe, les<br \/>\naccusations port\u00e9es contre <strong>Pablo<\/strong> divisent \u00e9l\u00e8ves<br \/>\net professeurs. En guise de soutien, <strong>Hugo<\/strong> porte<br \/>\nplainte contre <strong>Mr Chazal<\/strong>, l\u2019enseignant de son<br \/>\nfils, pour insulte \u00e0 caract\u00e8re racial. <strong>Noura<\/strong> et<br \/>\n<strong>Charlotte<\/strong> organisent la r\u00e9bellion dans<br \/>\nl\u2019\u00e9tablissement en appelant au boycott du cours du professeur en<br \/>\ncause.<\/p>\n<p><a href=\"https:\/\/www.telestar.fr\/serie_tv\/un-si-grand-soleil-le-couple-deve-et-manu-sur-le-point-de-se-fracasser-1717029\" target=\"_blank\" rel=\"noopener\"><br \/>\nEve<\/a> pr\u00e9vient <strong>Sabine<\/strong> que la proviseure lui a<br \/>\ndemand\u00e9 de si\u00e9ger au conseil de discipline de<br \/>\n<strong>Pablo<\/strong>. En comprenant que sa coll\u00e8gue et amie<br \/>\nn\u2019entend pas soutenir son beau-fils, <a href=\"https:\/\/www.telestar.fr\/serie_tv\/gaela-le-devehat-un-si-grand-soleil-sabine-va-etre-secouee-par-larrivee-du-fils-cache-de-hugo-1702359\" target=\"_blank\" rel=\"noopener\"><br \/>\nSabine<\/a> voit rouge. La r\u00e9action \u00e9pidermique<br \/>\nd\u2019<strong>Achille<\/strong> met la puce \u00e0 l\u2019oreille de<br \/>\n<strong>Charlotte<\/strong> qui se demande s\u2019il n\u2019est pas \u00e0<br \/>\nl\u2019origine des probl\u00e8mes de <strong>Pablo<\/strong>. Tous ceux qui le<br \/>\nsoutiennent craignent que l\u2019accumulation des probl\u00e8mes le pr\u00e9cipite<br \/>\ndans ses anciens travers. <strong>Achille<\/strong> peut-il avoir<br \/>\ndes remords?<\/p>\n<p>Un si grand soleil : un suspect surprise<\/p>\n<p>Alors que <strong>Pauline<\/strong> est toujours dans le coma,<br \/>\n<strong>Yann<\/strong> enqu\u00eate et apr\u00e8s avoir recueilli les<br \/>\nconfidences d\u2019<strong>Elise<\/strong>, il convoque<br \/>\n<strong>Elodie<\/strong> pour l\u2019interroger. En garde \u00e0 vue,<br \/>\n<strong>Yann<\/strong> met la pression sur <strong>L\u00e9o<\/strong> pour<br \/>\nlui faire avouer qu\u2019il a frapp\u00e9 son \u00e9pouse. Mais rien n\u2019y fait. Le<br \/>\npr\u00e9venu reste sur ses positions. C\u2019est alors que la perquisition<br \/>\nchez <strong>Pauline<\/strong>, r\u00e9v\u00e8le la pr\u00e9sence d\u2019un ADN<br \/>\nformellement identifi\u00e9 et qui risque de choquer tout le monde.<\/p>\n<p>A la ferme, les ennuis li\u00e9s \u00e0 la s\u00e9cheresse inqui\u00e8tent aussi les<br \/>\nautres agriculteurs du coin qui d\u00e9cident de se mobiliser pour<br \/>\ntrouver une solution. <strong>Ludo<\/strong> se retrouve esseul\u00e9 \u00e0<br \/>\nd\u00e9fendre une agriculture responsable et respectueuse des<br \/>\nchangements climatiques tandis que ses adversaires pr\u00f4nent<br \/>\nl\u2019installation de m\u00e9ga bassines. In\u00e9vitablement le ton monte entre<br \/>\nles deux camps.<\/p>\n<p>La vengeance de Claudine<\/p>\n<p><a href=\"https:\/\/www.telestar.fr\/serie_tv\/un-si-grand-soleil-un-flic-est-mort-flore-prend-les-devants-ce-qui-vous-attend-du-7-au-11-juillet-1729794\" target=\"_blank\" rel=\"noopener\"><br \/>\nFlore<\/a> revient de Marseille. <strong>Ludo<\/strong> se demande o\u00f9<br \/>\nils en sont. Elle lui assure avoir bien r\u00e9fl\u00e9chi et consid\u00e8re que<br \/>\nl\u2019erreur a \u00e9t\u00e9 de se mettre en couple. Elle pr\u00e9f\u00e8re revenir \u00e0 une<br \/>\nrelation amicale avec lui. Mais est-ce vraiment ce qu\u2019elle a en<br \/>\nt\u00eate?<\/p>\n<p>D\u00e9sormais s\u00e9par\u00e9e de <strong>Florent<\/strong> et<br \/>\n<strong>Johanna<\/strong>, <strong>Claudine<\/strong> s\u2019associe \u00e0<br \/>\n<strong>Me Levars<\/strong>. Les voil\u00e0 qui planchent sur une affaire<br \/>\ndont la partie adverse est d\u00e9fendue par le cabinet Lemeur-Grasset\u2026<br \/>\nEn d\u00e9couvrant que <strong>Claudine<\/strong> est leur nouvelle<br \/>\nadversaire dans ce dossier, <strong>Johanna<\/strong> et<br \/>\n<strong>Florent<\/strong> manquent de s\u2019\u00e9touffer.<\/p>\n","protected":false},"excerpt":{"rendered":"EN BREF Hugo sollicite Florent pour d\u00e9fendre Pablo face aux accusations d\u00a0\u00bbAchille, tandis que Noura et Charlotte organisent&hellip;\n","protected":false},"author":2,"featured_media":419772,"comment_status":"","ping_status":"","sticky":false,"template":"","format":"standard","meta":{"footnotes":""},"categories":[8],"tags":[548,58,59,1011,27,876,9766],"class_list":{"0":"post-419771","1":"post","2":"type-post","3":"status-publish","4":"format-standard","5":"has-post-thumbnail","7":"category-divertissement","8":"tag-article-simple","9":"tag-divertissement","10":"tag-entertainment","11":"tag-fr","12":"tag-france","13":"tag-france-3","14":"tag-un-si-grand-soleil"},"share_on_mastodon":{"url":"https:\/\/pubeurope.com\/@fr\/115272556643456202","error":""},"_links":{"self":[{"href":"https:\/\/www.europesays.com\/fr\/wp-json\/wp\/v2\/posts\/419771","targetHints":{"allow":["GET"]}}],"collection":[{"href":"https:\/\/www.europesays.com\/fr\/wp-json\/wp\/v2\/posts"}],"about":[{"href":"https:\/\/www.europesays.com\/fr\/wp-json\/wp\/v2\/types\/post"}],"author":[{"embeddable":true,"href":"https:\/\/www.europesays.com\/fr\/wp-json\/wp\/v2\/users\/2"}],"replies":[{"embeddable":true,"href":"https:\/\/www.europesays.com\/fr\/wp-json\/wp\/v2\/comments?post=419771"}],"version-history":[{"count":0,"href":"https:\/\/www.europesays.com\/fr\/wp-json\/wp\/v2\/posts\/419771\/revisions"}],"wp:featuredmedia":[{"embeddable":true,"href":"https:\/\/www.europesays.com\/fr\/wp-json\/wp\/v2\/media\/419772"}],"wp:attachment":[{"href":"https:\/\/www.europesays.com\/fr\/wp-json\/wp\/v2\/media?parent=419771"}],"wp:term":[{"taxonomy":"category","embeddable":true,"href":"https:\/\/www.europesays.com\/fr\/wp-json\/wp\/v2\/categories?post=419771"},{"taxonomy":"post_tag","embeddable":true,"href":"https:\/\/www.europesays.com\/fr\/wp-json\/wp\/v2\/tags?post=419771"}],"curies":[{"name":"wp","href":"https:\/\/api.w.org\/{rel}","templated":true}]}}