{"id":419775,"date":"2025-09-26T20:47:11","date_gmt":"2025-09-26T20:47:11","guid":{"rendered":"https:\/\/www.europesays.com\/fr\/419775\/"},"modified":"2025-09-26T20:47:11","modified_gmt":"2025-09-26T20:47:11","slug":"le-train-de-vie-des-salaries-de-france-televisions-a-t-il-vraiment-baisse-comme-laffirme-delphine-ernotte","status":"publish","type":"post","link":"https:\/\/www.europesays.com\/fr\/419775\/","title":{"rendered":"Le \u00abtrain de vie\u00bb des salari\u00e9s de France T\u00e9l\u00e9visions a-t-il vraiment \u00abbaiss\u00e9\u00bb, comme l\u2019affirme Delphine Ernotte ?"},"content":{"rendered":"<p><strong>LA V\u00c9RIFICATION &#8211;<\/strong> Invit\u00e9e \u00e0 d\u00e9fendre sa gestion ce vendredi, la dirigeante du groupe public a affirm\u00e9 avoir \u00abr\u00e9duit le train de vie\u00bb de ses employ\u00e9s et continuer \u00e0 le faire.<\/p>\n<p class=\"fig-paragraph\">France T\u00e9l\u00e9visions se retrouve \u00e0 nouveau sous le feu des projecteurs. Publi\u00e9 cette semaine, un\u00a0<a href=\"http:\/\/www.lefigaro.fr\/medias\/a-france-televisions-des-economies-possibles-il-y-en-a-par-centaines-de-millions-d-euros-20250923\" data-fig-type=\"Article\" data-gtm-custom-categorie=\"navigation\" data-gtm-custom-action=\"crossclick\" data-gtm-custom-label=\"Contextuel\" data-gtm-event=\"customEventSPE\" data-fig-domain=\"LEFIGARO\" target=\"_blank\" rel=\"noopener\">rapport de la Cour des comptes<\/a>\u00a0a tir\u00e9 la sonnette d\u2019alarme sur la situation financi\u00e8re du m\u00e9dia public. L\u2019institution de la rue Cambon s\u2019inqui\u00e8te notamment d\u2019une tr\u00e9sorerie en difficult\u00e9, d\u2019une masse salariale importante, d\u2019indemnit\u00e9s sup\u00e9rieures \u00e0 la moyenne ou encore d\u2019un recours massif aux taxis &#8211; pr\u00e8s de 4 millions d\u2019euros en 2024 &#8211; ainsi que d\u2019un d\u00e9ficit cumul\u00e9 de 81 millions d\u2019euros depuis 2017. De quoi susciter de nombreuses critiques \u00e0 droite de l\u2019\u00e9chiquier politique, o\u00f9 l\u2019on pointait du doigt une masse salariale hors de contr\u00f4le, maintenue \u00e0 un niveau \u00e9lev\u00e9 par des m\u00e9canismes d\u2019anciennet\u00e9, des \u00abavantages en nature\u00bb et des \u00abdispositions g\u00e9n\u00e9reuses\u00bb.<\/p>\n<p class=\"fig-paragraph\">Invit\u00e9e sur RTL, ce vendredi 26 septembre, la patronne de France T\u00e9l\u00e9visions s\u2019est d\u00e9fendue. Ces d\u00e9penses \u00absont n\u00e9cessaires \u00e0 l\u2019activit\u00e9\u00bb, a assur\u00e9 Delphine Ernotte, rappelant que France T\u00e9l\u00e9visions couvrait l\u2019ensemble du territoire national, ainsi que le reste du monde. \u00abBien s\u00fbr, [les d\u00e9penses] sont encadr\u00e9es, contr\u00f4l\u00e9es\u00bb et \u00abil n\u2019y a aucune irr\u00e9gularit\u00e9 relev\u00e9e par la Cour\u00bb, a-t-elle plaid\u00e9. \u00abLa Cour note aussi qu\u2019on a baiss\u00e9 le train de vie [des salari\u00e9s] et qu\u2019on va continuer \u00e0 le faire\u00bb, a soutenu la pr\u00e9sidente de France T\u00e9l\u00e9visions.<\/p>\n<p class=\"fig-premium-paywall__infos\">\n        Cet article est r\u00e9serv\u00e9 aux abonn\u00e9s.        Il vous reste 81% \u00e0 d\u00e9couvrir.\n    <\/p>\n<p>                <img  data- alt=\"Le Figaro\" class=\"fig-img--complete fig-img\"\/><\/p>\n<p class=\"fig-premium-paywall__title\">Vous avez envie de lire la suite ?<\/p>\n<p class=\"fig-premium-paywall__subtitle\">D\u00e9bloquez tous les articles imm\u00e9diatement.<\/p>\n<p class=\"fig-premium-paywall__connect\">\n                D\u00e9j\u00e0 abonn\u00e9\u00a0?                <a class=\"fig-premium-paywall__connect-link\" href=\"https:\/\/connect.lefigaro.fr\/login?client=horizon_web&amp;type=main&amp;redirect_uri=https%3A%2F%2Fwww.lefigaro.fr%2Fmedias%2Fle-train-de-vie-des-salaries-de-france-televisions-a-t-il-vraiment-baisse-comme-l-affirme-delphine-ernotte-20250926\" data-js-gtm=\"{&quot;customCategorie&quot;: &quot;conversion&quot;, &quot;customAction&quot;: &quot;before_Landing_Connexion_paywall_manuel&quot;, &quot;customLabel&quot;: &quot;bGVmaWdhcm8uZnJfXzFmMDlhZGQ0LWU2YWMtNmJjYS1hYmMyLTg5NmMyOWU2MjYwYV9fQXJ0aWNsZQ==_Le \u00abtrain de vie\u00bb des salari\u00e9s de France T\u00e9l\u00e9visions a-t-il vraiment \u00abbaiss\u00e9\u00bb, comme l\u2019affirme Delphine Ernotte\u00a0?_581&quot;, &quot;customIDSPE&quot;: &quot;bGVmaWdhcm8uZnJfXzFmMDlhZGQ0LWU2YWMtNmJjYS1hYmMyLTg5NmMyOWU2MjYwYV9fQXJ0aWNsZQ==&quot;, &quot;event&quot;: &quot;customEventSPE&quot;}\" target=\"_blank\" rel=\"noopener\"><br \/>\n                    Connectez-vous<br \/>\n                <\/a>\n            <\/p>\n","protected":false},"excerpt":{"rendered":"LA V\u00c9RIFICATION &#8211; Invit\u00e9e \u00e0 d\u00e9fendre sa gestion ce vendredi, la dirigeante du groupe public a affirm\u00e9 avoir&hellip;\n","protected":false},"author":2,"featured_media":419776,"comment_status":"","ping_status":"","sticky":false,"template":"","format":"standard","meta":{"footnotes":""},"categories":[6],"tags":[35,11255,33,34,1011,27,23339,7264],"class_list":{"0":"post-419775","1":"post","2":"type-post","3":"status-publish","4":"format-standard","5":"has-post-thumbnail","7":"category-economie","8":"tag-business","9":"tag-delphine-ernotte","10":"tag-economie","11":"tag-economy","12":"tag-fr","13":"tag-france","14":"tag-france-television","15":"tag-salaries"},"share_on_mastodon":{"url":"https:\/\/pubeurope.com\/@fr\/115272564357219254","error":""},"_links":{"self":[{"href":"https:\/\/www.europesays.com\/fr\/wp-json\/wp\/v2\/posts\/419775","targetHints":{"allow":["GET"]}}],"collection":[{"href":"https:\/\/www.europesays.com\/fr\/wp-json\/wp\/v2\/posts"}],"about":[{"href":"https:\/\/www.europesays.com\/fr\/wp-json\/wp\/v2\/types\/post"}],"author":[{"embeddable":true,"href":"https:\/\/www.europesays.com\/fr\/wp-json\/wp\/v2\/users\/2"}],"replies":[{"embeddable":true,"href":"https:\/\/www.europesays.com\/fr\/wp-json\/wp\/v2\/comments?post=419775"}],"version-history":[{"count":0,"href":"https:\/\/www.europesays.com\/fr\/wp-json\/wp\/v2\/posts\/419775\/revisions"}],"wp:featuredmedia":[{"embeddable":true,"href":"https:\/\/www.europesays.com\/fr\/wp-json\/wp\/v2\/media\/419776"}],"wp:attachment":[{"href":"https:\/\/www.europesays.com\/fr\/wp-json\/wp\/v2\/media?parent=419775"}],"wp:term":[{"taxonomy":"category","embeddable":true,"href":"https:\/\/www.europesays.com\/fr\/wp-json\/wp\/v2\/categories?post=419775"},{"taxonomy":"post_tag","embeddable":true,"href":"https:\/\/www.europesays.com\/fr\/wp-json\/wp\/v2\/tags?post=419775"}],"curies":[{"name":"wp","href":"https:\/\/api.w.org\/{rel}","templated":true}]}}