{"id":419779,"date":"2025-09-26T20:49:10","date_gmt":"2025-09-26T20:49:10","guid":{"rendered":"https:\/\/www.europesays.com\/fr\/419779\/"},"modified":"2025-09-26T20:49:10","modified_gmt":"2025-09-26T20:49:10","slug":"face-aux-attaques-les-contre-verites-sur-son-jugement-demystifiees-liberation","status":"publish","type":"post","link":"https:\/\/www.europesays.com\/fr\/419779\/","title":{"rendered":"face aux attaques, les contre-v\u00e9rit\u00e9s sur son jugement d\u00e9mystifi\u00e9es \u2013 Lib\u00e9ration"},"content":{"rendered":"<p class=\"sc-cPiKLX AiZTS text-element\">Il fallait s\u2019y attendre. \u00c0 peine le jugement du tribunal correctionnel de Paris avait-il \u00e9t\u00e9 prononc\u00e9 <a href=\"https:\/\/www.liberation.fr\/societe\/police-justice\/proces-du-financement-libyen-lancien-president-de-la-republique-nicolas-sarkozy-reconnu-coupable-dassociation-de-malfaiteurs-20250925_XBFA2EH57BD2LPZ425EDRZG3OE\/\" target=\"_blank\" rel=\"noopener\" title=\"https:\/\/www.liberation.fr\/societe\/police-justice\/proces-du-financement-libyen-lancien-president-de-la-republique-nicolas-sarkozy-reconnu-coupable-dassociation-de-malfaiteurs-20250925_XBFA2EH57BD2LPZ425EDRZG3OE\/\">\u00e0 l\u2019encontre de Nicolas Sarkozy<\/a>, jeudi 25 septembre, que contre-v\u00e9rit\u00e9s et approximations envahissaient l\u2019espace public et m\u00e9diatique. L\u2019ex-chef d\u2019Etat a \u00e9t\u00e9 condamn\u00e9 \u00e0 cinq ans de prison ferme et <a href=\"https:\/\/www.liberation.fr\/societe\/police-justice\/mandat-de-depot-a-effet-differe-execution-provisoire-appel-les-questions-apres-le-jugement-de-sarkozy-20250925_MMUTWDDXRZEF7DNB2JIMJPH74E\/\" target=\"_blank\" rel=\"noopener\" title=\"https:\/\/www.liberation.fr\/societe\/police-justice\/mandat-de-depot-a-effet-differe-execution-provisoire-appel-les-questions-apres-le-jugement-de-sarkozy-20250925_MMUTWDDXRZEF7DNB2JIMJPH74E\/\">passera par la case prison<\/a>, une premi\u00e8re. Imm\u00e9diatement, <a href=\"https:\/\/www.liberation.fr\/politique\/condamnation-de-nicolas-sarkozy-a-droite-et-a-lextreme-droite-un-flot-de-reactions-et-dattaques-contre-la-justice-20250925_N7DTNXALJNHLDB5ORGUX43H6KU\/\" target=\"_blank\" rel=\"noreferrer noopener\" title=\"https:\/\/www.libera &lt;div style=\" clear:=\"\" both=\"\"><\/p>\n","protected":false},"excerpt":{"rendered":"Il fallait s\u2019y attendre. \u00c0 peine le jugement du tribunal correctionnel de Paris avait-il \u00e9t\u00e9 prononc\u00e9 \u00e0 l\u2019encontre&hellip;\n","protected":false},"author":2,"featured_media":419780,"comment_status":"","ping_status":"","sticky":false,"template":"","format":"standard","meta":{"footnotes":""},"categories":[4],"tags":[11,1011,27,4367,12,3091,25,5062],"class_list":{"0":"post-419779","1":"post","2":"type-post","3":"status-publish","4":"format-standard","5":"has-post-thumbnail","7":"category-france","8":"tag-actualites","9":"tag-fr","10":"tag-france","11":"tag-libye","12":"tag-news","13":"tag-nicolas-sarkozy","14":"tag-republique-francaise","15":"tag-sarkozy-face-a-la-justice"},"share_on_mastodon":{"url":"https:\/\/pubeurope.com\/@fr\/115272572254799576","error":""},"_links":{"self":[{"href":"https:\/\/www.europesays.com\/fr\/wp-json\/wp\/v2\/posts\/419779","targetHints":{"allow":["GET"]}}],"collection":[{"href":"https:\/\/www.europesays.com\/fr\/wp-json\/wp\/v2\/posts"}],"about":[{"href":"https:\/\/www.europesays.com\/fr\/wp-json\/wp\/v2\/types\/post"}],"author":[{"embeddable":true,"href":"https:\/\/www.europesays.com\/fr\/wp-json\/wp\/v2\/users\/2"}],"replies":[{"embeddable":true,"href":"https:\/\/www.europesays.com\/fr\/wp-json\/wp\/v2\/comments?post=419779"}],"version-history":[{"count":0,"href":"https:\/\/www.europesays.com\/fr\/wp-json\/wp\/v2\/posts\/419779\/revisions"}],"wp:featuredmedia":[{"embeddable":true,"href":"https:\/\/www.europesays.com\/fr\/wp-json\/wp\/v2\/media\/419780"}],"wp:attachment":[{"href":"https:\/\/www.europesays.com\/fr\/wp-json\/wp\/v2\/media?parent=419779"}],"wp:term":[{"taxonomy":"category","embeddable":true,"href":"https:\/\/www.europesays.com\/fr\/wp-json\/wp\/v2\/categories?post=419779"},{"taxonomy":"post_tag","embeddable":true,"href":"https:\/\/www.europesays.com\/fr\/wp-json\/wp\/v2\/tags?post=419779"}],"curies":[{"name":"wp","href":"https:\/\/api.w.org\/{rel}","templated":true}]}}