{"id":419798,"date":"2025-09-26T21:00:14","date_gmt":"2025-09-26T21:00:14","guid":{"rendered":"https:\/\/www.europesays.com\/fr\/419798\/"},"modified":"2025-09-26T21:00:14","modified_gmt":"2025-09-26T21:00:14","slug":"quelles-foires-a-tout-et-brocantes-peut-on-visiter-ce-week-end-en-seine-maritime","status":"publish","type":"post","link":"https:\/\/www.europesays.com\/fr\/419798\/","title":{"rendered":"Quelles foires \u00e0 tout et brocantes peut-on visiter ce week-end en Seine-Maritime\u00a0?"},"content":{"rendered":"<p>            Par<br \/>\n        <strong><br \/>\n            <a href=\"https:\/\/actu.fr\/auteur\/louise-boutard\" title=\"Consulter tous les articles de Louise Boutard\" target=\"_blank\" rel=\"noopener\">Louise Boutard<\/a><br \/>\n        <\/strong><\/p>\n<p>        Publi\u00e9 le<\/p>\n<p>            26 sept. 2025 \u00e0 20h18        <\/p>\n<p>Comme chaque semaine, voici les foires \u00e0 tout, vide-greniers, et autres brocantes o\u00f9 vous pourrez chiner ces samedi 27 et dimanche 28 septembre 2025 en <strong>Seine-Maritime <\/strong>(liste non exhaustive).<\/p>\n<p>Samedi 27\u00a0septembre\u2009:<\/p>\n<p class=\" wall-content\"><strong>Criquetot-l\u2019Esneval<\/strong>\u2009: bourse \u00e0 la pu\u00e9riculture, jouets et v\u00eatements pour enfants et adolescents. Dans la salle des f\u00eates, route de Vergetot\u00a0de 9\u2009h \u00e0 18\u2009h. Restauration sur place.<\/p>\n<p class=\" wall-content\"><strong>H\u00e9nouville<\/strong>\u2009: foire \u00e0 tout d\u2019automne dans la salle polyvalente, 6 rue du stade et alentours de 8\u2009h \u00e0 17\u2009h\u200930. F\u00eate du village, man\u00e8ge et restauration sur place, organis\u00e9 par le comit\u00e9 des f\u00eates pour la Saint-Michel.<\/p>\n<p class=\" wall-content\"><strong>Le\u00a0Havre\u2009:<\/strong> vide-grenier dans la salle des f\u00eates de Bl\u00e9ville, de 8\u2009h \u00e0 17\u2009h. Entr\u00e9e 1\u00a0\u20ac. Restauration.<\/p>\n<p class=\" wall-content\"><strong>Oissel<\/strong>\u2009: foire \u00e0 tout sur la plaine des Landaus, rue Pierre-Semard, de 6\u2009h \u00e0 17\u2009h. Restauration sur place.<\/p>\n<p class=\" wall-content\"><strong>Saint-Nicolas-de-la-Haie\u2009<\/strong>: vide-grenier et f\u00eate du village, dans la salle des f\u00eates, de 8\u2009h \u00e0 17\u2009h\u200930. Animations, man\u00e8ge.<\/p>\n<p>Dimanche 28\u00a0septembre\u2009:<\/p>\n<p class=\" wall-content\"><strong>Barentin\u2009:<\/strong> foire \u00e0 tout sur le parking du boulevard de Westphalie devant Vertbaudet et la R\u00e9aut\u00e9, de 6\u2009h \u00e0 18\u2009h.<\/p>\n<p class=\" wall-content\"><strong>Bolbec\u2009:<\/strong> vide-grenier du RC Handball, sur le parking du Val-aux-Gr\u00e8s de 7\u2009h \u00e0 18\u2009h. Entr\u00e9e 1\u00a0\u20ac au profit des jeunes handballeurs. Restauration sur place.<\/p>\n<p>Votre r\u00e9gion, votre actu !<\/p>\n<p>Recevez chaque jour les infos qui comptent pour vous.<\/p>\n<p>\t<a href=\"https:\/\/actu.fr\/newsletter\" class=\"ac-btn ac-btn--corner ac-btn--medium ac-btn--blue800\" target=\"_blank\" rel=\"noopener\">S&rsquo;incrire<\/a><\/p>\n<p class=\" wall-content\"><strong>Cany-Barville\u2009:<\/strong> vide-grenier dans la salle Daniel-Pierre, de 8 \u00e0 18\u2009h. Entr\u00e9e 1\u00a0\u20ac. Restauration sur place. Organis\u00e9 par le T\u00e9l\u00e9thon.<\/p>\n<p class=\" wall-content\"><strong>Croix-Mare\u2009:<\/strong> foire \u00e0 tout sur le terrain communal, impasse du stade de 8\u2009h \u00e0 18\u2009h. Restauration sur place.<\/p>\n<p class=\" wall-content\"><strong>Eu\u2009:<\/strong> brocante des Jeunes Sapeurs-Pompiers des Pr\u00e9s-sal\u00e9s, dans la sellerie du ch\u00e2teau, place Saint-Laurent O\u2019toole, de 7\u2009h \u00e0 17\u2009h\u200930. Restauration sur place.<\/p>\n<p class=\" wall-content\"><strong>Flocques\u2009:<\/strong> vide-greniers des f\u00eates de Flocques, dans l\u2019espace de transport JMS, place du Tilleul, de 8\u2009h \u00e0 18\u2009h. Fete foraine, animation par l\u2019amicale des anciens pompiers du\u00a0Tr\u00e9port.<\/p>\n<p class=\" wall-content\"><strong>Fontenay<\/strong>\u2009: vide-grenier d\u2019ALF au gymnase pr\u00e8s du stade, rue des Hameaux, de 8\u2009h \u00e0 18\u2009h. Entr\u00e9e 1\u00a0\u20ac. Restauration sur place.<\/p>\n<p class=\" wall-content\"><strong>Franqueville-Saint-Pierre<\/strong>\u2009: foire \u00e0 toute rue des champs fleuris, de 8\u2009h \u00e0 17\u2009h\u200930. Restauration sur place.<\/p>\n<p class=\" wall-content\"><strong>Goupill\u00e8res<\/strong>\u2009: foire \u00e0 tout dans la salle polyvalente, chemin des \u00e9coliers, de 8\u2009h \u00e0 16\u2009h\u200930. Restauration sur place.<\/p>\n<p class=\" wall-content\"><strong>Le Grand-Quevilly<\/strong>\u2009: foire \u00e0 tout sur la place du Qu\u00e9bec, rue Suzanne-Savale de 6\u2009h \u00e0 17\u2009h.<\/p>\n<p class=\" wall-content\"><strong>Le\u00a0Havre\u2009:<\/strong> foire \u00e0 tout dans le <a href=\"https:\/\/actu.fr\/normandie\/le-havre_76351\/bons-plans-et-ambiance-familiale-au-havre-le-quartier-saint-vincent-sera-en-fete-ce-week-end_63199243.html\" target=\"_blank\" rel=\"noopener\">quartier Saint-Vincent rendu pi\u00e9ton,<\/a> rue d\u2019\u00c9tretat et autour de l\u2019\u00e9glise. De 7\u2009h \u00e0 18\u2009h\u200930. Restauration sur place, animations, chorales, march\u00e9 vintage, march\u00e9 des cr\u00e9ateurs et braderie des commer\u00e7ants.<\/p>\n<p class=\" wall-content\"><strong>Le\u00a0Havre\u2009:<\/strong> vide-grenier annuel de l\u2019association culturelle Jocco, dans la salle des f\u00eates de Graville, 133 rue de Verdun, de 8\u2009h \u00e0 18\u2009h. Entr\u00e9e 1\u00a0\u20ac. Restauration sur place.<\/p>\n<p class=\" wall-content\"><strong>Lillebonne\u2009:<\/strong> vide-grenier dans les jardins derri\u00e8re la mairie, rue Auguste-Desgenetais, de 7\u2009h \u00e0 18\u2009h. Entr\u00e9e 1\u00a0\u20ac. \u00c9v\u00e8nement\u00a0en faveur de l\u2019association la petite ferme aux merveilles, en pr\u00e9sence des animaux.<\/p>\n<p class=\" wall-content\"><strong>Malaunay\u2009:<\/strong> foire \u00e0 tout sur le parking \u00e0 c\u00f4t\u00e9 de la mairie, place du 8-Mai de 7\u2009h\u200930 \u00e0 17\u2009h.<\/p>\n<p class=\" wall-content\"><strong>Nointot<\/strong>\u2009: vide-grenier devant la mairie, dans la cour de l\u2019\u00e9cole et sur la place de la fontaine de 8\u2009h \u00e0 17\u2009h\u200930. Entr\u00e9e 1\u00a0\u20ac. Restauration sur place.<\/p>\n<p class=\" wall-content\"><strong>Port-J\u00e9r\u00f4me-sur-Seine\u2009:<\/strong> vide-grenier du CSG football dans la salle Charles-P\u00e9guy, avenue du ch\u00e2teau de 8\u2009h \u00e0 17\u2009h. Entr\u00e9e 1\u00a0\u20ac. Restauration sur place.<\/p>\n<p class=\" wall-content\"><strong>Pr\u00e9aux\u2009:<\/strong> foire \u00e0 tout sur l\u2019esplanade de la Cl\u00e9 des champs et devant l\u2019\u00e9cole, route de Roncherolles de 8\u2009h \u00e0 17\u2009h. Restauration sur place.<\/p>\n<p class=\" wall-content\"><strong>Rouen\u2009:<\/strong> foire \u00e0 tout des gazelles normandes dans l\u2019\u00e9co-quartier Lucilline, sur le mail Andr\u00e9e Putman de 7\u2009h \u00e0 18\u2009h. Restauration sur place.<\/p>\n<p class=\" wall-content\"><strong>Rouen\u2009:<\/strong> foire \u00e0 tout dans le haut de la rue de Reims de 6\u2009h \u00e0 18\u2009h. Restauration sur place.<\/p>\n<p class=\" wall-content\"><strong>Roumare\u2009:<\/strong> foire \u00e0 tout dans les rues du centre du village de 8\u2009h \u00e0 18\u2009h. Restauration sur place.<\/p>\n<p>Vous souhaitez annoncer un \u00e9v\u00e9nement festif ou associatif, une initiative locale\u2009? Rendez-vous sur notre <a href=\"https:\/\/www.infolocale.fr\/decouvrir\/actu\/\" target=\"_blank\" rel=\"noopener\">plateforme Infolocale.<\/a><\/p>\n<p class=\" wall-content\">Personnalisez votre actualit\u00e9 en ajoutant vos villes et m\u00e9dias en favori avec <a href=\"https:\/\/moncompte.actu.fr\" title=\"D\u00e9couvez Mon Actu\" rel=\"nofollow noopener\" data-trk=\"{&quot;cta&quot;:{&quot;action&quot;:&quot;https:\\\/\\\/moncompte.actu.fr&quot;,&quot;category&quot;:&quot;mon compte&quot;,&quot;from&quot;:&quot;article footer&quot;,&quot;name&quot;:&quot;Mon actu&quot;,&quot;type&quot;:&quot;cta&quot;}}\" target=\"_blank\">Mon Actu<\/a>.<\/p>\n","protected":false},"excerpt":{"rendered":"Par Louise Boutard Publi\u00e9 le 26 sept. 2025 \u00e0 20h18 Comme chaque semaine, voici les foires \u00e0 tout,&hellip;\n","protected":false},"author":2,"featured_media":419799,"comment_status":"","ping_status":"","sticky":false,"template":"","format":"standard","meta":{"footnotes":""},"categories":[9587],"tags":[1111,11,6961,1777,674,10087,1011,27,1652,12,5161,25,9590,3365],"class_list":{"0":"post-419798","1":"post","2":"type-post","3":"status-publish","4":"format-standard","5":"has-post-thumbnail","7":"category-rouen","8":"tag-actu","9":"tag-actualites","10":"tag-brocante","11":"tag-eu","12":"tag-europe","13":"tag-foires-a-tout","14":"tag-fr","15":"tag-france","16":"tag-loisirs-culture","17":"tag-news","18":"tag-normandie","19":"tag-republique-francaise","20":"tag-rouen","21":"tag-vide-greniers"},"share_on_mastodon":{"url":"https:\/\/pubeurope.com\/@fr\/115272615473825694","error":""},"_links":{"self":[{"href":"https:\/\/www.europesays.com\/fr\/wp-json\/wp\/v2\/posts\/419798","targetHints":{"allow":["GET"]}}],"collection":[{"href":"https:\/\/www.europesays.com\/fr\/wp-json\/wp\/v2\/posts"}],"about":[{"href":"https:\/\/www.europesays.com\/fr\/wp-json\/wp\/v2\/types\/post"}],"author":[{"embeddable":true,"href":"https:\/\/www.europesays.com\/fr\/wp-json\/wp\/v2\/users\/2"}],"replies":[{"embeddable":true,"href":"https:\/\/www.europesays.com\/fr\/wp-json\/wp\/v2\/comments?post=419798"}],"version-history":[{"count":0,"href":"https:\/\/www.europesays.com\/fr\/wp-json\/wp\/v2\/posts\/419798\/revisions"}],"wp:featuredmedia":[{"embeddable":true,"href":"https:\/\/www.europesays.com\/fr\/wp-json\/wp\/v2\/media\/419799"}],"wp:attachment":[{"href":"https:\/\/www.europesays.com\/fr\/wp-json\/wp\/v2\/media?parent=419798"}],"wp:term":[{"taxonomy":"category","embeddable":true,"href":"https:\/\/www.europesays.com\/fr\/wp-json\/wp\/v2\/categories?post=419798"},{"taxonomy":"post_tag","embeddable":true,"href":"https:\/\/www.europesays.com\/fr\/wp-json\/wp\/v2\/tags?post=419798"}],"curies":[{"name":"wp","href":"https:\/\/api.w.org\/{rel}","templated":true}]}}