{"id":419800,"date":"2025-09-26T21:01:16","date_gmt":"2025-09-26T21:01:16","guid":{"rendered":"https:\/\/www.europesays.com\/fr\/419800\/"},"modified":"2025-09-26T21:01:16","modified_gmt":"2025-09-26T21:01:16","slug":"national-le-fbbp-01-repart-frustre-et-encore-battu-de-rouen","status":"publish","type":"post","link":"https:\/\/www.europesays.com\/fr\/419800\/","title":{"rendered":"National. Le FBBP 01 repart \u00ab\u00a0frustr\u00e9\u00a0\u00bb et encore battu de Rouen"},"content":{"rendered":"<p> FC Rouen &#8211; FBBP 01 1 &#8211; 0 Bourg-P\u00e9ronnas esp\u00e9rait glaner a minima un point \u00e0 Rouen et qui sait, peut-\u00eatre cr\u00e9er l\u2019exploit. Il n\u2019en a rien \u00e9t\u00e9. Les hommes de David Le Frapper se sont inclin\u00e9s (1-0) faute, notamment, d\u2019avoir su trouver la solution face au bloc rouennais. Enfin, bloc\u2026 Certes les Diables rouges ont tout de suite pris le contr\u00f4le des op\u00e9rations, mais ils ne sont pas parvenus \u00e0 mettre la d\u00e9fense bressane hors de position. La raison\u00a0? D\u00e8s qu\u2019ils sont entr\u00e9s dans les trente m\u00e8tres adverses, Bassin et ses co\u00e9quipiers ont manqu\u00e9 de justesse technique, en t\u00e9moignent les multiples centres rat\u00e9s. Ceux-ci auraient alors pu faire la diff\u00e9rence sur coup de pied arr\u00eat\u00e9, sauf que, l\u00e0 aussi, la pr\u00e9cision a laiss\u00e9 \u00e0 d\u00e9sirer.<\/p>\n<p>Rarement mis&#8230;<\/p>\n","protected":false},"excerpt":{"rendered":"FC Rouen &#8211; FBBP 01 1 &#8211; 0 Bourg-P\u00e9ronnas esp\u00e9rait glaner a minima un point \u00e0 Rouen et&hellip;\n","protected":false},"author":2,"featured_media":419801,"comment_status":"","ping_status":"","sticky":false,"template":"","format":"standard","meta":{"footnotes":""},"categories":[9587],"tags":[1111,11,6749,6750,6751,1777,674,53597,107,63,1011,27,12,5161,25,9590,517],"class_list":{"0":"post-419800","1":"post","2":"type-post","3":"status-publish","4":"format-standard","5":"has-post-thumbnail","7":"category-rouen","8":"tag-actu","9":"tag-actualites","10":"tag-bourg-en-bresse","11":"tag-bourg-en-bresse-ville","12":"tag-edition-ain-ouest","13":"tag-eu","14":"tag-europe","15":"tag-fbbp-01-football-bourg-en-bresse-peronnas-01","16":"tag-fil-info","17":"tag-football","18":"tag-fr","19":"tag-france","20":"tag-news","21":"tag-normandie","22":"tag-republique-francaise","23":"tag-rouen","24":"tag-sport"},"share_on_mastodon":{"url":"https:\/\/pubeurope.com\/@fr\/115272619439045082","error":""},"_links":{"self":[{"href":"https:\/\/www.europesays.com\/fr\/wp-json\/wp\/v2\/posts\/419800","targetHints":{"allow":["GET"]}}],"collection":[{"href":"https:\/\/www.europesays.com\/fr\/wp-json\/wp\/v2\/posts"}],"about":[{"href":"https:\/\/www.europesays.com\/fr\/wp-json\/wp\/v2\/types\/post"}],"author":[{"embeddable":true,"href":"https:\/\/www.europesays.com\/fr\/wp-json\/wp\/v2\/users\/2"}],"replies":[{"embeddable":true,"href":"https:\/\/www.europesays.com\/fr\/wp-json\/wp\/v2\/comments?post=419800"}],"version-history":[{"count":0,"href":"https:\/\/www.europesays.com\/fr\/wp-json\/wp\/v2\/posts\/419800\/revisions"}],"wp:featuredmedia":[{"embeddable":true,"href":"https:\/\/www.europesays.com\/fr\/wp-json\/wp\/v2\/media\/419801"}],"wp:attachment":[{"href":"https:\/\/www.europesays.com\/fr\/wp-json\/wp\/v2\/media?parent=419800"}],"wp:term":[{"taxonomy":"category","embeddable":true,"href":"https:\/\/www.europesays.com\/fr\/wp-json\/wp\/v2\/categories?post=419800"},{"taxonomy":"post_tag","embeddable":true,"href":"https:\/\/www.europesays.com\/fr\/wp-json\/wp\/v2\/tags?post=419800"}],"curies":[{"name":"wp","href":"https:\/\/api.w.org\/{rel}","templated":true}]}}