{"id":419808,"date":"2025-09-26T21:05:37","date_gmt":"2025-09-26T21:05:37","guid":{"rendered":"https:\/\/www.europesays.com\/fr\/419808\/"},"modified":"2025-09-26T21:05:37","modified_gmt":"2025-09-26T21:05:37","slug":"vide-greniers-parade-open-air-que-faire-a-rennes-ce-week-end-voici-notre-selection-didees-sorties","status":"publish","type":"post","link":"https:\/\/www.europesays.com\/fr\/419808\/","title":{"rendered":"Vide-greniers, parade, open air\u2026 Que faire \u00e0 Rennes ce week-end ? Voici notre s\u00e9lection d&rsquo;id\u00e9es sorties"},"content":{"rendered":"<p>            Par<br \/>\n        <strong><br \/>\n            <a href=\"https:\/\/actu.fr\/auteur\/clemence-pays02-actu-fr\" title=\"Consulter tous les articles de Cl\u00e9mence Pays\" target=\"_blank\" rel=\"noopener\">Cl\u00e9mence Pays<\/a><br \/>\n        <\/strong><\/p>\n<p>        Publi\u00e9 le<\/p>\n<p>            26 sept. 2025 \u00e0 17h39        <\/p>\n<p>De la techno et des v\u00e9los, des animations dans le centre-ville, des bonnes affaires \u00e0 d\u00e9nicher\u2026 En ce dernier week-end de septembre, de nombreuses activit\u00e9s sont organis\u00e9es \u00e0 Rennes. La r\u00e9daction vous en propose une s\u00e9lection d\u00e9di\u00e9e \u00e0 tous les \u00e2ges et pour tous les porte-monnaie, <strong>du vendredi\u00a026 au dimanche 28\u00a0septembre 2025.<\/strong><\/p>\n<p>Une grande vente de livres et CD<\/p>\n<p class=\" wall-content\">Ce vendredi et samedi, <a href=\"https:\/\/actu.fr\/bretagne\/rennes_35238\/rennes-la-belle-dechette-demenage-a-la-courrouze-et-voit-plus-grand_60622957.html\" target=\"_blank\" rel=\"noopener\">La Belle D\u00e9chette<\/a> s\u2019associe aux biblioth\u00e8ques de Rennes pour une <strong>vente sp\u00e9ciale de livres et de CD.<\/strong><\/p>\n<blockquote class=\"ac-article-quote wall-content\">\n<p>Chaque ann\u00e9e, des milliers d\u2019ouvrages quittent les rayons (p\u00e9riodicit\u00e9, th\u00e9matique, baisse de la demande\u2026). Apr\u00e8s de bons et loyaux services, ces livres et CD ont aussi le droit \u00e0 une belle retraite\u2026 chez vous ! Venez chiner des ouvrages \u00e0 prix solidaire lors de cette vente sp\u00e9ciale.<\/p>\n<p>    <strong>La Belle D\u00e9chette<\/strong>\n            <\/p><\/blockquote>\n<p class=\" wall-content\">\u00c0 l\u2019occasion de cet \u00e9v\u00e9nement, une programmation \u00ab\u2009viendra pimenter ce week-end\u2009\u00bb, annonce La Belle D\u00e9chette.<\/p>\n<p class=\" wall-content\"><a href=\"https:\/\/www.instagram.com\/p\/DO6RMlpiAnm\/embed\" title=\"Ouvrir le lien sur Instagram\" target=\"_blank\" rel=\"noopener\">Visualiser le contenu sur Instagram<\/a><\/p>\n<p class=\" wall-content\">\u00c0 11h30 et 15h, le <strong>spectacle th\u00e9\u00e2tral<\/strong> Comme on respire sera propos\u00e9 par la compagnie Kali&amp;Co.<\/p>\n<p class=\" wall-content\">Le<strong> collectif Dangereuses lectrices<\/strong> sera pr\u00e9sent pour pr\u00e9senter la programmation de son festival qui se tiendra les 18 et 19\u00a0octobre \u00e0 l\u2019Antipode, \u00e0 Rennes.<\/p>\n<p class=\" wall-content\">Des <strong>ateliers cr\u00e9atifs<\/strong> \u00ab\u2009pour amuser aussi bien les petit(e)s que les grand(e)s\u2009\u00bb sont aussi programm\u00e9s.<\/p>\n<p>Vendredi 26\u00a0septembre, de 13h \u00e0 18h et samedi 27\u00a0septembre, de 10h \u00e0 18h, vente de livres et CD, \u00e0 La Belle D\u00e9chette, aux Halles en commun, 24, avenue Jules-Maniez, \u00e0 Rennes.<\/p>\n<p>Votre r\u00e9gion, votre actu !<\/p>\n<p>Recevez chaque jour les infos qui comptent pour vous.<\/p>\n<p>\t<a href=\"https:\/\/actu.fr\/newsletter\" class=\"ac-btn ac-btn--corner ac-btn--medium ac-btn--blue800\" target=\"_blank\" rel=\"noopener\">S&rsquo;incrire<\/a><br \/>\nLa parade de Technov\u00e9lo<\/p>\n<p class=\" wall-content\">Pour f\u00eater ses 5\u00a0ans, l\u2019association <strong>Technov\u00e9lo<\/strong> organise une nouvelle parade samedi. Cette d\u00e9ambulation durera deux heures dans le centre-ville, avec un d\u00e9part pr\u00e9vu \u00e0 14h, mail Fran\u00e7ois-Mitterrand.<\/p>\n<p class=\" wall-content\"><a href=\"https:\/\/www.instagram.com\/p\/DNOAoiksY-n\/embed\" title=\"Ouvrir le lien sur Instagram\" target=\"_blank\" rel=\"noopener\">Visualiser le contenu sur Instagram<\/a><\/p>\n<p class=\" wall-content\">Un <strong>village cr\u00e9atif et associatif<\/strong> prendra \u00e9galement place, ainsi qu\u2019un open air. Le soir, plusieurs DJ sets sont programm\u00e9s. D\u00e9couvrez le programme complet de cette journ\u00e9e dans <a href=\"https:\/\/actu.fr\/bretagne\/rennes_35238\/technovelo-fete-ses-5-ans-a-rennes-parade-village-open-air-dj-sets-le-programme-du-samedi-27-septembre_63200438.html\" target=\"_blank\" rel=\"noopener\">notre article d\u00e9di\u00e9<\/a>.<\/p>\n<p>Samedi 27\u00a0septembre, parade Technov\u00e9lo, \u00e0 partir de 14h, mail Fran\u00e7ois-Mitterand, \u00e0 Rennes. La soir\u00e9e est payante avec trois tarifs\u2009: solidaire \u00e0 5\u00a0euros\u2009; normal \u00e0 7\u00a0euros\u2009; soutien \u00e0 l\u2019association \u00e0 9\u00a0euros. <a href=\"https:\/\/www.helloasso.com\/associations\/techno-velo-rennes\/evenements\/5-ans-techno-velo?fbclid=PAZXh0bgNhZW0CMTEAAadub8eytxML_ptvX82iuJQsZW-6sP7CFVqI6n3m90Zndb5egJpE8xmHiMnmlg_aem_oSqnd-gJ-KEtvRuyErxowQ\" target=\"_blank\" rel=\"noopener\">Billetterie<\/a>.Les animations des commer\u00e7ants<\/p>\n<p class=\" wall-content\">Le festival <strong>Rues vivantes<\/strong> \u2013 organis\u00e9 par l\u2019association des commer\u00e7ants et artisans du centre-ville de Rennes, le Carr\u00e9 Rennais \u2013 est de retour.<\/p>\n<p class=\" wall-content\">Pour faire vivre le centre-ville \u00ab\u2009autrement\u2009\u00bb, les commer\u00e7ants participants ont pr\u00e9vu <strong>\u00ab\u2009un peu plus de 100 animations\u2009\u00bb,<\/strong> samedi.<\/p>\n<p class=\" wall-content\">Loisirs cr\u00e9atifs, ateliers DIY (do it yourself), d\u00e9fil\u00e9s de mode, jeu-concours\u2026 Le programme des festivit\u00e9s est \u00e0 retrouver dans <a href=\"https:\/\/actu.fr\/bretagne\/rennes_35238\/ateliers-defiles-degustations-la-nouvelle-edition-des-rues-vivantes-arrive-bientot-a-rennes_63112886.html\" target=\"_blank\" rel=\"noopener\">notre article d\u00e9di\u00e9<\/a>.<\/p>\n<p>Samedi 27\u00a0septembre, Rues vivantes, de 10h \u00e0 19h, dans le centre-ville de Rennes. Gratuit.<\/p>\n<p>Apprendre \u00e0 restaurer des meubles<\/p>\n<p class=\" wall-content\">L\u2019association <strong>Cap sur les m\u00e9tiers d\u2019art<\/strong> (CSMA), bas\u00e9e \u00e0 <a href=\"https:\/\/actu.fr\/bretagne\/la-chapelle-des-fougeretz_35059\" target=\"_blank\" rel=\"noopener\">La Chapelle-des-Fougeretz<\/a>, organise des <strong>portes ouvertes<\/strong> pour faire d\u00e9couvrir ses ateliers de r\u00e9fection de fauteuils et de couture d\u2019ameublement.<\/p>\n<p class=\" wall-content\">Sur place des d\u00e9monstrations de <strong>r\u00e9fection de fauteuils<\/strong> seront organis\u00e9es pour montrer les \u00e9tapes cl\u00e9s de ce type de travaux.<\/p>\n<p>Samedi 27\u00a0septembre, portes ouvertes CSMA, de 9h30 \u00e0 17h, 8, lieu-dit la Brosse \u00e0 La Chapelle-des-Fougeretz. <a href=\"https:\/\/csma35fr.wordpress.com\/evenements\/\" target=\"_blank\" rel=\"noopener\">Site internet<\/a>.Paloma Le Friant \u00e0 Rennes<\/p>\n<p class=\" wall-content\">Samedi soir, <a href=\"https:\/\/actu.fr\/bretagne\/rennes_35238\/la-fille-de-ce-celebre-dj-francais-va-mixer-dans-un-club-de-rennes-voici-ou-et-quand_63199554.html\" target=\"_blank\" rel=\"noopener\">Paloma Le Friant sera aux commandes au Satori Club<\/a>, avec Mykana, une artiste rennaise.<\/p>\n<p class=\" wall-content\"><a href=\"https:\/\/www.instagram.com\/p\/DOTwQ4CCH-Q\/embed\" title=\"Ouvrir le lien sur Instagram\" target=\"_blank\" rel=\"noopener\">Visualiser le contenu sur Instagram<\/a><\/p>\n<p class=\" wall-content\">La <strong>fille de Bob Sinclar<\/strong> a \u00e9t\u00e9 form\u00e9e \u00e0 Paris et Los Angeles. \u00c0 seulement 21\u00a0ans, elle s\u2019est d\u00e9j\u00e0 produite au Silencio Club, la Maison de Monsieur \u00e0 Paris ou encore sur des rooftops \u00e0 Saint-Tropez.<\/p>\n<p>Samedi 27\u00a0septembre, Spheria x Paloma, de 23h45 \u00e0 6h, au Satori Club, 12, rue Jean-Marie-Duhamel, \u00e0 Rennes. Tarif\u2009: 21\u00a0euros. <a href=\"https:\/\/shotgun.live\/fr\/events\/spheria-x-paloma-september-27th\" target=\"_blank\" rel=\"noopener\">Billetterie en ligne<\/a>.Le vide-greniers Saint-H\u00e9lier<\/p>\n<p class=\" wall-content\">La mythique<strong> rue Saint-H\u00e9lier<\/strong> sera encore plus anim\u00e9e qu\u2019\u00e0 son habitude, dimanche. Des centaines de particuliers viendront exposer et vendre v\u00eatements, livres, jouets et autres, \u00e0 l\u2019occasion du <a href=\"https:\/\/actu.fr\/tag\/vide-greniers\" target=\"_blank\" rel=\"noopener\">vide-greniers<\/a> qui prendra place dans ce quartier.<\/p>\n<p>Dimanche 28\u00a0septembre, vide-greniers, rue Saint-H\u00e9lier et adjacentes, de 8h \u00e0 18h30. Gratuit.<\/p>\n<p>Dancing Dead, premi\u00e8re soir\u00e9e du genre<\/p>\n<p class=\" wall-content\">C\u2019est un tout nouveau concept de soir\u00e9e \u00e9lectro qui d\u00e9barque dans la r\u00e9gion de Rennes, samedi 27 septembre 2025 : la<strong> premi\u00e8re \u00e9dition de Dancing Dead Arena<\/strong>, avec notamment Vladimir Cauchemar et Naeleck.<\/p>\n<p class=\" wall-content\"><a href=\"https:\/\/actu.fr\/bretagne\/cesson-sevigne_35051\/nouveau-a-rennes-samedi-soir-dancing-dead-une-nuit-electro-avec-naeleck-et-vladimir-cauchemar-a-l-affiche_63218931.html\" target=\"_blank\" rel=\"noopener\">Plus d\u2019infos dans notre article d\u00e9di\u00e9<\/a>.<\/p>\n<p>Week-end de cl\u00f4ture \u00e0 La Basse-Cour<\/p>\n<p class=\" wall-content\">La saison des guinguettes s\u2019ach\u00e8ve doucement. Et pour tenir jusqu\u2019\u00e0 l\u2019ann\u00e9e prochaine, <strong>La Basse-Cour<\/strong> organise un week-end d\u2019animations \u00ab\u2009haut en couleur\u2009\u00bb.<\/p>\n<p class=\" wall-content\"><strong>Vendredi\u2009:<\/strong><\/p>\n<ul class=\" wall-content\">\n<li>\u00e0 19h et 21h, <strong>cabaret d\u2019humour<\/strong> avec Flux Comedy Club, \u00e0 partir de 16\u00a0ans (<a href=\"https:\/\/www.helloasso.com\/associations\/theatre-de-la-confiserie\/evenements\/le-flux-comedy-club-a-la-basse-cour-26-09-25\" target=\"_blank\" rel=\"noopener\">r\u00e9servation conseill\u00e9e<\/a>, gratuit).<\/li>\n<\/ul>\n<p class=\" wall-content\"><strong>Samedi\u2009:<\/strong><\/p>\n<ul class=\" wall-content\">\n<li>\u00e0 15h30, <strong>atelier \u00ab\u2009du levain au pain\u2009\u00bb,<\/strong> avec C\u00e9line des Fours \u00e0 Mies, d\u00e9couverte des \u00e9tapes du levain \u00e0 la cuisson au feu de bois et repartez avec votre pain chaud et votre levain (<a href=\"https:\/\/www.helloasso.com\/associations\/collectif-agriculturel-de-la-prevalaye\/evenements\/atelier-cuisine-du-levain-au-pain\" target=\"_blank\" rel=\"noopener\">r\u00e9servation obligatoire<\/a>, 15\u00a0euros)\u2009;<\/li>\n<li>de 19h30 \u00e0 minuit, <strong>open air Magma Mia \u2013 Club Magma,<\/strong> quatre DJ sets (afro-carib\u00e9en, latin, global bounce).<\/li>\n<\/ul>\n<p class=\" wall-content\"><strong>Dimanche\u2009:<\/strong><\/p>\n<ul class=\" wall-content\">\n<li>\u00e0 17h,<strong> spectacle familial,<\/strong> Apocalypse Clown, \u00ab\u2009deux clowns que tout oppose face \u00e0 la fin du monde\u2009\u00bb (prix libre, d\u00e8s 6\u00a0ans, sans r\u00e9servation).<\/li>\n<\/ul>\n<p>Du vendredi\u00a026 au dimanche 28\u00a0septembre, week-end de cl\u00f4ture \u00e0 La Basse-Cour, chemin Robert-de-Boron, La Pr\u00e9valaye, Rennes.<\/p>\n<p class=\" wall-content\">Personnalisez votre actualit\u00e9 en ajoutant vos villes et m\u00e9dias en favori avec <a href=\"https:\/\/moncompte.actu.fr\" title=\"D\u00e9couvez Mon Actu\" rel=\"nofollow noopener\" data-trk=\"{&quot;cta&quot;:{&quot;action&quot;:&quot;https:\\\/\\\/moncompte.actu.fr&quot;,&quot;category&quot;:&quot;mon compte&quot;,&quot;from&quot;:&quot;article footer&quot;,&quot;name&quot;:&quot;Mon actu&quot;,&quot;type&quot;:&quot;cta&quot;}}\" target=\"_blank\">Mon Actu<\/a>.<\/p>\n<p>                    <script async src=\"\/\/www.instagram.com\/embed.js\"><\/script><\/p>\n","protected":false},"excerpt":{"rendered":"Par Cl\u00e9mence Pays Publi\u00e9 le 26 sept. 2025 \u00e0 17h39 De la techno et des v\u00e9los, des animations&hellip;\n","protected":false},"author":2,"featured_media":419809,"comment_status":"","ping_status":"","sticky":false,"template":"","format":"standard","meta":{"footnotes":""},"categories":[2821],"tags":[1111,11,1063,829,1777,674,1011,27,1652,12,584,25,3365],"class_list":{"0":"post-419808","1":"post","2":"type-post","3":"status-publish","4":"format-standard","5":"has-post-thumbnail","7":"category-rennes","8":"tag-actu","9":"tag-actualites","10":"tag-animations","11":"tag-bretagne","12":"tag-eu","13":"tag-europe","14":"tag-fr","15":"tag-france","16":"tag-loisirs-culture","17":"tag-news","18":"tag-rennes","19":"tag-republique-francaise","20":"tag-vide-greniers"},"share_on_mastodon":{"url":"https:\/\/pubeurope.com\/@fr\/115272639201152024","error":""},"_links":{"self":[{"href":"https:\/\/www.europesays.com\/fr\/wp-json\/wp\/v2\/posts\/419808","targetHints":{"allow":["GET"]}}],"collection":[{"href":"https:\/\/www.europesays.com\/fr\/wp-json\/wp\/v2\/posts"}],"about":[{"href":"https:\/\/www.europesays.com\/fr\/wp-json\/wp\/v2\/types\/post"}],"author":[{"embeddable":true,"href":"https:\/\/www.europesays.com\/fr\/wp-json\/wp\/v2\/users\/2"}],"replies":[{"embeddable":true,"href":"https:\/\/www.europesays.com\/fr\/wp-json\/wp\/v2\/comments?post=419808"}],"version-history":[{"count":0,"href":"https:\/\/www.europesays.com\/fr\/wp-json\/wp\/v2\/posts\/419808\/revisions"}],"wp:featuredmedia":[{"embeddable":true,"href":"https:\/\/www.europesays.com\/fr\/wp-json\/wp\/v2\/media\/419809"}],"wp:attachment":[{"href":"https:\/\/www.europesays.com\/fr\/wp-json\/wp\/v2\/media?parent=419808"}],"wp:term":[{"taxonomy":"category","embeddable":true,"href":"https:\/\/www.europesays.com\/fr\/wp-json\/wp\/v2\/categories?post=419808"},{"taxonomy":"post_tag","embeddable":true,"href":"https:\/\/www.europesays.com\/fr\/wp-json\/wp\/v2\/tags?post=419808"}],"curies":[{"name":"wp","href":"https:\/\/api.w.org\/{rel}","templated":true}]}}