{"id":419810,"date":"2025-09-26T21:06:23","date_gmt":"2025-09-26T21:06:23","guid":{"rendered":"https:\/\/www.europesays.com\/fr\/419810\/"},"modified":"2025-09-26T21:06:23","modified_gmt":"2025-09-26T21:06:23","slug":"le-coup-de-pouce-de-thibaud-philipps-pour-loger-sa-grande-tante-chez-habitat-de-lill","status":"publish","type":"post","link":"https:\/\/www.europesays.com\/fr\/419810\/","title":{"rendered":"Le coup de pouce de Thibaud Philipps pour loger sa grande tante chez Habitat de l&rsquo;Ill"},"content":{"rendered":"<p class=\"wp-block-post-excerpt__excerpt\">Le maire d\u2019Illkirch-Graffenstaden, Thibaud Philipps (Les R\u00e9publicains), a transmis une demande de logement de sa grande tante aupr\u00e8s de Habitat de l\u2019Ill \u00e0 une commission d\u2019attribution domin\u00e9e par sa municipalit\u00e9. Un proc\u00e9d\u00e9 qui a permis d\u2019acc\u00e9l\u00e9rer la proc\u00e9dure. <\/p>\n<p><a href=\"https:\/\/www.rue89strasbourg.com\/category\/premium\" rel=\"tag noopener\" target=\"_blank\">\u00c9dition abonn\u00e9s<\/a>, <a href=\"https:\/\/www.rue89strasbourg.com\/category\/enquete\" rel=\"tag noopener\" target=\"_blank\">Enqu\u00eate<\/a><\/p>\n<p>Guillaume Krempp<\/p>\n<p>Publi\u00e9 le 26 septembre 2025\u00a0\u00a0\u00b7\u00a0\u00a0<\/p>\n<p>Imprim\u00e9 le 26 septembre 2025 \u00e0 23h06\u00a0\u00a0\u00b7\u00a0\u00a0<\/p>\n<p>Modifi\u00e9 le 26 septembre 2025\u00a0\u00a0\u00b7\u00a0\u00a0<\/p>\n<p>\t\t\t\t\t7\u00a0minutes\n<\/p>\n<p class=\"has-drop-cap\">Quand on cherche un logement social, avoir un petit neveu maire peut permettre de r\u00e9gler l\u2019affaire plus rapidement. C\u2019est l\u2019histoire de la grande tante de Thibaud Philipps (Les R\u00e9publicains), \u00e0 la t\u00eate de la Ville d\u2019Illkirch-Graffenstaden depuis 2020. En janvier 2021, Marie-Alice d\u00e9pose une demande de logement aupr\u00e8s de Habitat de l\u2019Ill. Le bailleur social est alors pr\u00e9sid\u00e9 par le maire d\u2019Illkirch-Graffenstaden. Au conseil d\u2019administration de la coop\u00e9rative si\u00e8ge une majorit\u00e9 d\u2019\u00e9lus de la municipalit\u00e9. Quant \u00e0 la commission d\u2019attribution de logements, elle est m\u00eame enti\u00e8rement compos\u00e9e d\u2019\u00e9lus de la Ville d\u2019Illkirch.<\/p>\n<p>Dans un tel contexte, l\u2019obtention d\u2019un appartement T2 \u00e0 Illkirch-Graffenstaden par la s\u0153ur de la m\u00e8re du maire a de quoi susciter les suspicions. <a href=\"https:\/\/www.lecanardenchaine.fr\/social\/51814-l-ill-de-la-tentation\" target=\"_blank\" rel=\"noreferrer noopener\">R\u00e9v\u00e9l\u00e9e par Le Canard Enchain\u00e9<\/a>, il avait d\u00e9clar\u00e9 dans les colonnes du Palmip\u00e8de\u00a0: \u00ab\u00a0Je ne suis pas intervenu\u00a0\u00bb. Cette affirmation est infirm\u00e9e par un document obtenu par Rue89 Strasbourg.<\/p>\n<p class=\"has-warning-color has-text-color\">\n\t\t\t<strong> Cet article fait partie de l\u2019\u00e9dition abonn\u00e9s.<\/strong><br \/>\n\t\t\t| D\u00e9j\u00e0 abonn\u00e9\u00a0?<br \/>\n\t\t\t<a href=\"https:\/\/www.rue89strasbourg.com\/user\/connexion\" data-type=\"page\" data-id=\"116070\" target=\"_blank\" rel=\"noopener\">Connectez-vous<\/a>\n\t\t<\/p>\n<p>Abonnez-vous maintenant pour poursuivre votre lecture<\/p>\n<p><img loading=\"lazy\" decoding=\"async\" width=\"1206\" height=\"1241\" src=\"https:\/\/www.europesays.com\/fr\/wp-content\/uploads\/2025\/04\/04-paywall.png\" alt=\"Abonnez-vous\" class=\"wp-image-282314\" style=\"aspect-ratio:0.9717969379532635;width:281px;height:auto\"  \/><\/p>\n<p>\t\t\t<a href=\"https:\/\/www.rue89strasbourg.com\/\" class=\"custom-logo-link\" rel=\"home noopener\" target=\"_blank\"><img loading=\"lazy\" decoding=\"async\" width=\"290\" height=\"62\" src=\"https:\/\/www.europesays.com\/fr\/wp-content\/uploads\/2025\/04\/1743975279_388_logo.png\" class=\"custom-logo\" alt=\"Rue89 Strasbourg Enqu\u00eates et informations locales\"  \/><\/a><\/p>\n<p>\n\t\t\t\tAbonnez-vous maintenant pour suivre l\u2019actualit\u00e9 locale.\t\t\t<\/p>\n<p class=\"font-bold font-serif-heading mb-2 text-4xl\">\n\t\t\t\t\t\tL\u2019investigation locale \u00e0 port\u00e9e de main.\n\t\t\t\t\t<\/p>\n<p>\n\t\t\t\t\t\tAbonnez-vous et profitez d\u2019un acc\u00e8s illimit\u00e9 \u00e0 Rue89 Strasbourg. Annulez quand vous voulez.\n\t\t\t\t\t<\/p>\n<p class=\"xl:text-sm\">\n\t\t\t\t\tD\u00e9j\u00e0 abonn\u00e9\u00a0?<br \/>\n\t\t\t\t\t<a class=\"border border-transparent text-center transition-colors duration-instant focus:border-info focus:rounded focus:shadow-focus cursor-pointer text-black hover:text-gray-700 active:bg-black-700 font-semibold inline-block\" href=\"https:\/\/www.rue89strasbourg.com\/user\/connexion?redirect=\/thibaud-philipps-logement-social-favoritisme-361216\" target=\"_blank\" rel=\"noopener\">Connectez-vous<\/a>\t\t\t\t<\/p>\n<p>\n\t\t\t\tChoisissez votre formule\u00a0:\n\t\t\t<\/p>\n<p>\t\t\t\tFermer<\/p>\n","protected":false},"excerpt":{"rendered":"Le maire d\u2019Illkirch-Graffenstaden, Thibaud Philipps (Les R\u00e9publicains), a transmis une demande de logement de sa grande tante aupr\u00e8s&hellip;\n","protected":false},"author":2,"featured_media":419811,"comment_status":"","ping_status":"","sticky":false,"template":"","format":"standard","meta":{"footnotes":""},"categories":[2820],"tags":[1111,11,48822,1777,674,1011,27,775,3088,12,25,640,54890],"class_list":{"0":"post-419810","1":"post","2":"type-post","3":"status-publish","4":"format-standard","5":"has-post-thumbnail","7":"category-strasbourg","8":"tag-actu","9":"tag-actualites","10":"tag-bailleur-social","11":"tag-eu","12":"tag-europe","13":"tag-fr","14":"tag-france","15":"tag-grand-est","16":"tag-illkirch-graffenstaden","17":"tag-news","18":"tag-republique-francaise","19":"tag-strasbourg","20":"tag-thibaud-philipps"},"share_on_mastodon":{"url":"https:\/\/pubeurope.com\/@fr\/115272639341428777","error":""},"_links":{"self":[{"href":"https:\/\/www.europesays.com\/fr\/wp-json\/wp\/v2\/posts\/419810","targetHints":{"allow":["GET"]}}],"collection":[{"href":"https:\/\/www.europesays.com\/fr\/wp-json\/wp\/v2\/posts"}],"about":[{"href":"https:\/\/www.europesays.com\/fr\/wp-json\/wp\/v2\/types\/post"}],"author":[{"embeddable":true,"href":"https:\/\/www.europesays.com\/fr\/wp-json\/wp\/v2\/users\/2"}],"replies":[{"embeddable":true,"href":"https:\/\/www.europesays.com\/fr\/wp-json\/wp\/v2\/comments?post=419810"}],"version-history":[{"count":0,"href":"https:\/\/www.europesays.com\/fr\/wp-json\/wp\/v2\/posts\/419810\/revisions"}],"wp:featuredmedia":[{"embeddable":true,"href":"https:\/\/www.europesays.com\/fr\/wp-json\/wp\/v2\/media\/419811"}],"wp:attachment":[{"href":"https:\/\/www.europesays.com\/fr\/wp-json\/wp\/v2\/media?parent=419810"}],"wp:term":[{"taxonomy":"category","embeddable":true,"href":"https:\/\/www.europesays.com\/fr\/wp-json\/wp\/v2\/categories?post=419810"},{"taxonomy":"post_tag","embeddable":true,"href":"https:\/\/www.europesays.com\/fr\/wp-json\/wp\/v2\/tags?post=419810"}],"curies":[{"name":"wp","href":"https:\/\/api.w.org\/{rel}","templated":true}]}}