{"id":419814,"date":"2025-09-26T21:09:16","date_gmt":"2025-09-26T21:09:16","guid":{"rendered":"https:\/\/www.europesays.com\/fr\/419814\/"},"modified":"2025-09-26T21:09:16","modified_gmt":"2025-09-26T21:09:16","slug":"nice-huit-premiers-logements-du-studio-au-trois-pieces-accessibles-grace","status":"publish","type":"post","link":"https:\/\/www.europesays.com\/fr\/419814\/","title":{"rendered":"Nice : huit premiers logements du studio au trois-pi\u00e8ces accessibles gr\u00e2ce (\u2026)"},"content":{"rendered":"<p>                    <img loading=\"lazy\" decoding=\"async\" src=\"https:\/\/www.europesays.com\/fr\/wp-content\/uploads\/2025\/09\/e52327ed70befd5a886139eb2ea444.jpg\" class=\"img-responsive post-image\" width=\"680\" height=\"510\" alt=\"Nice : huit premiers (\u2026)\" title=\"Nice : huit premiers logements du studio au trois-pi\u00e8ces accessibles gr\u00e2ce au bail r\u00e9el solidaire\"\/><\/p>\n<p class=\"chapo\">C\u00f4te d\u2019Azur Habitat et VINCI Immobilier proposent huit logements en bail r\u00e9el solidaire (BRS) au sein de la r\u00e9sidence Villa Candide, \u00e0 deux pas de la place Mass\u00e9na. C\u2019est une premi\u00e8re \u00e0 Nice.<\/p>\n<p>Ce dispositif innovant permet aux m\u00e9nages modestes de devenir propri\u00e9taires de leur r\u00e9sidence principale \u00e0 un prix r\u00e9duit, tout en restant locataires du terrain via l\u2019Organisme Foncier Solidaire (OFS). Les prix sont annonc\u00e9s de 30 \u00e0 50\u00a0% inf\u00e9rieurs \u00e0 ceux du march\u00e9.<\/p>\n<p>\u00ab\u00a0Nous sommes fiers de permettre \u00e0 des m\u00e9nages aux revenus modestes d\u2019acc\u00e9der \u00e0 la propri\u00e9t\u00e9 dans un des quartiers les plus recherch\u00e9s de Nice. Ce partenariat avec VINCI Immobilier illustre pleinement notre volont\u00e9 d\u2019innover pour le droit au logement pour tous\u00a0\u00bb, souligne <strong>Anthony Borr\u00e9 <\/strong>, pr\u00e9sident de C\u00f4te d\u2019Azur Habitat.<\/p>\n<p>Du studio au trois-pi\u00e8ces<\/p>\n<p>La <strong>r\u00e9sidence Villa Candide,<\/strong> \u00e0 l\u2019architecture typiquement ni\u00e7oise, allie charme patrimonial, standing et performance \u00e9nerg\u00e9tique. Les huit appartements en BRS, allant du studio au trois-pi\u00e8ces, b\u00e9n\u00e9ficieront d\u2019un <strong>emplacement central et bien desservi.<\/strong><br class=\"autobr\"\/><br \/>\nAvec cette op\u00e9ration, C\u00f4te d\u2019Azur Habitat \u00e9tend pour la premi\u00e8re fois son action au champ de l\u2019accession sociale \u00e0 la propri\u00e9t\u00e9, en compl\u00e9ment de sa mission historique de bailleur social.<br class=\"autobr\"\/><br \/>\nDe son c\u00f4t\u00e9, VINCI Immobilier met en avant un mod\u00e8le d\u2019accession \u00ab\u00a0responsable et inclusif \u00a0\u00bb. <strong>Jean Malmassari<\/strong>, directeur r\u00e9gional adjoint M\u00e9diterran\u00e9e de VINCI Immobilier, explique\u00a0: \u00ab\u00a0Nous sommes tr\u00e8s heureux du partenariat \u00e9troit que nous entretenons avec C\u00f4te d\u2019Azur Habitat, la ville de Nice et les services de la m\u00e9tropole Nice C\u00f4te d\u2019Azur, qui nous permet de proposer un dispositif d\u2019accession \u00e0 la propri\u00e9t\u00e9 innovant au b\u00e9n\u00e9fice des primo-acc\u00e9dants, dans un contexte immobilier tr\u00e8s tendu localement.\u00a0\u00bb<\/p>\n<p>Visuel de Une\u00a0: \u00a9C\u00f4te d\u2019Azur habitat<\/p>\n","protected":false},"excerpt":{"rendered":"C\u00f4te d\u2019Azur Habitat et VINCI Immobilier proposent huit logements en bail r\u00e9el solidaire (BRS) au sein de la&hellip;\n","protected":false},"author":2,"featured_media":419815,"comment_status":"","ping_status":"","sticky":false,"template":"","format":"standard","meta":{"footnotes":""},"categories":[2819],"tags":[1111,11,2408,1777,674,1011,27,12,2401,882,25],"class_list":{"0":"post-419814","1":"post","2":"type-post","3":"status-publish","4":"format-standard","5":"has-post-thumbnail","7":"category-nice","8":"tag-actu","9":"tag-actualites","10":"tag-appels-d","11":"tag-eu","12":"tag-europe","13":"tag-fr","14":"tag-france","15":"tag-news","16":"tag-nice","17":"tag-provence-alpes-cote-dazur","18":"tag-republique-francaise"},"share_on_mastodon":{"url":"https:\/\/pubeurope.com\/@fr\/115272651324589857","error":""},"_links":{"self":[{"href":"https:\/\/www.europesays.com\/fr\/wp-json\/wp\/v2\/posts\/419814","targetHints":{"allow":["GET"]}}],"collection":[{"href":"https:\/\/www.europesays.com\/fr\/wp-json\/wp\/v2\/posts"}],"about":[{"href":"https:\/\/www.europesays.com\/fr\/wp-json\/wp\/v2\/types\/post"}],"author":[{"embeddable":true,"href":"https:\/\/www.europesays.com\/fr\/wp-json\/wp\/v2\/users\/2"}],"replies":[{"embeddable":true,"href":"https:\/\/www.europesays.com\/fr\/wp-json\/wp\/v2\/comments?post=419814"}],"version-history":[{"count":0,"href":"https:\/\/www.europesays.com\/fr\/wp-json\/wp\/v2\/posts\/419814\/revisions"}],"wp:featuredmedia":[{"embeddable":true,"href":"https:\/\/www.europesays.com\/fr\/wp-json\/wp\/v2\/media\/419815"}],"wp:attachment":[{"href":"https:\/\/www.europesays.com\/fr\/wp-json\/wp\/v2\/media?parent=419814"}],"wp:term":[{"taxonomy":"category","embeddable":true,"href":"https:\/\/www.europesays.com\/fr\/wp-json\/wp\/v2\/categories?post=419814"},{"taxonomy":"post_tag","embeddable":true,"href":"https:\/\/www.europesays.com\/fr\/wp-json\/wp\/v2\/tags?post=419814"}],"curies":[{"name":"wp","href":"https:\/\/api.w.org\/{rel}","templated":true}]}}