{"id":419822,"date":"2025-09-26T21:13:15","date_gmt":"2025-09-26T21:13:15","guid":{"rendered":"https:\/\/www.europesays.com\/fr\/419822\/"},"modified":"2025-09-26T21:13:15","modified_gmt":"2025-09-26T21:13:15","slug":"les-peintures-du-graffeur-girondin-alber-entre-la-galerie-et-la-rue","status":"publish","type":"post","link":"https:\/\/www.europesays.com\/fr\/419822\/","title":{"rendered":"les peintures du graffeur girondin Alber, entre la galerie et la rue"},"content":{"rendered":"<p>Le passant de la rue bordelaise du Loup s\u2019arr\u00eate net, happ\u00e9 par les yeux de la belle qui le fixent depuis la cour de<a href=\"https:\/\/www.sudouest.fr\/culture\/sortir-a-bordeaux\/l-hotel-de-ragueneau-a-bordeaux-le-lieu-de-toutes-les-rencontres-festives-et-inedites-7292006.php\" target=\"_blank\" rel=\"follow noopener\"> l\u2019h\u00f4tel de Ragueneau<\/a>. La joggeuse du chemin de Nice, \u00e0 Saint-Loub\u00e8s, est interpell\u00e9 par le regard de l\u2019enfant depuis le mur de la piscine. Comme des milliers d\u2019habitants de la m\u00e9tropole bordelaise depuis une quinzaine d\u2019ann\u00e9es, scotch\u00e9s par les personnages vivement color\u00e9s d\u2019<a href=\"https:\/\/www.facebook.com\/alber.artiste\/?locale=fr_FR\" target=\"_blank\" rel=\"nofollow noopener\">Alber<\/a>, proches et lointains, \u0153il en coin, pour des cama\u00efeux \u00e9tonnants qui stoppent la marche et convoquent l\u2019imaginaire. \u00ab\u00a0Qui regarde qui\u00a0?\u00a0\u00bb sourit l\u2019artiste de 39\u00a0ans.<\/p>\n<p>        <img decoding=\"async\" id=\"26014868\" src=\"https:\/\/www.europesays.com\/fr\/wp-content\/uploads\/2025\/09\/septembre-2025-hotel-de-ragueneau-bordeaux-exposition-graffeur-alber.jpg\" alt=\"Regard, couleurs, ombres, transparences et courbes\u00a0: les fondamentaux d\u2019Alber.\" itemprop=\"contentURL\"\/><\/p>\n<p>    Regard, couleurs, ombres, transparences et courbes\u00a0: les fondamentaux d\u2019Alber.<\/p>\n<p>Y.D.\u00a0\/\u00a0SO<\/p>\n<p>Le graffeur n\u00e9 \u00e0 Tourcoing (59), pouss\u00e9 \u00e0 Vend\u00f4me (41), est arriv\u00e9 \u00e0 Bordeaux \u00e0 l\u2019\u00e2ge de 25\u00a0ans, apr\u00e8s deux ans \u00e0 bomber \u00e0 Paris. De la rocade au port de Bassens, des murs de Bordeaux \u00e0 ceux du Bouscat, en passant par la friche Niel\u00a0: le salari\u00e9 pendant huit ans \u00e9bauche le soir chez lui et peint le week-end avec fr\u00e9n\u00e9sie. Apr\u00e8s <a href=\"https:\/\/mathgoth.com\/\" target=\"_blank\" rel=\"nofollow noopener\">la galerie parisienne Mathgoth<\/a>, d\u2019autres s\u2019int\u00e9ressent \u00e0 ses cr\u00e9ations. \u00ab\u00a0J\u2019aime le c\u00f4t\u00e9 \u00e9ph\u00e9m\u00e8re et sauvage de la rue, j\u2019adore toujours \u2018\u2018faire un mur\u2019\u2019, pr\u00e9cise-t-il. Je n\u2019aime pas demander l\u2019autorisation et je connais encore des frictions, m\u00eame si les gens commencent \u00e0 \u00eatre familiers de mon style et m\u00eame si les villes tol\u00e8rent mieux aujourd\u2019hui le graffiti, question d\u2019image et de mode.\u00a0\u00bb<\/p>\n<p>        <img decoding=\"async\" id=\"26014889\" src=\"https:\/\/www.europesays.com\/fr\/wp-content\/uploads\/2025\/09\/septembre-2025-hotel-de-ragueneau-bordeaux-exposition-graffeur-alber-2.jpg\" alt=\"Trois quarts de nouvelles \u0153uvres \u00e0 d\u00e9couvrir \u00e0 l\u2019h\u00f4tel de Ragueneau de Bordeaux.\" itemprop=\"contentURL\"\/><\/p>\n<p>    Trois quarts de nouvelles \u0153uvres \u00e0 d\u00e9couvrir \u00e0 l\u2019h\u00f4tel de Ragueneau de Bordeaux.<\/p>\n<p>Y.D.\u00a0\/\u00a0SO<\/p>\n<p>    Compagnon de la galerie Bouscayrol<\/p>\n<p>Mais exposer n\u2019a jamais \u00e9t\u00e9 un tabou pour Alber (pr\u00e9nom \u00e9court\u00e9 du grand-p\u00e8re). Depuis 2015, il est ainsi accompagn\u00e9 par <a href=\"https:\/\/galerie-barthelemy-bouscayrol.com\/\" target=\"_blank\" rel=\"nofollow noopener\">la galerie Barth\u00e9l\u00e9my Bouscayrol de Biarritz<\/a>, du nom de son jeune cr\u00e9ateur. \u00ab\u00a0J\u2019ai rencontr\u00e9 Alber \u00e0 Bordeaux en 2014 et il a expos\u00e9 tous les deux ans chez nous\u00a0\u00bb, renseigne celui qui initie le livre r\u00e9trospective <a href=\"https:\/\/www.store-galerie-barthelemy-bouscayrol.com\/product\/alber-sous-les-annees-la-ville\" target=\"_blank\" rel=\"nofollow noopener\">\u00ab\u00a0Sous les ann\u00e9es la ville\u00a0\u00bb,<\/a> en 2020. Puis, cette exposition depuis ce samedi 20 septembre \u00e0 l\u2019h\u00f4tel de Ragueneau. \u00ab\u00a0Alber n\u2019avait pas expos\u00e9 \u00e0 Bordeaux depuis cinq\u00a0ans\u00a0\u00bb, note Barth\u00e9l\u00e9my Bouscayrol. \u00ab\u00a0L\u2019id\u00e9e est de regarder le chemin parcouru et de pr\u00e9senter des \u0153uvres nouvelles.\u00a0\u00bb<\/p>\n<p>        <img decoding=\"async\" id=\"26014978\" src=\"https:\/\/www.europesays.com\/fr\/wp-content\/uploads\/2025\/09\/saint-loubes-septembre-2025-alber-street-artist-fresque-mure-de-la-piscine-intercommunale.jpg\" alt=\"La fresque cr\u00e9\u00e9e par Alber \u00e0 Saint-Loub\u00e8s, command\u00e9e par la ville.\" itemprop=\"contentURL\"\/><\/p>\n<p>    La fresque cr\u00e9\u00e9e par Alber \u00e0 Saint-Loub\u00e8s, command\u00e9e par la ville.<\/p>\n<p>Alber<\/p>\n<p>Ces derni\u00e8res constituent les trois quarts des trois salles et du hall, entre toiles et b\u00e2ches de train au grain plus pr\u00e9gnant. Dans une pi\u00e8ce \u00e0 l\u2019\u00e9cart, l\u2019envers du d\u00e9cor des cr\u00e9ations a \u00e9t\u00e9 joliment mis en sc\u00e8ne, des premiers croquis aux personnages plus sombres \u00e0 la vid\u00e9o nous baladant dans Bordeaux, au fil des murs d\u00e9cor\u00e9s par l\u2019artiste. Des couleurs, des transparences, des connivences qui se go\u00fbtent avec autant de plaisir, dehors ou dedans.<\/p>\n<p>Alber, \u00ab\u00a0Interligne\u00a0\u00bb. Jusqu\u2019au 11\u00a0octobre \u00e0 Bordeaux, h\u00f4tel de Ragueneau, rue du Loup. Du mercredi au samedi, 11-19\u00a0heures. Entr\u00e9e libre.<\/p>\n<p>    Alber chez lui \u00e0 Saint-Loub\u00e8s<br \/>\nL\u2019artiste habite depuis deux ans dans la ville de la rive droite au bord de la Dordogne. \u00ab\u00a0J\u2019y ai fait un mur et l\u2019adjointe \u00e0 la culture m\u2019a appel\u00e9\u2026 pour m\u2019en commander un autre\u00a0\u00bb, raconte Alber. Depuis dix jours sur un des murs de la piscine, un enfant regarde un oiseau s\u2019envoler, nous regarde aussi. Une semaine de cr\u00e9ation suivie de nombreux scolaires et inaugur\u00e9e ce vendredi 26\u00a0septembre (19\u00a0heures), pr\u00e9lude au lancement de saison de la Coupole avec <a href=\"https:\/\/www.lacoupole.org\/programmation\/menni-jab\/\" target=\"_blank\" rel=\"nofollow noopener\">le concert de Menni\u00a0Jab<\/a> \u00e0 20\u00a0h\u00a030 (6\u00a0euros)<\/p>\n","protected":false},"excerpt":{"rendered":"Le passant de la rue bordelaise du Loup s\u2019arr\u00eate net, happ\u00e9 par les yeux de la belle qui&hellip;\n","protected":false},"author":2,"featured_media":419823,"comment_status":"","ping_status":"","sticky":false,"template":"","format":"standard","meta":{"footnotes":""},"categories":[2817],"tags":[1111,11,1997,1777,674,1011,27,12,2219,25],"class_list":{"0":"post-419822","1":"post","2":"type-post","3":"status-publish","4":"format-standard","5":"has-post-thumbnail","7":"category-bordeaux","8":"tag-actu","9":"tag-actualites","10":"tag-bordeaux","11":"tag-eu","12":"tag-europe","13":"tag-fr","14":"tag-france","15":"tag-news","16":"tag-nouvelle-aquitaine","17":"tag-republique-francaise"},"share_on_mastodon":{"url":"https:\/\/pubeurope.com\/@fr\/115272667577927142","error":""},"_links":{"self":[{"href":"https:\/\/www.europesays.com\/fr\/wp-json\/wp\/v2\/posts\/419822","targetHints":{"allow":["GET"]}}],"collection":[{"href":"https:\/\/www.europesays.com\/fr\/wp-json\/wp\/v2\/posts"}],"about":[{"href":"https:\/\/www.europesays.com\/fr\/wp-json\/wp\/v2\/types\/post"}],"author":[{"embeddable":true,"href":"https:\/\/www.europesays.com\/fr\/wp-json\/wp\/v2\/users\/2"}],"replies":[{"embeddable":true,"href":"https:\/\/www.europesays.com\/fr\/wp-json\/wp\/v2\/comments?post=419822"}],"version-history":[{"count":0,"href":"https:\/\/www.europesays.com\/fr\/wp-json\/wp\/v2\/posts\/419822\/revisions"}],"wp:featuredmedia":[{"embeddable":true,"href":"https:\/\/www.europesays.com\/fr\/wp-json\/wp\/v2\/media\/419823"}],"wp:attachment":[{"href":"https:\/\/www.europesays.com\/fr\/wp-json\/wp\/v2\/media?parent=419822"}],"wp:term":[{"taxonomy":"category","embeddable":true,"href":"https:\/\/www.europesays.com\/fr\/wp-json\/wp\/v2\/categories?post=419822"},{"taxonomy":"post_tag","embeddable":true,"href":"https:\/\/www.europesays.com\/fr\/wp-json\/wp\/v2\/tags?post=419822"}],"curies":[{"name":"wp","href":"https:\/\/api.w.org\/{rel}","templated":true}]}}