{"id":419824,"date":"2025-09-26T21:14:16","date_gmt":"2025-09-26T21:14:16","guid":{"rendered":"https:\/\/www.europesays.com\/fr\/419824\/"},"modified":"2025-09-26T21:14:16","modified_gmt":"2025-09-26T21:14:16","slug":"bergerac-bordeaux-le-groupe-des-girondins-avec-16-joueurs-et-un-seul-renfort-de-la-r1","status":"publish","type":"post","link":"https:\/\/www.europesays.com\/fr\/419824\/","title":{"rendered":"Bergerac-Bordeaux : le groupe des Girondins avec 16 joueurs et un seul renfort de la R1"},"content":{"rendered":"<p><img decoding=\"async\" src=\"https:\/\/www.europesays.com\/fr\/wp-content\/uploads\/2025\/08\/671_654f6bd6bd8f10315d0a7db305628ae1.jpg\" alt=\"Bergerac-Bordeaux : le groupe des Girondins avec 16 joueurs et un seul renfort de la R1\" class=\"img-responsive mt-3\"\/><\/p>\n<p class=\"text-center mb-3\" style=\"font-size: 14px\">\u00a9 Iconsport<\/p>\n<p>Voici le groupe des Girondins de Bordeaux pour affronter Bergerac avec un seul joueur venant de la R1, Nathan Besse, d\u00e9fenseur central.<\/p>\n<p><strong>Gardiens<\/strong>\u00a0: Hoekstra, Diabat\u00e9<\/p>\n<p><strong>D\u00e9fenseurs<\/strong> : Droehnl\u00e9, Grillot, Vandenabeele, Besse, Trichard, Jousselin<\/p>\n<p><strong>Milieux<\/strong> : Odru, Ba, Diop, Manna\u00ef<\/p>\n<p><strong>Attaquants<\/strong> : Etonde, Shamal, Bahassa, Villette<\/p>\n<p><strong>Absents<\/strong> : Ciss\u00e9 (bless\u00e9), Yamber\u00e9 (choix),\u00a0 Merdji (choix), Beugre (choix), Rizaldos (bless\u00e9), Agossa (choix), El Hajjam (suspendu).<\/p>\n<p>L&rsquo;\u00e9quipe r\u00e9serve des Girondins joue dimanche le 2e tour de Coupe de Nouvelle-Aquitaine face \u00e0 Amb\u00e8s (D2).<\/p>\n<p>\u00c0 lire aussi : <strong><a href=\"https:\/\/www.webgirondins.com\/actualite-mercato-florian-pourtuguez-quitte-les-girondins-de-bordeaux-130581\" target=\"_blank\" rel=\"noopener\">Florian Pourtuguez quitte les Girondins de Bordeaux<\/a><\/strong><\/p>\n<p>Notre podcast court \u00e0 \u00e9couter :<\/p>\n<p>\u00a0<\/p>\n<p>\u00a0<\/p>\n","protected":false},"excerpt":{"rendered":"\u00a9 Iconsport Voici le groupe des Girondins de Bordeaux pour affronter Bergerac avec un seul joueur venant de&hellip;\n","protected":false},"author":2,"featured_media":292567,"comment_status":"","ping_status":"","sticky":false,"template":"","format":"standard","meta":{"footnotes":""},"categories":[2817],"tags":[1111,11,3987,3396,8371,1997,3211,6951,1994,1777,674,1011,27,18626,1987,2705,3212,4059,5110,12,2219,54506,471,16078,25,3982,11670,8288,54507,2858],"class_list":{"0":"post-419824","1":"post","2":"type-post","3":"status-publish","4":"format-standard","5":"has-post-thumbnail","7":"category-bordeaux","8":"tag-actu","9":"tag-actualites","10":"tag-affronter","11":"tag-avec","12":"tag-bergerac","13":"tag-bordeaux","14":"tag-bruno","15":"tag-communique","16":"tag-entraineur","17":"tag-eu","18":"tag-europe","19":"tag-fr","20":"tag-france","21":"tag-gaston","22":"tag-girondins","23":"tag-groupe","24":"tag-irles","25":"tag-joueurs","26":"tag-liste","27":"tag-news","28":"tag-nouvelle-aquitaine","29":"tag-perigord","30":"tag-pour","31":"tag-renfort","32":"tag-republique-francaise","33":"tag-samedi","34":"tag-selectionne","35":"tag-seul","36":"tag-simounet","37":"tag-stade"},"share_on_mastodon":{"url":"https:\/\/pubeurope.com\/@fr\/115272670645568100","error":""},"_links":{"self":[{"href":"https:\/\/www.europesays.com\/fr\/wp-json\/wp\/v2\/posts\/419824","targetHints":{"allow":["GET"]}}],"collection":[{"href":"https:\/\/www.europesays.com\/fr\/wp-json\/wp\/v2\/posts"}],"about":[{"href":"https:\/\/www.europesays.com\/fr\/wp-json\/wp\/v2\/types\/post"}],"author":[{"embeddable":true,"href":"https:\/\/www.europesays.com\/fr\/wp-json\/wp\/v2\/users\/2"}],"replies":[{"embeddable":true,"href":"https:\/\/www.europesays.com\/fr\/wp-json\/wp\/v2\/comments?post=419824"}],"version-history":[{"count":0,"href":"https:\/\/www.europesays.com\/fr\/wp-json\/wp\/v2\/posts\/419824\/revisions"}],"wp:featuredmedia":[{"embeddable":true,"href":"https:\/\/www.europesays.com\/fr\/wp-json\/wp\/v2\/media\/292567"}],"wp:attachment":[{"href":"https:\/\/www.europesays.com\/fr\/wp-json\/wp\/v2\/media?parent=419824"}],"wp:term":[{"taxonomy":"category","embeddable":true,"href":"https:\/\/www.europesays.com\/fr\/wp-json\/wp\/v2\/categories?post=419824"},{"taxonomy":"post_tag","embeddable":true,"href":"https:\/\/www.europesays.com\/fr\/wp-json\/wp\/v2\/tags?post=419824"}],"curies":[{"name":"wp","href":"https:\/\/api.w.org\/{rel}","templated":true}]}}