{"id":419831,"date":"2025-09-26T21:18:27","date_gmt":"2025-09-26T21:18:27","guid":{"rendered":"https:\/\/www.europesays.com\/fr\/419831\/"},"modified":"2025-09-26T21:18:27","modified_gmt":"2025-09-26T21:18:27","slug":"choc-lille-lyon-lom-veut-confirmer-a-strasbourg","status":"publish","type":"post","link":"https:\/\/www.europesays.com\/fr\/419831\/","title":{"rendered":"choc Lille-Lyon, l&rsquo;OM veut confirmer \u00e0 Strasbourg"},"content":{"rendered":"<p class=\"mb-4 text-lg md:leading-8 break-words\">Lille et Lyon s&rsquo;affrontent samedi dans un des chocs de la cinqui\u00e8me journ\u00e9e de Ligue 1 o\u00f9 Marseille voudra \u00e0 Strasbourg continuer sur sa lanc\u00e9e apr\u00e8s avoir inflig\u00e9 au Paris Saint-Germain sa premi\u00e8re d\u00e9faite de la saison lundi.<\/p>\n<p class=\"mb-4 text-lg md:leading-8 break-words\">Punis \u00e0 Bollaert (3-0) pour leur premi\u00e8re d\u00e9faite depuis plus de trois ans dans le derby du Nord, les Lillois, cinqui\u00e8mes du championnat avec 10 points, cherchent un rebond apr\u00e8s avoir sombr\u00e9 face \u00e0 l&rsquo;intensit\u00e9 lensoise.<\/p>\n<p class=\"mb-4 text-lg md:leading-8 break-words\">Bruno Genesio, en qu\u00eate \u00ab\u00a0d&rsquo;engagement\u00a0\u00bb de la part de ses joueurs, va retrouver samedi son ancien club de coeur, Lyon, qui r\u00e9alise un d\u00e9but de saison comptablement solide, malgr\u00e9 les doutes sur son effectif apr\u00e8s avoir d\u00fb fortement r\u00e9duire sa masse salariale afin d&rsquo;\u00e9viter la rel\u00e9gation administrative.<\/p>\n<p class=\"mb-4 text-lg md:leading-8 break-words\">Victorieux \u00e0 Angers, l&rsquo;OL n&rsquo;a connu qu&rsquo;une d\u00e9faite en championnat et pointe \u00e0 la troisi\u00e8me place de Ligue 1, \u00e0 \u00e9galit\u00e9 de points (12) avec le leader mon\u00e9gasque et le PSG, deuxi\u00e8me.<\/p>\n<p class=\"mb-4 text-lg md:leading-8 break-words\">Les Parisiens devront, eux, rapidement dig\u00e9rer leurs \u00e9motions du d\u00e9but de semaine. Battus \u00e0 Marseille (1-0) dans un Classique initialement pr\u00e9vu dimanche mais report\u00e9 en raison des intemp\u00e9ries frappant la r\u00e9gion, les Parisiens ont \u00e9galement v\u00e9cu la joie du Ballon d&rsquo;or d\u00e9croch\u00e9 dans le m\u00eame temps \u00e0 Paris par Ousmane Demb\u00e9l\u00e9 apr\u00e8s une saison historique.<\/p>\n<p class=\"mb-4 text-lg md:leading-8 break-words\">Avant de retrouver la Ligue des champions avec une affiche contre Barcelone mercredi, les champions d&rsquo;Europe, sans plusieurs joueurs bless\u00e9s dont Demb\u00e9l\u00e9,\u00a0re\u00e7oivent Auxerre, qui se d\u00e9place sans pression apr\u00e8s s&rsquo;\u00eatre offert un bol d&rsquo;air en dominant Toulouse 2-1.<\/p>\n<p class=\"mb-4 text-lg md:leading-8 break-words\">Tombeurs des Parisiens, les Marseillais, sixi\u00e8mes, ont mis derri\u00e8re eux leur mauvais d\u00e9but de saison, plomb\u00e9 par l&rsquo;affaire Rabiot et son d\u00e9part rocambolesque du club.<\/p>\n<p class=\"mb-4 text-lg md:leading-8 break-words\">Le d\u00e9placement \u00e0 Strasbourg s&rsquo;annonce cependant p\u00e9rilleux: avec 12 points, les Alsaciens, quatri\u00e8mes trois longueurs devant l&rsquo;OM, ont confirm\u00e9 leur potentiel offensif sur la pelouse du Paris FC (3-2), gr\u00e2ce notamment \u00e0 leur attaquant Emanuel Emegha, buteur et passeur \u00e0 Jean-Bouin.<\/p>\n<p class=\"mb-4 text-lg md:leading-8 break-words\">Mais le cas de l&rsquo;attaquant n\u00e9erlandais, qui a annonc\u00e9 son futur d\u00e9part pour Chelsea, club partenaire, cristallise les tensions entre la direction et les ultras, qui pourraient \u00e0 nouveau se manifester vendredi.<\/p>\n<p class=\"mb-4 text-lg md:leading-8 break-words\">En conflit depuis le rachat du club par le consortium am\u00e9ricain BlueCo en 2023, les ultras ont affich\u00e9 des banderoles critiques envers Emegha et la multipropri\u00e9t\u00e9, s&rsquo;attirant les foudres du pr\u00e9sident Marc Keller et de l&rsquo;entra\u00eeneur Liam Rosenior.<\/p>\n<p class=\"mb-4 text-lg md:leading-8 break-words\">Monaco, leader apr\u00e8s sa victoire au score flatteur contre Metz (5-2), a l&rsquo;occasion de conforter sa premi\u00e8re place \u00e0 Lorient, toujours coinc\u00e9 \u00e0 l&rsquo;avant-derni\u00e8re place apr\u00e8s son nul au Havre.<\/p>\n<p class=\"mb-4 text-lg md:leading-8 break-words\">En milieu de tableau, Rennes (8e), qui n&rsquo;a pu faire mieux qu&rsquo;un nul \u00e0 Nantes apr\u00e8s avoir sombr\u00e9 en deuxi\u00e8me p\u00e9riode, peut se relancer contre Lens (7e), euphorique apr\u00e8s son derby victorieux.<\/p>\n<p class=\"mb-4 text-lg md:leading-8 break-words\">L&rsquo;ambitieux Paris FC, 11e apr\u00e8s sa d\u00e9faite \u00e0 domicile contre Strasbourg, se d\u00e9place \u00e0 Nice, 12e et en plein marasme. En perdition \u00e0 Brest (4-1), les joueurs de Franck Haise ont \u00e9galement perdu en Ligue Europa contre la Roma (2-1) pour le d\u00e9but \u00e0 domicile de leur campagne europ\u00e9enne.<\/p>\n<p class=\"mb-4 text-lg md:leading-8 break-words\">Le programme de la 6e journ\u00e9e de Ligue 1:<\/p>\n<p class=\"mb-4 text-lg md:leading-8 break-words\">Vendredi<\/p>\n<p class=\"mb-4 text-lg md:leading-8 break-words\">(20h45) Strasbourg &#8211; Marseille<\/p>\n<p class=\"mb-4 text-lg md:leading-8 break-words\">Samedi 27 septembre<\/p>\n<p class=\"mb-4 text-lg md:leading-8 break-words\">(17h00) Lorient &#8211; Monaco<\/p>\n<p class=\"mb-4 text-lg md:leading-8 break-words\">(19h00) Toulouse &#8211; Nantes<\/p>\n<p class=\"mb-4 text-lg md:leading-8 break-words\">(21h05) Paris SG &#8211; Auxerre<\/p>\n<p class=\"mb-4 text-lg md:leading-8 break-words\">Dimanche<\/p>\n<p class=\"mb-4 text-lg md:leading-8 break-words\">(15h00) Nice &#8211; Paris FC<\/p>\n<p class=\"mb-4 text-lg md:leading-8 break-words\">(17h15) Angers &#8211; Brest<\/p>\n<p class=\"mb-4 text-lg md:leading-8 break-words\">Metz &#8211; Le Havre<\/p>\n<p class=\"mb-4 text-lg md:leading-8 break-words\">Lille &#8211; Lyon<\/p>\n<p class=\"mb-4 text-lg md:leading-8 break-words\">(20h45) Rennes &#8211; Lens<\/p>\n<p class=\"mb-4 text-lg md:leading-8 break-words\">Classement: Pts J G N P bp bc dif<\/p>\n<p class=\"mb-4 text-lg md:leading-8 break-words\">1. Monaco 12 5 4 0 1 13 7 6<\/p>\n<p class=\"mb-4 text-lg md:leading-8 break-words\">2. Paris SG 12 5 4 0 1 10 4 6<\/p>\n<p class=\"mb-4 text-lg md:leading-8 break-words\">3. Lyon 12 5 4 0 1 7 3 4<\/p>\n<p class=\"mb-4 text-lg md:leading-8 break-words\">4. Strasbourg 12 5 4 0 1 8 5 3<\/p>\n<p class=\"mb-4 text-lg md:leading-8 break-words\">5. Lille 10 5 3 1 1 13 8 5<\/p>\n<p class=\"mb-4 text-lg md:leading-8 break-words\">6. Marseille 9 5 3 0 2 10 4 6<\/p>\n<p class=\"mb-4 text-lg md:leading-8 break-words\">7. Lens 9 5 3 0 2 8 5 3<\/p>\n<p class=\"mb-4 text-lg md:leading-8 break-words\">8. Rennes 8 5 2 2 1 7 8 -1<\/p>\n<p class=\"mb-4 text-lg md:leading-8 break-words\">9. Toulouse 6 5 2 0 3 7 9 -2<\/p>\n<p class=\"mb-4 text-lg md:leading-8 break-words\">10. Auxerre 6 5 2 0 3 4 6 -2<\/p>\n<p class=\"mb-4 text-lg md:leading-8 break-words\">11. Paris FC 6 5 2 0 3 9 12 -3<\/p>\n<p class=\"mb-4 text-lg md:leading-8 break-words\">12. Nice 6 5 2 0 3 6 9 -3<\/p>\n<p class=\"mb-4 text-lg md:leading-8 break-words\">13. Angers 5 5 1 2 2 3 4 -1<\/p>\n<p class=\"mb-4 text-lg md:leading-8 break-words\">14. Brest 4 5 1 1 3 9 11 -2<\/p>\n<p class=\"mb-4 text-lg md:leading-8 break-words\">15. Le Havre 4 5 1 1 3 6 8 -2<\/p>\n<p class=\"mb-4 text-lg md:leading-8 break-words\">16. Nantes 4 5 1 1 3 3 5 -2<\/p>\n<p class=\"mb-4 text-lg md:leading-8 break-words\">17. Lorient 4 5 1 1 3 6 13 -7<\/p>\n<p class=\"mb-4 text-lg md:leading-8 break-words\">18. Metz 1 5 0 1 4 5 13 -8<\/p>\n<p class=\"mb-4 text-lg md:leading-8 break-words\">NDLR: Les trois premiers sont directement qualifi\u00e9s pour la phase de ligue de la Ligue des champions. Le quatri\u00e8me est qualifi\u00e9 pour le 3e tour pr\u00e9liminaire de la Ligue des champions. Le 5e est qualifi\u00e9 pour la Ligue Europa. Le 6e est qualifi\u00e9 pour les barrages de la Ligue Conference. Les deux derniers sont rel\u00e9gu\u00e9s en Ligue 2 et le 16e dispute un barrage.<\/p>\n<p class=\"mb-4 text-lg md:leading-8 break-words\">obo\/<\/p>\n","protected":false},"excerpt":{"rendered":"Lille et Lyon s&rsquo;affrontent samedi dans un des chocs de la cinqui\u00e8me journ\u00e9e de Ligue 1 o\u00f9 Marseille&hellip;\n","protected":false},"author":2,"featured_media":419832,"comment_status":"","ping_status":"","sticky":false,"template":"","format":"standard","meta":{"footnotes":""},"categories":[2815],"tags":[1111,11,1438,4245,3450,46540,11787,1777,674,1011,27,811,66,447,1307,1781,2428,6212,3127,766,12,626,93,4029,584,25,54891,640,2312],"class_list":{"0":"post-419831","1":"post","2":"type-post","3":"status-publish","4":"format-standard","5":"has-post-thumbnail","7":"category-lille","8":"tag-actu","9":"tag-actualites","10":"tag-angers","11":"tag-auxerre","12":"tag-brest","13":"tag-debut-de-saison","14":"tag-emanuel-emegha","15":"tag-eu","16":"tag-europe","17":"tag-fr","18":"tag-france","19":"tag-hauts-de-france","20":"tag-ligue-1","21":"tag-ligue-des-champions","22":"tag-lille","23":"tag-lorient","24":"tag-lyon","25":"tag-metz","26":"tag-monaco","27":"tag-nantes","28":"tag-news","29":"tag-paris","30":"tag-psg","31":"tag-rabiot","32":"tag-rennes","33":"tag-republique-francaise","34":"tag-stade-bollaert","35":"tag-strasbourg","36":"tag-toulouse"},"share_on_mastodon":{"url":"https:\/\/pubeurope.com\/@fr\/115272686350464371","error":""},"_links":{"self":[{"href":"https:\/\/www.europesays.com\/fr\/wp-json\/wp\/v2\/posts\/419831","targetHints":{"allow":["GET"]}}],"collection":[{"href":"https:\/\/www.europesays.com\/fr\/wp-json\/wp\/v2\/posts"}],"about":[{"href":"https:\/\/www.europesays.com\/fr\/wp-json\/wp\/v2\/types\/post"}],"author":[{"embeddable":true,"href":"https:\/\/www.europesays.com\/fr\/wp-json\/wp\/v2\/users\/2"}],"replies":[{"embeddable":true,"href":"https:\/\/www.europesays.com\/fr\/wp-json\/wp\/v2\/comments?post=419831"}],"version-history":[{"count":0,"href":"https:\/\/www.europesays.com\/fr\/wp-json\/wp\/v2\/posts\/419831\/revisions"}],"wp:featuredmedia":[{"embeddable":true,"href":"https:\/\/www.europesays.com\/fr\/wp-json\/wp\/v2\/media\/419832"}],"wp:attachment":[{"href":"https:\/\/www.europesays.com\/fr\/wp-json\/wp\/v2\/media?parent=419831"}],"wp:term":[{"taxonomy":"category","embeddable":true,"href":"https:\/\/www.europesays.com\/fr\/wp-json\/wp\/v2\/categories?post=419831"},{"taxonomy":"post_tag","embeddable":true,"href":"https:\/\/www.europesays.com\/fr\/wp-json\/wp\/v2\/tags?post=419831"}],"curies":[{"name":"wp","href":"https:\/\/api.w.org\/{rel}","templated":true}]}}