{"id":419833,"date":"2025-09-26T21:19:10","date_gmt":"2025-09-26T21:19:10","guid":{"rendered":"https:\/\/www.europesays.com\/fr\/419833\/"},"modified":"2025-09-26T21:19:10","modified_gmt":"2025-09-26T21:19:10","slug":"les-buralistes-doivent-devenir-des-drugstores-du-quotidien","status":"publish","type":"post","link":"https:\/\/www.europesays.com\/fr\/419833\/","title":{"rendered":"les buralistes doivent devenir des \u00ab\u00a0drugstores du quotidien\u00a0\u00bb"},"content":{"rendered":"<p><a href=\"https:\/\/www.laprovence.com\/article\/videos\/1119787565612714\/manifestation-des-buralistes-decouvrez-leurs-revendications-dans-le-grand-j-t-des-territoires\" target=\"_blank\" rel=\"noopener\">Le secteur des buralistes <\/a>traverse une zone de turbulences. Face \u00e0 la concurrence du march\u00e9 parall\u00e8le et \u00e0 une fiscalit\u00e9 jug\u00e9e excessive, il s\u2019engage dans une profonde mutation. Invit\u00e9 par la CCIAMP pour participer \u00e0 une table ronde sur le commerce de proximit\u00e9, Philippe Coy, pr\u00e9sident de la Conf\u00e9d\u00e9ration nationale des buralistes, \u00e9tait ce vendredi 26\u00a0septembre \u00e0 Marseille pour rappeler les enjeux et tracer des perspectives d\u2019avenir de la fili\u00e8re.<\/p>\n<p>En France, le r\u00e9seau compte 22\u00a0800 entreprises, 80\u00a0000 salari\u00e9s et 10\u00a0millions de clients chaque jour. Dans les Bouches-du-Rh\u00f4ne, ils sont 563 entrepreneurs, dont 20% install\u00e9s dans des communes de moins de 3\u00a0500 habitants.<\/p>\n<p>Faire preuve d\u2019audace pour se transformer<\/p>\n<p>Pour Philippe Coy, la situation reste pr\u00e9occupante\u00a0: \u00ab\u00a0Le march\u00e9 parall\u00e8le repr\u00e9sente entre 30 et 40% des ventes selon les secteurs. C\u2019est un fl\u00e9au qui fragilise notre \u00e9conomie et affaiblit aussi la politique de sant\u00e9 publique.\u00a0\u00bb<\/p>\n<p>Depuis\u00a02018, un protocole sign\u00e9 avec l\u2019\u00c9tat et accompagn\u00e9 par les chambres de commerce a lanc\u00e9 un vaste mouvement de transformation. Objectif\u00a0: faire \u00e9voluer le bureau de tabac vers un commerce multiservice.<\/p>\n<p>\u00ab\u00a0\u00catre le drugstore du quotidien des Fran\u00e7ais\u00a0\u00bb, r&#8230;<\/p>\n","protected":false},"excerpt":{"rendered":"Le secteur des buralistes traverse une zone de turbulences. Face \u00e0 la concurrence du march\u00e9 parall\u00e8le et \u00e0&hellip;\n","protected":false},"author":2,"featured_media":419834,"comment_status":"","ping_status":"","sticky":false,"template":"","format":"standard","meta":{"footnotes":""},"categories":[2814],"tags":[17,1111,11,215,33,1777,674,1011,27,151,884,12,882,8889,25,4978,3356,4611],"class_list":{"0":"post-419833","1":"post","2":"type-post","3":"status-publish","4":"format-standard","5":"has-post-thumbnail","7":"category-marseille","8":"tag-17","9":"tag-actu","10":"tag-actualites","11":"tag-commerce","12":"tag-economie","13":"tag-eu","14":"tag-europe","15":"tag-fr","16":"tag-france","17":"tag-les","18":"tag-marseille","19":"tag-news","20":"tag-provence-alpes-cote-dazur","21":"tag-proximite","22":"tag-republique-francaise","23":"tag-ronde","24":"tag-sur","25":"tag-table"},"share_on_mastodon":{"url":"https:\/\/pubeurope.com\/@fr\/115272690196134716","error":""},"_links":{"self":[{"href":"https:\/\/www.europesays.com\/fr\/wp-json\/wp\/v2\/posts\/419833","targetHints":{"allow":["GET"]}}],"collection":[{"href":"https:\/\/www.europesays.com\/fr\/wp-json\/wp\/v2\/posts"}],"about":[{"href":"https:\/\/www.europesays.com\/fr\/wp-json\/wp\/v2\/types\/post"}],"author":[{"embeddable":true,"href":"https:\/\/www.europesays.com\/fr\/wp-json\/wp\/v2\/users\/2"}],"replies":[{"embeddable":true,"href":"https:\/\/www.europesays.com\/fr\/wp-json\/wp\/v2\/comments?post=419833"}],"version-history":[{"count":0,"href":"https:\/\/www.europesays.com\/fr\/wp-json\/wp\/v2\/posts\/419833\/revisions"}],"wp:featuredmedia":[{"embeddable":true,"href":"https:\/\/www.europesays.com\/fr\/wp-json\/wp\/v2\/media\/419834"}],"wp:attachment":[{"href":"https:\/\/www.europesays.com\/fr\/wp-json\/wp\/v2\/media?parent=419833"}],"wp:term":[{"taxonomy":"category","embeddable":true,"href":"https:\/\/www.europesays.com\/fr\/wp-json\/wp\/v2\/categories?post=419833"},{"taxonomy":"post_tag","embeddable":true,"href":"https:\/\/www.europesays.com\/fr\/wp-json\/wp\/v2\/tags?post=419833"}],"curies":[{"name":"wp","href":"https:\/\/api.w.org\/{rel}","templated":true}]}}