{"id":419845,"date":"2025-09-26T21:25:14","date_gmt":"2025-09-26T21:25:14","guid":{"rendered":"https:\/\/www.europesays.com\/fr\/419845\/"},"modified":"2025-09-26T21:25:14","modified_gmt":"2025-09-26T21:25:14","slug":"le-medef-se-rejouit-que-le-premier-ministre-place-la-reduction-des-depenses-publiques-comme-etant-la-premiere-des-priorites","status":"publish","type":"post","link":"https:\/\/www.europesays.com\/fr\/419845\/","title":{"rendered":"le Medef se r\u00e9jouit \u00ab\u00a0que le Premier ministre place la r\u00e9duction des d\u00e9penses publiques comme \u00e9tant la premi\u00e8re des priorit\u00e9s\u00a0\u00bb"},"content":{"rendered":"\n<p class=\"c-chapo \">\n  L&rsquo;organisation patronale est totalement oppos\u00e9e \u00e0 toute hausse des pr\u00e9l\u00e8vements obligatoires sur les entreprises dans le budget 2026.\n<\/p>\n<p>            lire plus tard<\/p>\n<p id=\"dialog__title\" class=\"dialog__title\">Pour sauvegarder cet article, connectez-vous ou cr\u00e9ez un compte franceinfo<\/p>\n<p class=\"dialog__description\">Sans paiement. Sans abonnement.<\/p>\n<p>        Fermer la fen\u00eatre d\u2019activation des notifications France Info<\/p>\n<p>            cr\u00e9er votre compte<\/p>\n<p>            se connecter<\/p>\n<p>        Fermer la fen\u00eatre de pr\u00e9sentation<\/p>\n<p>    <img loading=\"lazy\" decoding=\"async\" class=\"signature__image lazyload\" width=\"100\" height=\"100\" data- alt=\"\" src=\"https:\/\/www.europesays.com\/fr\/wp-content\/uploads\/2025\/05\/64a68815cd1a7_placeholder-36b69ec8.png\"\/><\/p>\n<p>    Publi\u00e9 le 26\/09\/2025 22:14<\/p>\n<p>      Mis \u00e0 jour le 26\/09\/2025 22:14<\/p>\n<p>        Temps de lecture : 1min<\/p>\n<p>    <img decoding=\"async\"  alt=\"Patrick Martin, le pr\u00e9sident du Medef, le 24 septembre 2025 \u00e0 Paris. (ADNAN FARZAT \/ NURPHOTO \/ AFP)\" width=\"432\" height=\"243\" src=\"https:\/\/www.europesays.com\/fr\/wp-content\/uploads\/2025\/09\/075-farzat-notitle250924-npc5l-68d6f3c8a2e85662820113.jpg\" fetchpriority=\"high\"\/><\/p>\n<p>      Patrick Martin, le pr\u00e9sident du Medef, le 24 septembre 2025 \u00e0 Paris. (ADNAN FARZAT \/ NURPHOTO \/ AFP)<\/p>\n<p>Le pr\u00e9sident du Medef, Patrick Martin, s&rsquo;est r\u00e9joui vendredi 26 septembre de \u00ab\u00a0la priorit\u00e9\u00a0\u00bb que semble accorder <a href=\"https:\/\/www.franceinfo.fr\/politique\/gouvernement-de-sebastien-lecornu\/le-gouvernement-sera-nomme-avant-le-debut-des-travaux-parlementaires-le-1er-octobre-promet-le-premier-ministre-sebastien-lecornu_7515811.html\" rel=\"nofollow noopener\" target=\"_blank\">le Premier ministre, S\u00e9bastien Lecornu<\/a>, \u00e0 la r\u00e9duction des d\u00e9penses publiques, dans l&rsquo;interview qu&rsquo;il a donn\u00e9e au <a href=\"https:\/\/www.franceinfo.fr\/politique\/gouvernement-de-sebastien-lecornu\/le-gouvernement-sera-nomme-avant-le-debut-des-travaux-parlementaires-le-1er-octobre-promet-le-premier-ministre-sebastien-lecornu_7515811.html\" target=\"_blank\" rel=\"noopener nofollow\">Parisien<\/a>.\u00a0<\/p>\n<p>\u00ab\u00a0Je me r\u00e9jouis que le Premier ministre place la r\u00e9duction des d\u00e9penses publiques comme \u00e9tant la premi\u00e8re des priorit\u00e9s, d\u00e9clare Patrick Martin dans une r\u00e9action \u00e0 l&rsquo;interview adress\u00e9e \u00e0 l&rsquo;AFP. C&rsquo;est aussi la priorit\u00e9 des acteurs \u00e9conomiques qui attendent par ailleurs des mesures pour relancer l&rsquo;activit\u00e9, l&rsquo;investissement, les embauches\u00a0\u00bb.<\/p>\n<p>Le leader de l&rsquo;organisation patronale enjoint n\u00e9anmoins \u00ab\u00a0le Premier ministre et le Parlement \u00e0 prendre en compte la situation \u00e9conomique\u00a0\u00bb dans les d\u00e9cisions \u00e0 venir, sous-entendant qu&rsquo;il redoute une hausse de la fiscalit\u00e9 sur les entreprises. \u00ab\u00a0Tous les pays encouragent leurs entreprises et les investisseurs : ne faisons pas l&rsquo;inverse au d\u00e9triment de la croissance, de l&#8217;emploi, de l&rsquo;investissement et du pouvoir d&rsquo;achat\u00a0\u00bb,\u00a0insiste-t-il.\u00a0<\/p>\n<p>Patrick Martin \u00ab\u00a0invite le Premier ministre et le Parlement \u00e0 prendre en compte la situation \u00e9conomique de plus en plus tendue et une concurrence internationale toujours plus vive dans les arbitrages et les d\u00e9bats \u00e0 venir\u00a0\u00bb. Ces derni\u00e8res semaines, le Medef s&rsquo;est montr\u00e9 totalement oppos\u00e9 \u00e0 toute hausse des pr\u00e9l\u00e8vements obligatoires sur les entreprises dans le budget 2026, ainsi qu&rsquo;\u00e0 l&rsquo;instauration d&rsquo;une taxe Zucman consistant \u00e0 pr\u00e9lever chaque ann\u00e9e un minimum de 2% du patrimoine des 1 800 contribuables les plus riches.\u00a0<\/p>\n<p>M. Martin confirme au passage <a href=\"https:\/\/www.franceinfo.fr\/replay-jt\/france-2\/20-heures\/impots-la-riposte-des-patrons-avec-une-grande-manifestation-prevue-le-13-octobre_7511671.html\" rel=\"nofollow noopener\" target=\"_blank\">la tenue d&rsquo;un rassemblement patronal le 13 octobre<\/a> et en annonce le lieu, la salle Accor Arena de Bercy.<\/p>\n","protected":false},"excerpt":{"rendered":"L&rsquo;organisation patronale est totalement oppos\u00e9e \u00e0 toute hausse des pr\u00e9l\u00e8vements obligatoires sur les entreprises dans le budget 2026.&hellip;\n","protected":false},"author":2,"featured_media":419846,"comment_status":"","ping_status":"","sticky":false,"template":"","format":"standard","meta":{"footnotes":""},"categories":[1888],"tags":[1111,1928,11,1927,1777,674,1011,27,12,1926,626,1925,25],"class_list":{"0":"post-419845","1":"post","2":"type-post","3":"status-publish","4":"format-standard","5":"has-post-thumbnail","7":"category-paris","8":"tag-actu","9":"tag-actu-paris","10":"tag-actualites","11":"tag-actualites-paris","12":"tag-eu","13":"tag-europe","14":"tag-fr","15":"tag-france","16":"tag-news","17":"tag-news-paris","18":"tag-paris","19":"tag-paris-news","20":"tag-republique-francaise"},"share_on_mastodon":{"url":"https:\/\/pubeurope.com\/@fr\/115272713954859766","error":""},"_links":{"self":[{"href":"https:\/\/www.europesays.com\/fr\/wp-json\/wp\/v2\/posts\/419845","targetHints":{"allow":["GET"]}}],"collection":[{"href":"https:\/\/www.europesays.com\/fr\/wp-json\/wp\/v2\/posts"}],"about":[{"href":"https:\/\/www.europesays.com\/fr\/wp-json\/wp\/v2\/types\/post"}],"author":[{"embeddable":true,"href":"https:\/\/www.europesays.com\/fr\/wp-json\/wp\/v2\/users\/2"}],"replies":[{"embeddable":true,"href":"https:\/\/www.europesays.com\/fr\/wp-json\/wp\/v2\/comments?post=419845"}],"version-history":[{"count":0,"href":"https:\/\/www.europesays.com\/fr\/wp-json\/wp\/v2\/posts\/419845\/revisions"}],"wp:featuredmedia":[{"embeddable":true,"href":"https:\/\/www.europesays.com\/fr\/wp-json\/wp\/v2\/media\/419846"}],"wp:attachment":[{"href":"https:\/\/www.europesays.com\/fr\/wp-json\/wp\/v2\/media?parent=419845"}],"wp:term":[{"taxonomy":"category","embeddable":true,"href":"https:\/\/www.europesays.com\/fr\/wp-json\/wp\/v2\/categories?post=419845"},{"taxonomy":"post_tag","embeddable":true,"href":"https:\/\/www.europesays.com\/fr\/wp-json\/wp\/v2\/tags?post=419845"}],"curies":[{"name":"wp","href":"https:\/\/api.w.org\/{rel}","templated":true}]}}