{"id":419851,"date":"2025-09-26T21:28:22","date_gmt":"2025-09-26T21:28:22","guid":{"rendered":"https:\/\/www.europesays.com\/fr\/419851\/"},"modified":"2025-09-26T21:28:22","modified_gmt":"2025-09-26T21:28:22","slug":"apres-avoir-mene-le-puy-foot-accroche-par-paris-13-atletico","status":"publish","type":"post","link":"https:\/\/www.europesays.com\/fr\/419851\/","title":{"rendered":"Apr\u00e8s avoir men\u00e9, Le Puy Foot accroch\u00e9 par Paris 13 Atletico"},"content":{"rendered":"<p>\t\t\t\t\t\t\t\t\t\t\t\t\t\t\t\t\t\t\t\t\t\t\t\t\t\t\t\t\t\t\t\t\t\t\t\t\t\t\t\t\t\t\t\t\t\t\t\t\t\t\t\t\t\t\t\t\t\t\t\t\t\t\t<a href=\"https:\/\/www.lacommere43.fr\/component\/banners\/click\/1819.html\" target=\"_blank\" title=\"Saint-Romain-Lachalm Durieux Fermetures septembre 2025\" rel=\"noopener\"><br \/>\n\t\t\t\t\t\t\t<img decoding=\"async\" loading=\"lazy\" src=\"https:\/\/www.europesays.com\/fr\/wp-content\/uploads\/2025\/09\/La-Commre-43---17-09-au-07-10-25-carrs.gif\" alt=\"Saint-Romain-Lachalm Durieux Fermetures septembre 2025\"\/><br \/>\n\t\t\t\t\t\t<\/a><\/p>\n<p>\t\t\t\t\t\t\t\t\t\t\t\t\t\t\t\t\t\t\t\t\t\t\t\t\t\t\t\t\t\t\t\t\t\t\t\t\t\t\t\t\t\t\t\t\t\t\t\t\t\t\t\t\t\t\t\t\t\t\t\t\t\t\t<a href=\"https:\/\/www.lacommere43.fr\/component\/banners\/click\/1820.html\" target=\"_blank\" title=\"Maison Velay septembre 2025\" rel=\"noopener\"><br \/>\n\t\t\t\t\t\t\t<img decoding=\"async\" loading=\"lazy\" src=\"https:\/\/www.europesays.com\/fr\/wp-content\/uploads\/2025\/09\/1758922102_31_La_Commre_43_Pav__H600_x_L600_px2025.jpg\" alt=\"Maison Velay septembre 2025\"\/><br \/>\n\t\t\t\t\t\t<\/a><\/p>\n<p><strong>Dominateurs une grande partie de la rencontre, les hommes de St\u00e9phane Dief n\u2019ont pas su concr\u00e9tiser leurs nombreuses occasions face \u00e0 Paris 13 Atletico. Pire, ils se sont fait rejoindre en fin de match (1-1), laissant \u00e9chapper deux points pr\u00e9cieux dans la course au maintien.<\/strong><\/p>\n<p>Dans ce duel entre deux concurrents directs pour le maintien, les Parisiens entraient mieux dans la partie. L\u2019ancien Ponot Ottman Dadoune tentait m\u00eame sa chance de loin apr\u00e8s 8 minutes, sans danger pour Carvalho. Peu apr\u00e8s, l\u2019attaquant se rendait coupable d\u2019une vilaine faute sur Thomas Ghalem, sanctionn\u00e9e par un carton rouge direct (23\u1d49). R\u00e9duits \u00e0 dix, les visiteurs laissaient logiquement l\u2019initiative \u00e0 des Ponots de plus en plus pressants.<\/p>\n<p>Brown Irabor, tr\u00e8s remuant, trouvait le poteau sur un centre de Goumot (34\u1d49) avant de manquer le cadre sur une nouvelle tentative. Wade, puis Rodrigues, multipliaient \u00e9galement les opportunit\u00e9s, sans parvenir \u00e0 tromper la vigilance de Sanou. \u00c0 la pause, les Ciel et Blanc regagnaient les vestiaires frustr\u00e9s de n\u2019avoir pas encore concr\u00e9tis\u00e9 leur sup\u00e9riorit\u00e9.<\/p>\n<p><strong>Rodrigues lib\u00e8re Le Puy<\/strong><\/p>\n<p>D\u00e8s la reprise, Le Puy reprenait son si\u00e8ge du camp parisien. Esmel, sur une malicieuse remise de la t\u00eate d\u2019Irabor, pensait d\u00e9livrer les siens \u00e0 la 53\u1d49, mais son but \u00e9tait refus\u00e9 pour hors-jeu. La d\u00e9livrance intervenait finalement deux minutes plus tard : sur une frappe de Wade repouss\u00e9e par Sanou, Cl\u00e9ment Rodrigues, fra\u00eechement arriv\u00e9 d\u2019Orl\u00e9ans, suivait parfaitement et inscrivait son premier but de la t\u00eate sous ses nouvelles couleurs (55\u1d49, 1-0).<\/p>\n<p><strong>Cruelle \u00e9galisation parisienne<\/strong><\/p>\n<p>On croyait alors les Ponots lanc\u00e9s vers une deuxi\u00e8me victoire de rang. D\u2019autant que les Parisiens ne franchissaient quasiment plus la ligne m\u00e9diane. Mais \u00e0 force de manquer d\u2019efficacit\u00e9, les Vellaves s\u2019exposaient. Sur un rare corner conc\u00e9d\u00e9 \u00e0 la 73\u1d49, Temanfo surgissait au deuxi\u00e8me poteau pour tromper Carvalho de la t\u00eate (1-1). Un coup dur pour les hommes de St\u00e9phane Dief, incapables de reprendre l\u2019avantage dans le dernier quart d\u2019heure malgr\u00e9 quelques ultimes assauts.<\/p>\n<p><strong>Une op\u00e9ration manqu\u00e9e<\/strong><\/p>\n<p>Ce nouveau match nul laisse un go\u00fbt amer. Malgr\u00e9 une nette domination et une sup\u00e9riorit\u00e9 num\u00e9rique pendant plus d\u2019une heure, les Ponots se contentent d\u2019un point. Ils restent ainsi englu\u00e9s juste devant la zone rouge et devront rapidement apprendre \u00e0 convertir leurs occasions s\u2019ils veulent esp\u00e9rer s\u2019extraire de la lutte pour le maintien.<\/p>\n<p><strong>LE PUY : 1<\/strong><\/p>\n<p><strong>PARIS 13 ATLETICO : 1<\/strong><\/p>\n<p><strong>But pour Le Puy<\/strong> : Rodrigues (55e)<\/p>\n<p><strong>But pour Paris<\/strong> : Temanfo (73e)<\/p>\n<p>\u00a0<\/p>\n<p><strong>Le Puy\u00a0<\/strong>: Carvalho, Zogba, Faty, Wade, Irabor, Goumot, Rodrigues, Ghalem, Xhemo (Cap), Mohamed, Esmel.<\/p>\n<p>Rempla\u00e7ants\u00a0: Darnaud, Bouleghcha, Gauhthier, Sakho, Gromat<\/p>\n<p>Entra\u00eeneur\u00a0: St\u00e9phane Dief<\/p>\n<p>\u00a0<\/p>\n<p><strong>Paris 13 Atletico<\/strong>\u00a0: Sanou, Oyongo, Barry, Ecuelle (Cap), Sangare, Fage, Ndiaye, Dadoune, Bernardino, Oliveira, Donat.<\/p>\n<p>Rempla\u00e7ants\u00a0: Zinga, Lasme, Traore, Gapa, Temanfo.<\/p>\n<p>Entra\u00eeneur\u00a0: Maxence Flachez<\/p>\n","protected":false},"excerpt":{"rendered":"Dominateurs une grande partie de la rencontre, les hommes de St\u00e9phane Dief n\u2019ont pas su concr\u00e9tiser leurs nombreuses&hellip;\n","protected":false},"author":2,"featured_media":419852,"comment_status":"","ping_status":"","sticky":false,"template":"","format":"standard","meta":{"footnotes":""},"categories":[1888],"tags":[2281,11,1777,674,2282,1011,27,2280,2284,2285,2283,12,626,25],"class_list":{"0":"post-419851","1":"post","2":"type-post","3":"status-publish","4":"format-standard","5":"has-post-thumbnail","7":"category-paris","8":"tag-actualite-43","9":"tag-actualites","10":"tag-eu","11":"tag-europe","12":"tag-faits-divers-auvergne","13":"tag-fr","14":"tag-france","15":"tag-information-haute-loire","16":"tag-infos-43","17":"tag-journal-haute-loire","18":"tag-la-commere-43","19":"tag-news","20":"tag-paris","21":"tag-republique-francaise"},"share_on_mastodon":{"url":"https:\/\/pubeurope.com\/@fr\/115272726354819024","error":""},"_links":{"self":[{"href":"https:\/\/www.europesays.com\/fr\/wp-json\/wp\/v2\/posts\/419851","targetHints":{"allow":["GET"]}}],"collection":[{"href":"https:\/\/www.europesays.com\/fr\/wp-json\/wp\/v2\/posts"}],"about":[{"href":"https:\/\/www.europesays.com\/fr\/wp-json\/wp\/v2\/types\/post"}],"author":[{"embeddable":true,"href":"https:\/\/www.europesays.com\/fr\/wp-json\/wp\/v2\/users\/2"}],"replies":[{"embeddable":true,"href":"https:\/\/www.europesays.com\/fr\/wp-json\/wp\/v2\/comments?post=419851"}],"version-history":[{"count":0,"href":"https:\/\/www.europesays.com\/fr\/wp-json\/wp\/v2\/posts\/419851\/revisions"}],"wp:featuredmedia":[{"embeddable":true,"href":"https:\/\/www.europesays.com\/fr\/wp-json\/wp\/v2\/media\/419852"}],"wp:attachment":[{"href":"https:\/\/www.europesays.com\/fr\/wp-json\/wp\/v2\/media?parent=419851"}],"wp:term":[{"taxonomy":"category","embeddable":true,"href":"https:\/\/www.europesays.com\/fr\/wp-json\/wp\/v2\/categories?post=419851"},{"taxonomy":"post_tag","embeddable":true,"href":"https:\/\/www.europesays.com\/fr\/wp-json\/wp\/v2\/tags?post=419851"}],"curies":[{"name":"wp","href":"https:\/\/api.w.org\/{rel}","templated":true}]}}