{"id":419855,"date":"2025-09-26T21:30:19","date_gmt":"2025-09-26T21:30:19","guid":{"rendered":"https:\/\/www.europesays.com\/fr\/419855\/"},"modified":"2025-09-26T21:30:19","modified_gmt":"2025-09-26T21:30:19","slug":"zelensky-aurait-demande-a-trump-des-missiles-de-croisiere-americains-tomahawk-pour-contraindre-poutine-a-faire-la-paix","status":"publish","type":"post","link":"https:\/\/www.europesays.com\/fr\/419855\/","title":{"rendered":"Zelensky aurait demand\u00e9 \u00e0 Trump des missiles de croisi\u00e8re am\u00e9ricains Tomahawk pour contraindre Poutine \u00e0 faire la paix"},"content":{"rendered":"<p>Selon le m\u00e9dia am\u00e9ricain Axios, le pr\u00e9sident ukrainien aurait demand\u00e9 \u00e0 son homologue la livraison de ces missiles d\u2019attaque au sol, qui disposent d\u2019une port\u00e9e allant jusqu\u2019\u00e0 1600 kilom\u00e8tres.<\/p>\n<p class=\"fig-paragraph\">Une nouvelle requ\u00eate. Lors de sa rencontre avec Donald Trump mardi, en marge de l\u2019Assembl\u00e9e g\u00e9n\u00e9rale des Nations unies,\u00a0<a href=\"http:\/\/www.lefigaro.fr\/international\/guerre-en-ukraine-zelensky-menace-de-viser-le-kremlin-des-paroles-irresponsables-selon-la-russie-20250926\" target=\"_blank\" data-fig-type=\"NewsFlash\" rel=\"noopener\" data-gtm-custom-categorie=\"navigation\" data-gtm-custom-action=\"crossclick\" data-gtm-custom-label=\"Contextuel\" data-gtm-event=\"customEventSPE\" data-fig-domain=\"LEFIGARO\">le pr\u00e9sident ukrainien Volodymyr Zelensky<\/a>\u00a0aurait demand\u00e9 la livraison de missiles de croisi\u00e8re am\u00e9ricains Tomahawk, capables de frapper jusqu\u2019\u00e0 Moscou, selon\u00a0<a href=\"https:\/\/www.axios.com\/2025\/09\/26\/zelensky-ask-trump-tomahawk-missile-strike-russia\" target=\"_blank\" rel=\"sponsored noopener\" data-gtm-custom-categorie=\"navigation\" data-gtm-custom-action=\"crossclick\" data-gtm-custom-label=\"Contextuel\" data-gtm-event=\"customEventSPE\">Axios<\/a> .<\/p>\n<p class=\"fig-paragraph\">Au cours d\u2019un entretien avec le m\u00e9dia am\u00e9ricain mercredi, le pr\u00e9sident ukrainien n\u2019a pas nomm\u00e9 ces armes mais a assur\u00e9 que, si la Russie savait que l\u2019Ukraine le poss\u00e9dait, la pression exerc\u00e9e sur Moscou pour entamer des n\u00e9gociations augmenterait fortement. Un responsable ukrainien a confirm\u00e9 aupr\u00e8s de nos confr\u00e8res que Zelensky faisait bien r\u00e9f\u00e9rence aux Tomahawk, des missiles de pr\u00e9cision \u00e0 longue port\u00e9e.<\/p>\n<p>                                    <a class=\"fig-a11y-skip a11y-hidden\" href=\"#fig-a11y-skip-main-inarticle\"><br \/>\n        Passer la publicit\u00e9<br \/>\n    <\/a><\/p>\n<p class=\"fig-paragraph\">Ce n\u2019est pas la premi\u00e8re fois que le pr\u00e9sident ukrainien r\u00e9clame l\u2019achat des missiles Tomahawk aupr\u00e8s des \u00c9tats-Unis au cours de l\u2019ann\u00e9e \u00e9coul\u00e9e, mais, selon la presse am\u00e9ricaine, il s\u2019agit du seul type de missiles am\u00e9ricains \u00e0 longue port\u00e9e que le pr\u00e9sident am\u00e9ricain n\u2019avait pas accept\u00e9 de vendre aux pays de l\u2019Otan pour le compte de l\u2019Ukraine. Axios ne mentionne pas la r\u00e9ponse de Donald Trump \u00e0 cette demande.<\/p>\n<p>Jusqu\u2019\u00e0 1600 kms de port\u00e9e<\/p>\n<p class=\"fig-paragraph\">Les Tomahawk ont une port\u00e9e bien sup\u00e9rieure aux missiles actuellement disponibles pour l\u2019Ukraine, jusqu\u2019\u00e0 1600 kms contre environ 300 kms pour les ATACMS am\u00e9ricains, et sont plus rapides et plus puissants que les drones ukrainiens.<\/p>\n<p class=\"fig-paragraph\">\u00c0 l\u2019occasion d\u2019un sommet de l\u2019Otan en juillet 2024, Washington et Berlin avaient annonc\u00e9 dans une d\u00e9claration conjointe que les \u00c9tats-Unis allaient \u00abd\u00e9buter des d\u00e9ploiements \u00e9pisodiques de capacit\u00e9s de feu \u00e0 longue port\u00e9e\u00bb en Allemagne en 2026, \u00e9voquant des missiles SM-6, des missiles Tomahawk et des armes hypersoniques en cours de d\u00e9veloppement, ce qui accro\u00eetra la port\u00e9e des capacit\u00e9s actuellement d\u00e9ploy\u00e9es en Europe.<\/p>\n<p class=\"fig-paragraph\">Dans la foul\u00e9e de cette d\u00e9claration, Moscou avait mis en garde l\u2019Europe en affirmant que ce d\u00e9ploiement des missiles am\u00e9ricains \u00e0 longue port\u00e9e en Allemagne risquait avant tout d\u2019exposer les populations du continent, dont les capitales deviennent en retour des cibles pour la Russie.<\/p>\n","protected":false},"excerpt":{"rendered":"Selon le m\u00e9dia am\u00e9ricain Axios, le pr\u00e9sident ukrainien aurait demand\u00e9 \u00e0 son homologue la livraison de ces missiles&hellip;\n","protected":false},"author":2,"featured_media":419856,"comment_status":"","ping_status":"","sticky":false,"template":"","format":"standard","meta":{"footnotes":""},"categories":[1590],"tags":[259,11,260,1777,674,14,261,12,262,220],"class_list":{"0":"post-419855","1":"post","2":"type-post","3":"status-publish","4":"format-standard","5":"has-post-thumbnail","7":"category-ukraine","8":"tag-actualite-internationale","9":"tag-actualites","10":"tag-affaires-etrangeres","11":"tag-eu","12":"tag-europe","13":"tag-international","14":"tag-ministere-des-affaires-etrangeres","15":"tag-news","16":"tag-politique-etrangere","17":"tag-ukraine"},"share_on_mastodon":{"url":"https:\/\/pubeurope.com\/@fr\/115272733636656847","error":""},"_links":{"self":[{"href":"https:\/\/www.europesays.com\/fr\/wp-json\/wp\/v2\/posts\/419855","targetHints":{"allow":["GET"]}}],"collection":[{"href":"https:\/\/www.europesays.com\/fr\/wp-json\/wp\/v2\/posts"}],"about":[{"href":"https:\/\/www.europesays.com\/fr\/wp-json\/wp\/v2\/types\/post"}],"author":[{"embeddable":true,"href":"https:\/\/www.europesays.com\/fr\/wp-json\/wp\/v2\/users\/2"}],"replies":[{"embeddable":true,"href":"https:\/\/www.europesays.com\/fr\/wp-json\/wp\/v2\/comments?post=419855"}],"version-history":[{"count":0,"href":"https:\/\/www.europesays.com\/fr\/wp-json\/wp\/v2\/posts\/419855\/revisions"}],"wp:featuredmedia":[{"embeddable":true,"href":"https:\/\/www.europesays.com\/fr\/wp-json\/wp\/v2\/media\/419856"}],"wp:attachment":[{"href":"https:\/\/www.europesays.com\/fr\/wp-json\/wp\/v2\/media?parent=419855"}],"wp:term":[{"taxonomy":"category","embeddable":true,"href":"https:\/\/www.europesays.com\/fr\/wp-json\/wp\/v2\/categories?post=419855"},{"taxonomy":"post_tag","embeddable":true,"href":"https:\/\/www.europesays.com\/fr\/wp-json\/wp\/v2\/tags?post=419855"}],"curies":[{"name":"wp","href":"https:\/\/api.w.org\/{rel}","templated":true}]}}