{"id":419857,"date":"2025-09-26T21:31:11","date_gmt":"2025-09-26T21:31:11","guid":{"rendered":"https:\/\/www.europesays.com\/fr\/419857\/"},"modified":"2025-09-26T21:31:11","modified_gmt":"2025-09-26T21:31:11","slug":"pokemon-critique-la-reprise-de-son-slogan-dans-une-video-antimigrants-du-gouvernement-americain-liberation","status":"publish","type":"post","link":"https:\/\/www.europesays.com\/fr\/419857\/","title":{"rendered":"Pok\u00e9mon critique la reprise de son slogan dans une vid\u00e9o antimigrants du gouvernement am\u00e9ricain \u2013 Lib\u00e9ration"},"content":{"rendered":"<p class=\"sc-cPiKLX AiZTS text-element\">Finalement, toute publicit\u00e9 n\u2019est pas si bonne \u00e0 prendre. <a href=\"https:\/\/www.liberation.fr\/culture\/jeux-video\/le-cycle-se-perpetue-avec-pokemon-tcg-pocket-la-franchise-continue-de-traverser-les-generations-20241221_7GTTDXYYUJBLXP3FDWMJVIAWHI\/\" target=\"_blank\" rel=\"noreferrer nofollow noopener\" title=\"https:\/\/www.liberation.fr\/culture\/jeux-video\/le-cycle-se-perpetue-avec-pokemon-tcg-pocket-la-franchise-continue-de-traverser-les-generations-20241221_7GTTDXYYUJBLXP3FDWMJVIAWHI\/\">La tr\u00e8s populaire franchise Pok\u00e9mon<\/a> a tenu \u00e0 se dissocier ce vendredi 26 septembre de la r\u00e9cente vid\u00e9o du gouvernent am\u00e9ricain associant le slogan \u00abAttrapez-les tous\u00bb de la marque japonaise \u00e0 <a href=\"https:\/\/www.liberation.fr\/international\/amerique\/trump-renvoie-500-000-migrants-legaux-damerique-latine-et-des-caraibes-20250325_QMSRDV5HXVF7RATFFXKWONNAS4\/\" target=\"_blank\" rel=\"noreferrer nofollow noopener\" title=\"https:\/\/www.liberation.fr\/international\/amerique\/trump-renvoie-500-000-migrants-legaux-damerique-latine-et-des-caraibes-20250325_QMSRDV5HXVF7RATFFXKWONNAS4\/\">sa campagne d\u2019expulsion des migrants clandestins<\/a>. \u00abNous n\u2019avons jamais approuv\u00e9 l\u2019utilisation de la propri\u00e9t\u00e9 intellectuelle que nous poss\u00e9dons\u00bb, a soulign\u00e9 l\u2019entreprise dans un communiqu\u00e9. <\/p>\n<p class=\"sc-cPiKLX AiZTS text-element\"><a href=\"https:\/\/x.com\/DHSgov\/status\/1970251208322621530\" target=\"_blank\" rel=\"noreferrer nofollow\" title=\"https:\/\/x.com\/DHSgov\/status\/1970251208322621530\">La vid\u00e9o<\/a>, publi\u00e9e en d\u00e9but de semaine sur le compte X du d\u00e9partement de la S\u00e9curit\u00e9 int\u00e9rieure am\u00e9ricain, montre des policiers arm\u00e9s et des douaniers menottant des personnes pr\u00e9sent\u00e9es comme des clandestins, avec, en fond musical, le c\u00e9l\u00e8bre g\u00e9n\u00e9rique de Pok\u00e9mon. <\/p>\n<p class=\"sc-cPiKLX AiZTS text-element\">Le clip d\u2019une minute est entrecoup\u00e9 d\u2019images du personnage principal Satoshi, connu sous le nom de Sacha en France, lan\u00e7ant des Pok\u00e9balls, un outil utilis\u00e9 dans la s\u00e9rie anim\u00e9e pour attraper et stocker des monstres sauvages, les Pok\u00e9mons. L\u2019entit\u00e9 affiche aussi son nom \u2013 Department of Homeland Security \u2013 en utilisant la graphie de la franchise cr\u00e9\u00e9e en 1996.<\/p>\n<p class=\"sc-cPiKLX AiZTS text-element\">Au d\u00e9but du mois, l\u2019administration am\u00e9ricaine a lanc\u00e9 une op\u00e9ration de <a href=\"https:\/\/www.liberation.fr\/international\/amerique\/la-police-de-limmigration-americaine-va-lancer-une-vaste-campagne-de-recrutement-sur-amazon-prime-snapchat-et-instagram-20250807_7B5CIVOZ25CSLA3QRYE5WBNQZM\/\" target=\"_blank\" rel=\"noreferrer nofollow noopener\" title=\"https:\/\/www.liberation.fr\/international\/amerique\/la-police-de-limmigration-americaine-va-lancer-une-vaste-campagne-de-recrutement-sur-amazon-prime-snapchat-et-instagram-20250807_7B5CIVOZ25CSLA3QRYE5WBNQZM\/\">contr\u00f4le de l\u2019immigration<\/a> \u00e0 Chicago baptis\u00e9e \u00abMidway blitz\u00bb, visant les migrants qu\u2019elle qualifie de \u00abcriminels qui terrorisent les Am\u00e9ricains\u00bb. Donald Trump a \u00e9rig\u00e9 la lutte contre l\u2019immigration clandestine en priorit\u00e9 absolue, \u00e9voquant une \u00abinvasion\u00bb des Etats-Unis par des \u00abcriminels venus de l\u2019\u00e9tranger\u00bb et communiquant abondamment sur les expulsions d\u2019immigr\u00e9s, dont la police de l\u2019immigration, l\u2019ICE, est un des principaux instruments. <\/p>\n<p class=\"sc-cPiKLX AiZTS text-element\">Les op\u00e9rations muscl\u00e9es de la police de l\u2019immigration sous Donald Trump <a href=\"https:\/\/www.liberation.fr\/international\/amerique\/contre-la-politique-anti-immigration-de-trump-les-manifestations-se-multiplient-aux-etats-unis-20250612_OEU34PX6OVGBZFRDHFDCUWHQKA\/\" target=\"_blank\" rel=\"noreferrer nofollow noopener\" title=\"https:\/\/www.liberation.fr\/international\/amerique\/contre-la-politique-anti-immigration-de-trump-les-manifestations-se-multiplient-aux-etats-unis-20250612_OEU34PX6OVGBZFRDHFDCUWHQKA\/\">font pol\u00e9mique aux Etats-Unis<\/a>. En juin, des manifestations, parfois violentes, ont eu lieu \u00e0 Los Angeles. Au cours de l\u2019\u00e9t\u00e9, un sans-papier est mort lors d\u2019une op\u00e9ration en Californie et certains Am\u00e9ricains ont \u00e9t\u00e9 bri\u00e8vement d\u00e9tenus. <\/p>\n","protected":false},"excerpt":{"rendered":"Finalement, toute publicit\u00e9 n\u2019est pas si bonne \u00e0 prendre. La tr\u00e8s populaire franchise Pok\u00e9mon a tenu \u00e0 se&hellip;\n","protected":false},"author":2,"featured_media":419858,"comment_status":"","ping_status":"","sticky":false,"template":"","format":"standard","meta":{"footnotes":""},"categories":[1589],"tags":[11,73,1866,1061,12,1864,1865,1863,308],"class_list":{"0":"post-419857","1":"post","2":"type-post","3":"status-publish","4":"format-standard","5":"has-post-thumbnail","7":"category-etats-unis","8":"tag-actualites","9":"tag-etats-unis","10":"tag-etats-unis-damerique","11":"tag-immigration","12":"tag-news","13":"tag-united-states","14":"tag-united-states-of-america","15":"tag-us","16":"tag-usa"},"share_on_mastodon":{"url":"https:\/\/pubeurope.com\/@fr\/115272737554911559","error":""},"_links":{"self":[{"href":"https:\/\/www.europesays.com\/fr\/wp-json\/wp\/v2\/posts\/419857","targetHints":{"allow":["GET"]}}],"collection":[{"href":"https:\/\/www.europesays.com\/fr\/wp-json\/wp\/v2\/posts"}],"about":[{"href":"https:\/\/www.europesays.com\/fr\/wp-json\/wp\/v2\/types\/post"}],"author":[{"embeddable":true,"href":"https:\/\/www.europesays.com\/fr\/wp-json\/wp\/v2\/users\/2"}],"replies":[{"embeddable":true,"href":"https:\/\/www.europesays.com\/fr\/wp-json\/wp\/v2\/comments?post=419857"}],"version-history":[{"count":0,"href":"https:\/\/www.europesays.com\/fr\/wp-json\/wp\/v2\/posts\/419857\/revisions"}],"wp:featuredmedia":[{"embeddable":true,"href":"https:\/\/www.europesays.com\/fr\/wp-json\/wp\/v2\/media\/419858"}],"wp:attachment":[{"href":"https:\/\/www.europesays.com\/fr\/wp-json\/wp\/v2\/media?parent=419857"}],"wp:term":[{"taxonomy":"category","embeddable":true,"href":"https:\/\/www.europesays.com\/fr\/wp-json\/wp\/v2\/categories?post=419857"},{"taxonomy":"post_tag","embeddable":true,"href":"https:\/\/www.europesays.com\/fr\/wp-json\/wp\/v2\/tags?post=419857"}],"curies":[{"name":"wp","href":"https:\/\/api.w.org\/{rel}","templated":true}]}}