{"id":419871,"date":"2025-09-26T21:38:10","date_gmt":"2025-09-26T21:38:10","guid":{"rendered":"https:\/\/www.europesays.com\/fr\/419871\/"},"modified":"2025-09-26T21:38:10","modified_gmt":"2025-09-26T21:38:10","slug":"coupe-de-france-rousset-prend-la-porte-au-4e-tour-surclasse-par-las-cannes","status":"publish","type":"post","link":"https:\/\/www.europesays.com\/fr\/419871\/","title":{"rendered":"Coupe de France\u00a0: Rousset prend la porte au 4e tour, surclass\u00e9 par l\u2019AS Cannes"},"content":{"rendered":"<p>L\u2019aventure s\u2019arr\u00eate d\u00e9j\u00e0 pour le FC Rousset. Pour leur <a href=\"https:\/\/www.laprovence.com\/article\/sports\/5402695066944214\/football-d3-feminine-rousset-fait-enfin-son-entree-dans-le-grand-bain\" target=\"_blank\" rel=\"noopener\">entr\u00e9e en lice en Coupe de France<\/a>, les Proven\u00e7aux ont subi la loi de l\u2019AS Cannes (5-1), hier soir. Oppos\u00e9s \u00e0 une \u00e9quipe cannoise, <a href=\"https:\/\/www.laprovence.com\/article\/sports\/1442704962121815\/coupe-de-france-cannes-sincline-contre-reims-et-ne-verra-pas-le-stade-de-france\" target=\"_blank\" rel=\"noopener\">demi-finaliste<\/a> de la comp\u00e9tition la saison pass\u00e9e mais dans le dur en championnat, les joueurs de Yassine Azahaf n\u2019ont jamais exist\u00e9 et ont logiquement \u00e9t\u00e9 \u00e9limin\u00e9s.<\/p>\n<p>Les Roussetains ont pein\u00e9 \u00e0 se cr\u00e9er de v\u00e9ritables occasions. Pire, ils ont laiss\u00e9 le ballon aux locaux et fini par c\u00e9der \u00e0 la 33e minute face \u00e0 Bassirou Ndiaye reprenant un centre au cordeau de Pineau vers le but vide. Une barre transversale sign\u00e9e Goncalves (42) et une envol\u00e9e de Sanches Tavares (44) auraient pu alourdir la note, avant que les Cannois ne creusent l\u2019\u00e9cart juste avant la pause gr\u00e2ce \u00e0\u00a0Abbas.<\/p>\n<p>Au retour des vestiaires, Ndiaye (58), Gon\u00e7alves (71) assassinent les espoirs. La seule \u00e9claircie interviendra en fin de match sur un splendide coup franc direct de Leonil avant d\u2019encaisser un nouveau but d\u2019Abbas pour asseoir la sup\u00e9riorit\u00e9 cannoise. Rousset n\u2019avait pas les armes.<\/p>\n<p>Cannes 5 &#8211; 1 Rousset<\/p>\n<p>Arbitre\u00a0: M.\u00a0Amsili.<br \/>Buts &#8211; Cannes\u00a0: Ndiaye B. (33, 58), Abbas (45, 90 +\u00a04), Goncalves (71), Abbas (90 +\u00a04). Rousset\u00a0: Leonil (83).<br \/>Avertissements &#8211; Cannes\u00a0: Goncalves (72), Gueho (82). Rousset\u00a0: Suso (60), Da Costa (80).<br \/>Cannes\u00a0: Vanni &#8211; Corchia, Smith (Umbdenstock, 77), Abderrahmane (Gueho, 70), Pineau &#8211; Ndiaye A., Ndoye (cap.), Goncalves &#8211; Abbas, Ndiaye B. (Doumbouya, 70), Boussaid (Mambu, 63). Entr.\u00a0: Damien Ott.<br \/>Rousset\u00a0: Sanches Tavares &#8211; Soudi, Camara, Badji, Serrano (cap.) (Da Costa, 24) &#8211; Tormin (Haidar Bacar, 72), Hakkar (Gourdon, 63), Zerfaoui (Peisson, 63) &#8211; Suso, Leonil, Goncalves. Entr.\u00a0: Yassine Azahaf.<\/p>\n","protected":false},"excerpt":{"rendered":"L\u2019aventure s\u2019arr\u00eate d\u00e9j\u00e0 pour le FC Rousset. Pour leur entr\u00e9e en lice en Coupe de France, les Proven\u00e7aux&hellip;\n","protected":false},"author":2,"featured_media":419872,"comment_status":"","ping_status":"","sticky":false,"template":"","format":"standard","meta":{"footnotes":""},"categories":[4],"tags":[17,11,615,63,1011,27,12,5396,6020,25,53605,60,3584],"class_list":{"0":"post-419871","1":"post","2":"type-post","3":"status-publish","4":"format-standard","5":"has-post-thumbnail","7":"category-france","8":"tag-17","9":"tag-actualites","10":"tag-coupe","11":"tag-football","12":"tag-fr","13":"tag-france","14":"tag-news","15":"tag-porte","16":"tag-prend","17":"tag-republique-francaise","18":"tag-rousset","19":"tag-sports","20":"tag-tour"},"share_on_mastodon":{"url":"https:\/\/pubeurope.com\/@fr\/115272764912020521","error":""},"_links":{"self":[{"href":"https:\/\/www.europesays.com\/fr\/wp-json\/wp\/v2\/posts\/419871","targetHints":{"allow":["GET"]}}],"collection":[{"href":"https:\/\/www.europesays.com\/fr\/wp-json\/wp\/v2\/posts"}],"about":[{"href":"https:\/\/www.europesays.com\/fr\/wp-json\/wp\/v2\/types\/post"}],"author":[{"embeddable":true,"href":"https:\/\/www.europesays.com\/fr\/wp-json\/wp\/v2\/users\/2"}],"replies":[{"embeddable":true,"href":"https:\/\/www.europesays.com\/fr\/wp-json\/wp\/v2\/comments?post=419871"}],"version-history":[{"count":0,"href":"https:\/\/www.europesays.com\/fr\/wp-json\/wp\/v2\/posts\/419871\/revisions"}],"wp:featuredmedia":[{"embeddable":true,"href":"https:\/\/www.europesays.com\/fr\/wp-json\/wp\/v2\/media\/419872"}],"wp:attachment":[{"href":"https:\/\/www.europesays.com\/fr\/wp-json\/wp\/v2\/media?parent=419871"}],"wp:term":[{"taxonomy":"category","embeddable":true,"href":"https:\/\/www.europesays.com\/fr\/wp-json\/wp\/v2\/categories?post=419871"},{"taxonomy":"post_tag","embeddable":true,"href":"https:\/\/www.europesays.com\/fr\/wp-json\/wp\/v2\/tags?post=419871"}],"curies":[{"name":"wp","href":"https:\/\/api.w.org\/{rel}","templated":true}]}}