{"id":419873,"date":"2025-09-26T21:39:11","date_gmt":"2025-09-26T21:39:11","guid":{"rendered":"https:\/\/www.europesays.com\/fr\/419873\/"},"modified":"2025-09-26T21:39:11","modified_gmt":"2025-09-26T21:39:11","slug":"keegan-bradley-capitaine-de-ryder-cup-portrait-dun-joueur-que-meme-trump-revait-de-voir-sur-le-green","status":"publish","type":"post","link":"https:\/\/www.europesays.com\/fr\/419873\/","title":{"rendered":"Keegan Bradley, capitaine de Ryder Cup : portrait d&rsquo;un joueur que m\u00eame Trump r\u00eavait de voir sur le green"},"content":{"rendered":"<p class=\"text-left ap-StoryElement ap-StoryElement--mb js-paywall-target ap-StoryText\">\u00ab\u00a0J&rsquo;ai le sentiment d&rsquo;avoir \u00e9t\u00e9 appel\u00e9 pour une cause plus grande, pour aider les joueurs \u00e0 se pr\u00e9parer et \u00e0 jouer au plus haut niveau. J&rsquo;aurais pu jouer, mais je suis tellement honor\u00e9 d&rsquo;avoir \u00e9t\u00e9 nomm\u00e9 capitaine\u00a0\u00bb, dit-il.<\/p>\n<p class=\"text-left ap-StoryElement ap-StoryElement--mb ap-StoryText\">Laur\u00e9at de huit titres sur le PGA Tour dont le PGA Championship en 2011 \u2013 il disputait son premier Majeur \u2013, il figure\u00e0 la 13eplace mondiale, soit une meilleure position que trois des joueurs s\u00e9lectionn\u00e9s. Le natif de Woodstock a voulu mettre toutes les chances du c\u00f4t\u00e9 des \u00c9tats-Unis. En 2012, il faisait partie du mauvais c\u00f4t\u00e9 de l&rsquo;histoire lors du miracle de Medinah. En 2014, il avait essuy\u00e9 un nouvel \u00e9chec. Il s&rsquo;est promis d&rsquo;ouvrir sa valise de la Ryder Cup 2012 le jour o\u00f9 il la remporterait. Il attend toujours.<\/p>\n<p><a href=\"https:\/\/www.lalibre.be\/sports\/golf\/2025\/09\/25\/ryder-cup-2025-vacarme-chaos-et-insultes-les-europeens-vont-plonger-en-enfer-a-new-york-DKWQKUNXBVASRJPYLLPSRJOK3E\/\" target=\"_blank\" rel=\"noopener noreferrer nofollow\" class=\"ap-StoryInterstitialLink ap-StoryElement ap-StoryElement--mb\">Ryder Cup 2025 : \u00ab\u00a0Vacarme, chaos et insultes : les Europ\u00e9ens vont plonger en enfer \u00e0 New York\u00a0\u00bb<\/a><\/p>\n<p class=\"ap-StoryElement ap-StoryElement--mb ap-StoryText\">Son histoire aurait pu \u00eatre fort diff\u00e9rente. Enfant, il jonglait entre les greens et les pistes verglac\u00e9es du Vermont. Skieur tr\u00e8s talentueux, il s&rsquo;est lanc\u00e9 dans la comp\u00e9tition avec une belle r\u00e9ussite. La presse locale ne cessait de l&rsquo;encenser tant il encha\u00eenait les victoires. Il devait d&rsquo;ailleurs attendre la fonte des neiges pour pratiquer le golf. Commen\u00e7ait alors une course contre le temps avant l&rsquo;hiver suivant.<\/p>\n<p class=\"ap-StoryElement ap-StoryElement--mb ap-StoryText\">Bradley a tourn\u00e9 le dos \u00e0 ses skis quand les offres de bourses ont commenc\u00e9 \u00e0 pleuvoir. La r\u00e9ussite a vite \u00e9t\u00e9 au rendez-vous. Pendant ses \u00e9tudes \u00e0 l&rsquo;universit\u00e9 St. Johns, il s&rsquo;adjuge neuf titres en amateur. En 2008, il passe pro. Trois ans plus tard, il d\u00e9bloque son compteur de victoires.<\/p>\n<p class=\"ap-StoryElement ap-StoryElement--mb ap-StoryText\">Fervent supporter des Boston Red Six en MLB et des New England Patriots en NFL, le plus jeune capitaine de Ryder Cup avait d\u00e9j\u00e0 fait une apparition furtive au Bethpage Black lorsqu&rsquo;il \u00e9tait \u00e9tudiant. Il ignorait alors qu&rsquo;il reviendrait \u00e0 39 ans en portant les espoirs de toute une nation qui n&rsquo;imagine aucune autre issue qu&rsquo;une victoire dimanche.<\/p>\n<p class=\"ap-StoryElement ap-StoryElement--mb ap-StoryText\">Son histoire avec la Ryder Cup serait alors boucl\u00e9e. Et sa valise de\u2026 2012 d\u00e9faite.<\/p>\n<p><a href=\"https:\/\/www.lalibre.be\/sports\/golf\/2025\/09\/26\/ryder-cup-donald-trump-sinvite-dans-le-duel-entre-les-usa-et-leurope-6RNL2JMPQNEOPDYZO2PRTP367M\/\" target=\"_blank\" rel=\"noopener noreferrer nofollow\" class=\"ap-StoryInterstitialLink ap-StoryElement ap-StoryElement--mb\">Ryder Cup: Donald Trump s&rsquo;invite dans le duel entre les USA et l&rsquo;Europe<\/a><\/p>\n","protected":false},"excerpt":{"rendered":"\u00ab\u00a0J&rsquo;ai le sentiment d&rsquo;avoir \u00e9t\u00e9 appel\u00e9 pour une cause plus grande, pour aider les joueurs \u00e0 se pr\u00e9parer&hellip;\n","protected":false},"author":2,"featured_media":419874,"comment_status":"","ping_status":"","sticky":false,"template":"","format":"standard","meta":{"footnotes":""},"categories":[1418],"tags":[9013,1011,27,14824,1472,1227,517,60,23709,45484],"class_list":{"0":"post-419873","1":"post","2":"type-post","3":"status-publish","4":"format-standard","5":"has-post-thumbnail","7":"category-golf","8":"tag-color-image","9":"tag-fr","10":"tag-france","11":"tag-gettyimagerank2","12":"tag-golf","13":"tag-horizontal","14":"tag-sport","15":"tag-sports","16":"tag-the-majors-golf","17":"tag-us-pga-tour"},"share_on_mastodon":{"url":"https:\/\/pubeurope.com\/@fr\/115272768849162074","error":""},"_links":{"self":[{"href":"https:\/\/www.europesays.com\/fr\/wp-json\/wp\/v2\/posts\/419873","targetHints":{"allow":["GET"]}}],"collection":[{"href":"https:\/\/www.europesays.com\/fr\/wp-json\/wp\/v2\/posts"}],"about":[{"href":"https:\/\/www.europesays.com\/fr\/wp-json\/wp\/v2\/types\/post"}],"author":[{"embeddable":true,"href":"https:\/\/www.europesays.com\/fr\/wp-json\/wp\/v2\/users\/2"}],"replies":[{"embeddable":true,"href":"https:\/\/www.europesays.com\/fr\/wp-json\/wp\/v2\/comments?post=419873"}],"version-history":[{"count":0,"href":"https:\/\/www.europesays.com\/fr\/wp-json\/wp\/v2\/posts\/419873\/revisions"}],"wp:featuredmedia":[{"embeddable":true,"href":"https:\/\/www.europesays.com\/fr\/wp-json\/wp\/v2\/media\/419874"}],"wp:attachment":[{"href":"https:\/\/www.europesays.com\/fr\/wp-json\/wp\/v2\/media?parent=419873"}],"wp:term":[{"taxonomy":"category","embeddable":true,"href":"https:\/\/www.europesays.com\/fr\/wp-json\/wp\/v2\/categories?post=419873"},{"taxonomy":"post_tag","embeddable":true,"href":"https:\/\/www.europesays.com\/fr\/wp-json\/wp\/v2\/tags?post=419873"}],"curies":[{"name":"wp","href":"https:\/\/api.w.org\/{rel}","templated":true}]}}