{"id":419875,"date":"2025-09-26T21:40:14","date_gmt":"2025-09-26T21:40:14","guid":{"rendered":"https:\/\/www.europesays.com\/fr\/419875\/"},"modified":"2025-09-26T21:40:14","modified_gmt":"2025-09-26T21:40:14","slug":"montee-en-elite-identite-du-club-nouvelle-presidence-et-nouvelle-ere-pour-le-castres-massaguel-volley","status":"publish","type":"post","link":"https:\/\/www.europesays.com\/fr\/419875\/","title":{"rendered":"Mont\u00e9e en \u00e9lite, identit\u00e9 du club\u00a0: Nouvelle pr\u00e9sidence et nouvelle \u00e8re pour le Castres Massaguel Volley"},"content":{"rendered":"<p>\n                                                                    l&rsquo;essentiel<br \/>\n                                                                Le CMVB, le club de volley de Castres, a chang\u00e9 de pr\u00e9sidence. C\u2019est Alain Maury, figure historique du club, qui prend la suite de St\u00e9phane Cabrol. Pr\u00e9sentation d\u2019une nouvelle saison qui s\u2019annonce riche.\n                            <\/p>\n<p>Changement de visage, mais pas d\u2019ADN. Le Castres-Massaguel Volley-Ball (CMVB) a \u00e9lu un nouveau pr\u00e9sident\u00a0: Alain Maury. \u00c0 66 ans, ce pilier du club \u2013 qu\u2019il a rejoint en 1981 \u2013 prend la t\u00eate de la maison volley. Une maison qu\u2019il conna\u00eet par c\u0153ur, pour y avoir tout fait ou presque\u00a0: joueur, entra\u00eeneur, b\u00e9n\u00e9vole, dirigeant\u2026 \u00ab\u00a0Je suis tr\u00e8s attach\u00e9 au club\u00a0\u00bb, confie-t-il.<\/p>\n<p>        <img decoding=\"async\" class=\"std-img__img responsive-img\" src=\"https:\/\/www.europesays.com\/fr\/wp-content\/uploads\/2025\/09\/1758922814_375_image.jpg\" alt=\"Des jeunes aux seniors, le CMVB est pr\u00eat pour sa nouvelle saison.\"\/><\/p>\n<p>                Des jeunes aux seniors, le CMVB est pr\u00eat pour sa nouvelle saison.<br \/>\n                                    CMVB<\/p>\n<p>Le nouveau bureau a trac\u00e9 sa feuille de route. Priorit\u00e9 \u00e0 la structuration de l\u2019\u00e9cole de volley et \u00e0 la cr\u00e9ation d\u2019une v\u00e9ritable identit\u00e9 commune, \u00ab\u00a0depuis les petits jusqu\u2019\u00e0 la section sant\u00e9\u00a0\u00bb. Objectif assum\u00e9\u00a0: \u00ab\u00a0Que chaque cat\u00e9gorie ait sa place\u00a0\u00bb. Et il y a du monde sur les parquets. Avec ses 250 licenci\u00e9s, le CMVB attire, notamment chez les jeunes, c\u00f4t\u00e9 filles comme c\u00f4t\u00e9 gar\u00e7ons.<\/p>\n<p>Les Hornets, vitrine du club<\/p>\n<p>La locomotive sportive reste l\u2019\u00e9quipe fanion f\u00e9minine, baptis\u00e9e les Hornets, qui \u00e9volue en Nationale 2, plus haut niveau amateur. Ces derni\u00e8res ann\u00e9es, elles n\u2019ont cess\u00e9 de gravir les marches\u00a0: maintien d\u2019abord, milieu de tableau ensuite, et la saison pass\u00e9e, un r\u00f4le de premier plan dans le haut de tableau. Mais une page s\u2019est tourn\u00e9e cet \u00e9t\u00e9, avec la retraite sportive de trois cadres embl\u00e9matiques, toutes anciennes professionnelles\u00a0: Emeli Sch\u00e4fer (38 ans), Laura Wierre (39 ans) et Mayara Lemouzy (35 ans). \u00ab\u00a0On essaye de trouver une fa\u00e7on de les remplacer. Nous nous sommes tourn\u00e9s vers des jeunes\u00a0\u00bb, souligne Alain Maury. Trois recrues de 22 ans sont ainsi venues insuffler un vent de fra\u00eecheur.<\/p>\n<p>L\u2019ambition\u00a0? \u00ab\u00a0Faire au moins aussi bien que l\u2019ann\u00e9e derni\u00e8re\u00a0\u00bb. \u00c0 moyen terme, l\u2019id\u00e9e de franchir le cap vers le professionnalisme n\u2019est pas \u00e9cart\u00e9e, mais le pr\u00e9sident refuse toute pr\u00e9cipitation\u00a0: \u00ab\u00a0Cela d\u00e9pend de trop de facteurs, on ne peut pas le quantifier\u00a0\u00bb. Avec un budget actuel de 150\u00a0000\u00a0\u20ac, il faudrait de toute fa\u00e7on tripler la mise pour se frotter \u00e0 l\u2019\u00e9lite. Mais l\u2019enjeu des sponsors demeure pr\u00e9gnant\u00a0: \u00ab\u00a0nous avons maintenu les partenariats de l\u2019an dernier. Nous avons aussi un partenariat avec un \u00e9quipementier. Mais on cherche toujours\u00a0!\u00a0\u00bb<\/p>\n<p>Le premier rendez-vous de la saison pour les Hornets est fix\u00e9 ce dimanche 28\u00a0septembre, \u00e0 15\u00a0heures, au Cosec de Lameilh\u00e9. L\u2019adversaire\u00a0: Le\u00a0Cannet, une r\u00e9serve d\u2019une \u00e9quipe professionnelle. L\u2019an dernier, chacun avait remport\u00e9 une confrontation.\u00a0L\u2019entra\u00eeneur, Gr\u00e9gory Verscheure, affiche un optimisme mesur\u00e9\u00a0: \u00ab\u00a0On a un six principal d\u2019exp\u00e9rience, hyper int\u00e9ressant. Les jeunes m\u2019ont agr\u00e9ablement surpris pendant la pr\u00e9paration. C\u2019est de bon augure. Maintenant, il y a la r\u00e9alit\u00e9 du terrain\u00a0!\u00a0\u00bb<\/p>\n","protected":false},"excerpt":{"rendered":"l&rsquo;essentiel Le CMVB, le club de volley de Castres, a chang\u00e9 de pr\u00e9sidence. C\u2019est Alain Maury, figure historique&hellip;\n","protected":false},"author":2,"featured_media":419876,"comment_status":"","ping_status":"","sticky":false,"template":"","format":"standard","meta":{"footnotes":""},"categories":[1417],"tags":[1011,27,60,1470,1469],"class_list":{"0":"post-419875","1":"post","2":"type-post","3":"status-publish","4":"format-standard","5":"has-post-thumbnail","7":"category-volley","8":"tag-fr","9":"tag-france","10":"tag-sports","11":"tag-volley","12":"tag-volleyball"},"share_on_mastodon":{"url":"https:\/\/pubeurope.com\/@fr\/115272773145556206","error":""},"_links":{"self":[{"href":"https:\/\/www.europesays.com\/fr\/wp-json\/wp\/v2\/posts\/419875","targetHints":{"allow":["GET"]}}],"collection":[{"href":"https:\/\/www.europesays.com\/fr\/wp-json\/wp\/v2\/posts"}],"about":[{"href":"https:\/\/www.europesays.com\/fr\/wp-json\/wp\/v2\/types\/post"}],"author":[{"embeddable":true,"href":"https:\/\/www.europesays.com\/fr\/wp-json\/wp\/v2\/users\/2"}],"replies":[{"embeddable":true,"href":"https:\/\/www.europesays.com\/fr\/wp-json\/wp\/v2\/comments?post=419875"}],"version-history":[{"count":0,"href":"https:\/\/www.europesays.com\/fr\/wp-json\/wp\/v2\/posts\/419875\/revisions"}],"wp:featuredmedia":[{"embeddable":true,"href":"https:\/\/www.europesays.com\/fr\/wp-json\/wp\/v2\/media\/419876"}],"wp:attachment":[{"href":"https:\/\/www.europesays.com\/fr\/wp-json\/wp\/v2\/media?parent=419875"}],"wp:term":[{"taxonomy":"category","embeddable":true,"href":"https:\/\/www.europesays.com\/fr\/wp-json\/wp\/v2\/categories?post=419875"},{"taxonomy":"post_tag","embeddable":true,"href":"https:\/\/www.europesays.com\/fr\/wp-json\/wp\/v2\/tags?post=419875"}],"curies":[{"name":"wp","href":"https:\/\/api.w.org\/{rel}","templated":true}]}}