{"id":419877,"date":"2025-09-26T21:41:12","date_gmt":"2025-09-26T21:41:12","guid":{"rendered":"https:\/\/www.europesays.com\/fr\/419877\/"},"modified":"2025-09-26T21:41:12","modified_gmt":"2025-09-26T21:41:12","slug":"pro-d2-on-a-abandonne-tres-tot-cest-derangeant-le-naufrage-record-du-vrdr-a-oyonnax","status":"publish","type":"post","link":"https:\/\/www.europesays.com\/fr\/419877\/","title":{"rendered":"Pro D2. \u00ab On a abandonn\u00e9 tr\u00e8s t\u00f4t, c\u2019est d\u00e9rangeant \u00bb : le naufrage record du VRDR \u00e0 Oyonnax"},"content":{"rendered":"<p class=\"insetTitle\">Les r\u00e9actions<\/p>\n<p><strong>Fabien Fortassin, entra\u00eeneur de Valence-Romans\u00a0:<\/strong> \u00ab\u00a0En toute honn\u00eatet\u00e9, je la prends pour moi. C&rsquo;\u00e9tait une grosse erreur dans l\u2019approche du match, dans le discours trop pr\u00e9tentieux, pensant tenir le bras de fer. Tr\u00e8s t\u00f4t on a compris qu\u2019on lutterait pas longtemps. On a abandonn\u00e9 tr\u00e8s t\u00f4t, \u00e7a c\u2019est d\u00e9rangeant. Je ne vous ai certainement vu trop beaux. C\u2019est un retour sur Terre qui peut nous faire du bien. J\u2019ai beaucoup appris de mon \u00e9quipe, je pense \u00eatre meilleur entra\u00eeneur qu\u2019avant le match. Et j\u2019esp\u00e8re que mes joueurs seront des meilleurs joueurs la semaine prochaine. [\u2026] Il n\u2019y a aucun secteur qui a fonctionn\u00e9. Techniquement, tactiquement et physiquement, on n\u2019a pas \u00e9t\u00e9 bon. On leur a d\u00e9roul\u00e9 le tapis rouge. Certains ont pos\u00e9 la caisse \u00e0 outils tr\u00e8s t\u00f4t dans le match. C\u2019est un honneur d\u2019\u00eatre en Pro D2, on ne peut pas galvauder ces matches.\u00a0On peut potentiellement terminer ce bloc \u00e0 quatre victoires, ce qui serait un bon bloc. \u00bb<\/p>\n<p><strong>Lucas M\u00e9ret, demi d\u2019ouverture de Valence-Romans :<\/strong> \u00ab Sentir venir, non, d\u00e9ception, non plus. On n\u2019a pas r\u00e9ussir \u00e0 r\u00e9pondre. Le probl\u00e8me, c\u2019est qu\u2019on n&rsquo;a pas eu notre momentum. On n\u2019\u00e9tait pas les plus beaux la semaine derni\u00e8re. On va voir comment on va se d\u00e9placer les prochains matches. Il faudra \u00eatre plus \u00e0 m\u00eame de rivaliser \u00e0 l\u2019ext\u00e9rieur. La d\u00e9fense a toujours un go\u00fbt amer. Il va falloir assurer \u00e0 la maison la semaine prochaine, et qu\u2019on montre un autre visage. Quand on porte le maillot \u00e0 damiers, on ne peut pas se permettre de faire ce genre de prestation. Cette semaine, on \u00e9tait un peu moins focus que la semaine derni\u00e8re. \u00c0 nous, les joueurs, d\u2019\u00eatre plus coh\u00e9rent. \u00bb<\/p>\n<p><strong>Louis Morland, centre d\u2019Oyonnax :<\/strong> \u00ab Cette soir\u00e9e \u00e9tait incroyable. D\u00e8s le d\u00e9but de semaine, on \u00e9tait concentr\u00e9. Je pense que \u00e7a nous a mis en confiance, et on a pu lib\u00e9rer notre jeu. Et on voit que \u00e7a d\u00e9roule. Le mot d\u2019ordre \u00e9tait l\u2019agressivit\u00e9, on l\u2019a mise d\u00e8s le d\u00e9but du match. J\u2019esp\u00e8re que \u00e7a va nous servir de match r\u00e9f\u00e9rence. Et on va essayer d\u2019aller \u00e0 Brive avec les m\u00eames intentions. [\u2026] Je suis super content de ces trois essais, mais c\u2019est gr\u00e2ce \u00e0 l\u2019\u00e9quipe avant tout. J\u2019ai fini le job.<\/p>\n<p><strong>Fabien Cibray, entra\u00eeneur d\u2019Oyonnax :<\/strong> \u00ab On voulait briser les cha\u00eenes. Les joueurs ont jou\u00e9 lib\u00e9r\u00e9, ils ont pris les choses en main. J\u2019ai vu des joueurs se d\u00e9penser, heureux, et c\u2019est \u00e7a qui m\u2019importe. Ils ont r\u00e9pondu pr\u00e9sent toute la semaine. Depuis le d\u00e9but de la saison, tous les joueurs de la capsule emm\u00e8nent leur \u00e9nergie et leur insouciance, \u00e7a prouve que \u00e7a va booster tout le monde. C\u2019est surtout un signal que l\u2019on s\u2019envoie \u00e0 nous, qu\u2019on est capable de tenir 80 minutes. Je souhaite que c\u2019est le d\u00e9clic. J\u2019ai vu de l\u2019ambition ce soir. Il faut qu\u2019on arrive \u00e0 capitaliser sur ce match pour l\u2019avenir. \u00bb<\/p>\n<p class=\"insetSignature\">Recueilli par Romain Ales<\/p>\n","protected":false},"excerpt":{"rendered":"Les r\u00e9actions Fabien Fortassin, entra\u00eeneur de Valence-Romans\u00a0: \u00ab\u00a0En toute honn\u00eatet\u00e9, je la prends pour moi. C&rsquo;\u00e9tait une grosse&hellip;\n","protected":false},"author":2,"featured_media":419878,"comment_status":"","ping_status":"","sticky":false,"template":"","format":"standard","meta":{"footnotes":""},"categories":[1416],"tags":[2730,2737,2735,107,1701,1011,27,2308,1479,2736,479,1468,517,1947,60,2733,2734,2728],"class_list":{"0":"post-419877","1":"post","2":"type-post","3":"status-publish","4":"format-standard","5":"has-post-thumbnail","7":"category-rugby","8":"tag-drome","9":"tag-edition-romans-nord-drome","10":"tag-edition-valence-rhone-crussol-vallee-de-la-drome","11":"tag-fil-info","12":"tag-fil-info-sport","13":"tag-fr","14":"tag-france","15":"tag-pro-d2","16":"tag-romans","17":"tag-romans-sur-isere","18":"tag-rugby","19":"tag-rugby-football","20":"tag-sport","21":"tag-sport-national","22":"tag-sports","23":"tag-valence","24":"tag-valence-bassin","25":"tag-vrdr-valence-romans-drome-rugby"},"share_on_mastodon":{"url":"https:\/\/pubeurope.com\/@fr\/115272776758351234","error":""},"_links":{"self":[{"href":"https:\/\/www.europesays.com\/fr\/wp-json\/wp\/v2\/posts\/419877","targetHints":{"allow":["GET"]}}],"collection":[{"href":"https:\/\/www.europesays.com\/fr\/wp-json\/wp\/v2\/posts"}],"about":[{"href":"https:\/\/www.europesays.com\/fr\/wp-json\/wp\/v2\/types\/post"}],"author":[{"embeddable":true,"href":"https:\/\/www.europesays.com\/fr\/wp-json\/wp\/v2\/users\/2"}],"replies":[{"embeddable":true,"href":"https:\/\/www.europesays.com\/fr\/wp-json\/wp\/v2\/comments?post=419877"}],"version-history":[{"count":0,"href":"https:\/\/www.europesays.com\/fr\/wp-json\/wp\/v2\/posts\/419877\/revisions"}],"wp:featuredmedia":[{"embeddable":true,"href":"https:\/\/www.europesays.com\/fr\/wp-json\/wp\/v2\/media\/419878"}],"wp:attachment":[{"href":"https:\/\/www.europesays.com\/fr\/wp-json\/wp\/v2\/media?parent=419877"}],"wp:term":[{"taxonomy":"category","embeddable":true,"href":"https:\/\/www.europesays.com\/fr\/wp-json\/wp\/v2\/categories?post=419877"},{"taxonomy":"post_tag","embeddable":true,"href":"https:\/\/www.europesays.com\/fr\/wp-json\/wp\/v2\/tags?post=419877"}],"curies":[{"name":"wp","href":"https:\/\/api.w.org\/{rel}","templated":true}]}}