{"id":419881,"date":"2025-09-26T21:44:17","date_gmt":"2025-09-26T21:44:17","guid":{"rendered":"https:\/\/www.europesays.com\/fr\/419881\/"},"modified":"2025-09-26T21:44:17","modified_gmt":"2025-09-26T21:44:17","slug":"lenorme-coup-de-massue-balance-par-quartararo-a-son-ecurie-en-vue-du-futur","status":"publish","type":"post","link":"https:\/\/www.europesays.com\/fr\/419881\/","title":{"rendered":"l&rsquo;\u00e9norme coup de massue balanc\u00e9 par Quartararo \u00e0 son \u00e9curie en vue du futur !"},"content":{"rendered":"<p>Enorme annonce de Fabio Quartararo en vue de son futur. Le Fran\u00e7ais, toujours aussi cash et exigeant, a d\u00e9cid\u00e9 d&rsquo;\u00eatre tr\u00e8s franc ce jeudi, en marge du Grand Prix du Japon pr\u00e9vu ce week-end, concernant son avenir. Le champion du monde 2021, qui veut se battre de nouveau avec les meilleurs en 2026, a assur\u00e9 que la moto de la saison prochaine chez Yamaha allait d\u00e9cider de son avenir. Alors que la M1 \u00e9quip\u00e9e d\u2019un V4 a fait ses d\u00e9buts en comp\u00e9tition il y a deux semaines, elle a aussi \u00e9t\u00e9 test\u00e9 \u00e0 Misano par El Diablo, dans le cadre de tests officiels. Mais Fabio Quartararo en attend beaucoup et il a donc encore fait savoir que la moto de 2026 allait d\u00e9terminer son avenir chez Yamaha.<\/p>\n<p>Quartararo met la pression sur Yamaha<\/p>\n<p>Bien qu&rsquo;il assure devant les m\u00e9dias que cela ne ressemble pas \u00e0 un coup de pression, les mots exprim\u00e9s par Fabio Quartararo ce jeudi sont tr\u00e8s forts et Yamaha va devoir redoubler d&rsquo;efforts pour sa machine de 2026. \u00ab\u00a0Je n\u2019ai pas besoin de mettre la pression \u00e0 Yamaha, car ils savent que la moto de 2026 d\u00e9terminera mon avenir. Ils veulent me garder et savent quoi faire pour, alors, moi-m\u00eame, je ne me mets pas trop la pression et attends simplement de nouvelles am\u00e9liorations. Nous n\u2019en sommes qu\u2019au d\u00e9but du projet, mais j\u2019esp\u00e8re qu\u2019ils feront des progr\u00e8s dans les domaines o\u00f9 \u00e7a p\u00eache un peu. Peu importe que la direction soit pr\u00e9sente \u00e0 Motegi, je me soucie uniquement de moi et de l\u2019\u00e9quipe. M\u00eame si le pr\u00e9sident du Japon \u00e9tait l\u00e0, je continuerais \u00e0 me donner \u00e0 100 %\u00a0\u00bb, a fait savoir El Diablo, qui pr\u00e9vient, encore une fois, son \u00e9curie en vue de son futur.<\/p>\n<p>    Partagez cette info avec vos amis et vos proches en cliquant ici  <\/p>\n<p> Podcasts \u00e0 la une MEN LIFE <\/p>\n<p>    Pour r\u00e9sumer<\/p>\n<p>Enorme annonce de Fabio Quartararo en vue de son futur. Le Fran\u00e7ais, toujours aussi cash et exigeant, a d\u00e9cid\u00e9 d&rsquo;\u00eatre tr\u00e8s franc ce jeudi, en marge du Grand Prix du Japon pr\u00e9vu ce week-end, concernant son avenir.<\/p>\n<p>R\u00e9dacteur<\/p>\n<p><img decoding=\"async\" width=\"76\" height=\"76\" loading=\"lazy\" src=\"https:\/\/www.europesays.com\/fr\/wp-content\/uploads\/2025\/04\/logo-victor-willems.jpg\" alt=\"Victor Willems\"\/><\/p>\n","protected":false},"excerpt":{"rendered":"Enorme annonce de Fabio Quartararo en vue de son futur. Le Fran\u00e7ais, toujours aussi cash et exigeant, a&hellip;\n","protected":false},"author":2,"featured_media":419882,"comment_status":"","ping_status":"","sticky":false,"template":"","format":"standard","meta":{"footnotes":""},"categories":[1413],"tags":[1011,27,1457,1456,60],"class_list":{"0":"post-419881","1":"post","2":"type-post","3":"status-publish","4":"format-standard","5":"has-post-thumbnail","7":"category-moto","8":"tag-fr","9":"tag-france","10":"tag-moto","11":"tag-motocycle","12":"tag-sports"},"share_on_mastodon":{"url":"https:\/\/pubeurope.com\/@fr\/115272788976959992","error":""},"_links":{"self":[{"href":"https:\/\/www.europesays.com\/fr\/wp-json\/wp\/v2\/posts\/419881","targetHints":{"allow":["GET"]}}],"collection":[{"href":"https:\/\/www.europesays.com\/fr\/wp-json\/wp\/v2\/posts"}],"about":[{"href":"https:\/\/www.europesays.com\/fr\/wp-json\/wp\/v2\/types\/post"}],"author":[{"embeddable":true,"href":"https:\/\/www.europesays.com\/fr\/wp-json\/wp\/v2\/users\/2"}],"replies":[{"embeddable":true,"href":"https:\/\/www.europesays.com\/fr\/wp-json\/wp\/v2\/comments?post=419881"}],"version-history":[{"count":0,"href":"https:\/\/www.europesays.com\/fr\/wp-json\/wp\/v2\/posts\/419881\/revisions"}],"wp:featuredmedia":[{"embeddable":true,"href":"https:\/\/www.europesays.com\/fr\/wp-json\/wp\/v2\/media\/419882"}],"wp:attachment":[{"href":"https:\/\/www.europesays.com\/fr\/wp-json\/wp\/v2\/media?parent=419881"}],"wp:term":[{"taxonomy":"category","embeddable":true,"href":"https:\/\/www.europesays.com\/fr\/wp-json\/wp\/v2\/categories?post=419881"},{"taxonomy":"post_tag","embeddable":true,"href":"https:\/\/www.europesays.com\/fr\/wp-json\/wp\/v2\/tags?post=419881"}],"curies":[{"name":"wp","href":"https:\/\/api.w.org\/{rel}","templated":true}]}}