{"id":419883,"date":"2025-09-26T21:45:20","date_gmt":"2025-09-26T21:45:20","guid":{"rendered":"https:\/\/www.europesays.com\/fr\/419883\/"},"modified":"2025-09-26T21:45:20","modified_gmt":"2025-09-26T21:45:20","slug":"un-kane-record-pour-le-rouleau-compresseur-munichois","status":"publish","type":"post","link":"https:\/\/www.europesays.com\/fr\/419883\/","title":{"rendered":"un Kane record pour le rouleau compresseur munichois"},"content":{"rendered":"<p class=\"mb-4 text-lg md:leading-8 break-words\">Le Bayern a sign\u00e9 contre le Werder Br\u00eame sa cinqui\u00e8me victoire (4-0) en autant de rencontres de championnat cette saison vendredi soir \u00e0 domicile, avec un record pour Harry Kane qui a franchi la barre des 100 buts munichois.<\/p>\n<p class=\"mb-4 text-lg md:leading-8 break-words\">A quatre jours d&rsquo;affronter Paphos (mardi, 21h00) \u00e0 Chypre pour la 2e journ\u00e9e de la phase de ligue de la Ligue des champions, les Munichois ont poursuivi leur sans-faute en mode rouleau compresseur en Bundesliga, avec d\u00e9j\u00e0 22 buts d&rsquo;inscrits pour seulement 3 encaiss\u00e9s.<\/p>\n<p class=\"mb-4 text-lg md:leading-8 break-words\">Avec 15 points sur 15 possibles, les hommes de Vincent Kompany sont assur\u00e9s de conserver leur fauteuil de leader au soir de la 5e journ\u00e9e du championnat d&rsquo;Allemagne. Avant le d\u00e9placement de Dortmund \u00e0 Mayence samedi (15h30), ils comptent cinq points d&rsquo;avance sur le BVB, leur premier poursuivant.<\/p>\n<p class=\"mb-4 text-lg md:leading-8 break-words\">Avant la rencontre de vendredi, Harry Kane savait qu&rsquo;il pouvait atteindre les 100 buts avec le Bayern en 104 matches en cas d&rsquo;un doubl\u00e9 contre Br\u00eame, une barre qu&rsquo;aucun joueur n&rsquo;\u00e9tait parvenu \u00e0 passer en si peu de temps avec un club du top 5 europ\u00e9en. Cristiano Ronaldo avec le Real et Erling Haaland avec Manchester City, y \u00e9taient parvenus apr\u00e8s 105 matches sous leurs nouvelles couleurs.<\/p>\n<p class=\"mb-4 text-lg md:leading-8 break-words\">L&rsquo;ouverture du score est toutefois venue de Jonathan Tah \u00e0 la 22e minute. Sur un centre de Michael Olise, Tah a prolong\u00e9 la balle d&rsquo;une belle talonnade, elle-m\u00eame d\u00e9vi\u00e9e par Luis Diaz, ce qui a tromp\u00e9 un tr\u00e8s bon Karl Hein.<\/p>\n<p class=\"mb-4 text-lg md:leading-8 break-words\">&#8211; Kane mieux que CR7 et Haaland &#8211;<\/p>\n<p class=\"mb-4 text-lg md:leading-8 break-words\">Le gardien de but du Werder Br\u00eame a remport\u00e9 plusieurs duels avec Kane, dont un d\u00e8s la 4e minute, et quand Hein a \u00e9t\u00e9 d\u00e9pass\u00e9, c&rsquo;est le capitaine Marco Friedl qui a emp\u00each\u00e9 Kane (39e) de marquer son premier but de la soir\u00e9e.<\/p>\n<p class=\"mb-4 text-lg md:leading-8 break-words\">Juste avant la pause, le capitaine et meilleur buteur de la s\u00e9lection anglaise a provoqu\u00e9 la faute de Friedl dans la surface et a converti son 18e penalty en Bundesliga (aucun \u00e9chec dans l&rsquo;exercice en championnat depuis qu&rsquo;il est arriv\u00e9 en Bavi\u00e8re \u00e0 l&rsquo;\u00e9t\u00e9 2023).<\/p>\n<p class=\"mb-4 text-lg md:leading-8 break-words\">En seconde p\u00e9riode, sur une contre-attaque lanc\u00e9e par Dayot Upamecano, Kane a profit\u00e9 du travail de Luis Diaz pour inscrire son 10e but en Bundesliga cette saison, le 100e de sa carri\u00e8re munichoise d\u00e9but\u00e9e un soir de la mi-ao\u00fbt 2023.<\/p>\n<p class=\"mb-4 text-lg md:leading-8 break-words\">Kane a \u00e9t\u00e9 remplac\u00e9 \u00e0 dix minutes de la fin par le S\u00e9n\u00e9galais Nicolas Jackson, l&rsquo;entra\u00eeneur Vincent Kompany pouvant faire tourner en vue du match de C1.<\/p>\n<p class=\"mb-4 text-lg md:leading-8 break-words\">L&rsquo;Autrichien Konrad Laimer a conclu le nouveau festival offensif munichois \u00e0 la 87e minute.<\/p>\n<p class=\"mb-4 text-lg md:leading-8 break-words\">Apr\u00e8s le d\u00e9placement \u00e0 Paphos, le Bayern disposera de quatre jours pour pr\u00e9parer son match sur la pelouse de l&rsquo;Eintracht \u00e0 Francfort, l&rsquo;une des premi\u00e8res affiches de la saison en Bundesliga.<\/p>\n<p class=\"mb-4 text-lg md:leading-8 break-words\">tba\/jde<\/p>\n","protected":false},"excerpt":{"rendered":"Le Bayern a sign\u00e9 contre le Werder Br\u00eame sa cinqui\u00e8me victoire (4-0) en autant de rencontres de championnat&hellip;\n","protected":false},"author":2,"featured_media":419884,"comment_status":"","ping_status":"","sticky":false,"template":"","format":"standard","meta":{"footnotes":""},"categories":[1412],"tags":[13254,69,54898,13282,4784,8099,25115,1451,1452,1453,1454,1455,1011,27,17523,54900,54899,54902,16663,54901,4785,54903,60,54897,54896],"class_list":{"0":"post-419883","1":"post","2":"type-post","3":"status-publish","4":"format-standard","5":"has-post-thumbnail","7":"category-f1","8":"tag-bayern","9":"tag-bundesliga","10":"tag-championnat-dallemagne-2","11":"tag-cristiano-ronaldo","12":"tag-dayot-upamecano","13":"tag-dortmund","14":"tag-erling-haaland","15":"tag-f1","16":"tag-formula-1","17":"tag-formula1","18":"tag-formule-1","19":"tag-formule1","20":"tag-fr","21":"tag-france","22":"tag-harry-kane","23":"tag-jonathan-tah","24":"tag-karl-hein","25":"tag-konrad-laimer","26":"tag-manchester-city","27":"tag-marco-friedl","28":"tag-michael-olise","29":"tag-nicolas-jackson","30":"tag-sports","31":"tag-vincent-kompany","32":"tag-werder-breme"},"share_on_mastodon":{"url":"https:\/\/pubeurope.com\/@fr\/115272792355092238","error":""},"_links":{"self":[{"href":"https:\/\/www.europesays.com\/fr\/wp-json\/wp\/v2\/posts\/419883","targetHints":{"allow":["GET"]}}],"collection":[{"href":"https:\/\/www.europesays.com\/fr\/wp-json\/wp\/v2\/posts"}],"about":[{"href":"https:\/\/www.europesays.com\/fr\/wp-json\/wp\/v2\/types\/post"}],"author":[{"embeddable":true,"href":"https:\/\/www.europesays.com\/fr\/wp-json\/wp\/v2\/users\/2"}],"replies":[{"embeddable":true,"href":"https:\/\/www.europesays.com\/fr\/wp-json\/wp\/v2\/comments?post=419883"}],"version-history":[{"count":0,"href":"https:\/\/www.europesays.com\/fr\/wp-json\/wp\/v2\/posts\/419883\/revisions"}],"wp:featuredmedia":[{"embeddable":true,"href":"https:\/\/www.europesays.com\/fr\/wp-json\/wp\/v2\/media\/419884"}],"wp:attachment":[{"href":"https:\/\/www.europesays.com\/fr\/wp-json\/wp\/v2\/media?parent=419883"}],"wp:term":[{"taxonomy":"category","embeddable":true,"href":"https:\/\/www.europesays.com\/fr\/wp-json\/wp\/v2\/categories?post=419883"},{"taxonomy":"post_tag","embeddable":true,"href":"https:\/\/www.europesays.com\/fr\/wp-json\/wp\/v2\/tags?post=419883"}],"curies":[{"name":"wp","href":"https:\/\/api.w.org\/{rel}","templated":true}]}}