{"id":419893,"date":"2025-09-26T21:50:11","date_gmt":"2025-09-26T21:50:11","guid":{"rendered":"https:\/\/www.europesays.com\/fr\/419893\/"},"modified":"2025-09-26T21:50:11","modified_gmt":"2025-09-26T21:50:11","slug":"les-livres-favoris-des-profs-revue-les-libraires","status":"publish","type":"post","link":"https:\/\/www.europesays.com\/fr\/419893\/","title":{"rendered":"Les livres favoris des profs \u2014 Revue Les libraires"},"content":{"rendered":"<p>La litt\u00e9rature jeunesse est un formidable outil \u00e0 utiliser en classe. Celle-ci fait rire et r\u00e9fl\u00e9chir, contribue \u00e0 mettre en place certaines notions et participe \u00e0 une meilleure compr\u00e9hension du monde. Qui de mieux que les profs pour en souligner l\u2019importance?<\/p>\n<p>Depuis 2008, l\u2019Association qu\u00e9b\u00e9coise des professeurs et professeures de fran\u00e7ais (AQPF) et l\u2019Association nationale des \u00e9diteurs de livres (ANEL) s\u2019unissent pour offrir les Prix litt\u00e9raires des enseignants et enseignantes de fran\u00e7ais, qui se d\u00e9ploient en quatre prix pour quatre cat\u00e9gories. D\u00e9termin\u00e9e par un jury compos\u00e9 de profs de fran\u00e7ais, cette s\u00e9lection de livres s\u2019av\u00e8re un pr\u00e9cieux outil pour promouvoir la lecture et toutes ses d\u00e9clinaisons en classe.<\/p>\n<p>Voici les finalistes :<\/p>\n<p><strong>Album 5 \u00e0 12 ans<\/strong><\/p>\n<p><a href=\"https:\/\/www.leslibraires.ca\/livres\/la-petite-fille-en-papier-emeri-pierrette-dube-9782925215547.html\" target=\"_blank\" rel=\"noopener\">La petite fille en papier \u00e9meri<\/a>, Pierrette Dub\u00e9 et Cara Carmina (Fonfon)<\/p>\n<p><a href=\"https:\/\/www.leslibraires.ca\/livres\/l-arbre-de-lily-marie-louise-gay-9782898503078.html\" target=\"_blank\" rel=\"noopener\">L\u2019arbre de Lily<\/a>, Marie-Louise Gay (Dominique et compagnie)<\/p>\n<p><a href=\"https:\/\/www.leslibraires.ca\/livres\/ce-n-est-pas-mon-degat-andree-poulin-9782897117160.html\" target=\"_blank\" rel=\"noopener\">Ce n\u2019est pas mon d\u00e9g\u00e2t<\/a>, Andr\u00e9e Poulin et Louis-Philippe St-Laurent (Druide)<\/p>\n<p>\u00a0<\/p>\n<p><strong>Roman 9 \u00e0 12 ans<\/strong><\/p>\n<p><a href=\"https:\/\/www.leslibraires.ca\/livres\/qui-a-vole-winston-churchill-katia-canciani-9782898660245.html\" target=\"_blank\" rel=\"noopener\">Qui a vol\u00e9 Winston Churchill<\/a>, Katia Canciani (\u00c9ditions David)<\/p>\n<p><a href=\"https:\/\/www.leslibraires.ca\/livres\/louise-et-les-cowboys-du-saint-victoria-lord-9782764628164.html\" target=\"_blank\" rel=\"noopener\">Louise et les cowboys du Saint-Laurent<\/a>, Victoria Lord (Bor\u00e9al)<\/p>\n<p><a href=\"https:\/\/www.leslibraires.ca\/livres\/mlle-bottine-sonia-sarfati-9782764454084.html\" target=\"_blank\" rel=\"noopener\">Mlle Bottine<\/a>, Sonia Sarfati (Qu\u00e9bec Am\u00e9rique)<\/p>\n<p>\u00a0<\/p>\n<p><strong>Roman 13 \u00e0 17 ans<\/strong><\/p>\n<p><a href=\"https:\/\/www.leslibraires.ca\/livres\/ce-qui-disparait-marie-andree-arsenault-9782764453247.html\" target=\"_blank\" rel=\"noopener\">Ce qui dispara\u00eet<\/a>, Marie-Andr\u00e9e Arsenault et Gabrielle Saint-Germain (Qu\u00e9bec Am\u00e9rique)<\/p>\n<p><a href=\"https:\/\/www.leslibraires.ca\/livres\/bonjour-mon-coeur-fanny-britt-9782924491928.html\" target=\"_blank\" rel=\"noopener\">Bonjour mon c\u0153ur<\/a>, Fanny Britt (Le Cheval d\u2019ao\u00fbt)<\/p>\n<p><a href=\"https:\/\/www.leslibraires.ca\/livres\/au-bord-de-l-errance-valerie-fontaine-9782760942684.html\" target=\"_blank\" rel=\"noopener\">Au bord de l\u2019errance<\/a>, Val\u00e9rie Fontaine (Lem\u00e9ac)<\/p>\n<p>\u00a0<\/p>\n<p><strong>Po\u00e9sie<\/strong><\/p>\n<p><a href=\"https:\/\/www.leslibraires.ca\/livres\/demenager-au-ciel-jean-guy-forget-9782897745707.html\" target=\"_blank\" rel=\"noopener\">D\u00e9m\u00e9nager au ciel<\/a>, M\u00e9lodie Bujold-Henri et Jean-Guy Forget (La courte \u00e9chelle)<\/p>\n<p><a href=\"https:\/\/www.leslibraires.ca\/livres\/l-etoile-taillee-emilie-devoe-9782897664633.html\" target=\"_blank\" rel=\"noopener\">L\u2019\u00e9toile taill\u00e9e<\/a>, \u00c9milie Devoe (Le Noro\u00eet)<\/p>\n<p><a href=\"https:\/\/www.leslibraires.ca\/livres\/tete-boule-disco-noemie-pomerleau-cloutier-9782764628393.html\" target=\"_blank\" rel=\"noopener\">T\u00eate boule disco<\/a>, No\u00e9mie Pomerleau-Cloutier (Bor\u00e9al)<\/p>\n<p>Les laur\u00e9ats et laur\u00e9ates seront d\u00e9voil\u00e9s le 26 novembre prochain, lors du congr\u00e8s de l\u2019AQPF, et recevront, tout comme leurs \u00e9diteurs, une bourse de 1000$.<\/p>\n","protected":false},"excerpt":{"rendered":"La litt\u00e9rature jeunesse est un formidable outil \u00e0 utiliser en classe. Celle-ci fait rire et r\u00e9fl\u00e9chir, contribue \u00e0&hellip;\n","protected":false},"author":2,"featured_media":419894,"comment_status":"","ping_status":"","sticky":false,"template":"","format":"standard","meta":{"footnotes":""},"categories":[1357],"tags":[1379,58,59,1011,27,1380],"class_list":{"0":"post-419893","1":"post","2":"type-post","3":"status-publish","4":"format-standard","5":"has-post-thumbnail","7":"category-livres","8":"tag-books","9":"tag-divertissement","10":"tag-entertainment","11":"tag-fr","12":"tag-france","13":"tag-livres"},"share_on_mastodon":{"url":"https:\/\/pubeurope.com\/@fr\/115272812213022647","error":""},"_links":{"self":[{"href":"https:\/\/www.europesays.com\/fr\/wp-json\/wp\/v2\/posts\/419893","targetHints":{"allow":["GET"]}}],"collection":[{"href":"https:\/\/www.europesays.com\/fr\/wp-json\/wp\/v2\/posts"}],"about":[{"href":"https:\/\/www.europesays.com\/fr\/wp-json\/wp\/v2\/types\/post"}],"author":[{"embeddable":true,"href":"https:\/\/www.europesays.com\/fr\/wp-json\/wp\/v2\/users\/2"}],"replies":[{"embeddable":true,"href":"https:\/\/www.europesays.com\/fr\/wp-json\/wp\/v2\/comments?post=419893"}],"version-history":[{"count":0,"href":"https:\/\/www.europesays.com\/fr\/wp-json\/wp\/v2\/posts\/419893\/revisions"}],"wp:featuredmedia":[{"embeddable":true,"href":"https:\/\/www.europesays.com\/fr\/wp-json\/wp\/v2\/media\/419894"}],"wp:attachment":[{"href":"https:\/\/www.europesays.com\/fr\/wp-json\/wp\/v2\/media?parent=419893"}],"wp:term":[{"taxonomy":"category","embeddable":true,"href":"https:\/\/www.europesays.com\/fr\/wp-json\/wp\/v2\/categories?post=419893"},{"taxonomy":"post_tag","embeddable":true,"href":"https:\/\/www.europesays.com\/fr\/wp-json\/wp\/v2\/tags?post=419893"}],"curies":[{"name":"wp","href":"https:\/\/api.w.org\/{rel}","templated":true}]}}