{"id":419903,"date":"2025-09-26T21:55:11","date_gmt":"2025-09-26T21:55:11","guid":{"rendered":"https:\/\/www.europesays.com\/fr\/419903\/"},"modified":"2025-09-26T21:55:11","modified_gmt":"2025-09-26T21:55:11","slug":"apres-lexploit-face-au-psg-lom-renverse-strasbourg-et-prend-provisoirement-les-renes","status":"publish","type":"post","link":"https:\/\/www.europesays.com\/fr\/419903\/","title":{"rendered":"apr\u00e8s l\u2019exploit face au PSG, l\u2019OM renverse Strasbourg et prend (provisoirement ?) les r\u00eanes"},"content":{"rendered":"<p>Les Marseillais l\u2019ont emport\u00e9 \u00e0 Strasbourg ce vendredi, en ouverture de la sixi\u00e8me journ\u00e9e de Ligue 1. Avant les matchs du week-end, ils apparaissent en t\u00eate au classement.<\/p>\n<p class=\"fig-paragraph\">Le gros coup de l\u2019OM. Men\u00e9s en d\u00e9but de seconde p\u00e9riode, les joueurs de Roberto De Zerbi l\u2019ont emport\u00e9 \u00e0 Strasbourg (<a href=\"https:\/\/www.lefigaro.fr\/sports\/football\/live\/ligue-1\/2025\/2568478\/strasbourg-marseille\" data-fig-type=\"Live\" data-gtm-custom-categorie=\"navigation\" data-gtm-custom-action=\"crossclick\" data-gtm-custom-label=\"Contextuel\" data-gtm-event=\"customEventSPE\" data-fig-domain=\"LEFIGARO\" target=\"_blank\" rel=\"noopener\">1-2<\/a>) ce vendredi, en ouverture de\u00a0<a href=\"https:\/\/www.lefigaro.fr\/sports\/football\/ligue-1\/calendrier-resultats\" target=\"_blank\" rel=\"noopener\" data-gtm-custom-categorie=\"navigation\" data-gtm-custom-action=\"crossclick\" data-gtm-custom-label=\"Contextuel\" data-gtm-event=\"customEventSPE\">la sixi\u00e8me journ\u00e9e de Ligue 1<\/a>. Pierre-Emerick Aubameyang et Amir Murillo ont marqu\u00e9 pour les Phoc\u00e9ens, qui confirment apr\u00e8s\u00a0<a href=\"http:\/\/www.lefigaro.fr\/sports\/football\/ligue-1\/les-notes-apres-om-psg-aguerd-heros-rulli-infranchissable-chevalier-fautif-20250922\" data-fig-type=\"NewsFlash\" data-gtm-custom-categorie=\"navigation\" data-gtm-custom-action=\"crossclick\" data-gtm-custom-label=\"Contextuel\" data-gtm-event=\"customEventSPE\" data-fig-domain=\"LEFIGARO\" target=\"_blank\" rel=\"noopener\">leur succ\u00e8s face au PSG (1-0)<\/a>, lundi dernier. Ils rejoignent ainsi le quatuor de t\u00eate avec 12 points (Monaco, PSG, Lyon, Strasbourg), mais apparaissent en t\u00eate du\u00a0<a href=\"https:\/\/www.lefigaro.fr\/sports\/football\/ligue-1\/classement\" target=\"_blank\" rel=\"sponsored noopener\" data-gtm-custom-categorie=\"navigation\" data-gtm-custom-action=\"crossclick\" data-gtm-custom-label=\"Contextuel\" data-gtm-event=\"customEventSPE\">classement<\/a>\u00a0\u00e0 la faveur d\u2019une meilleure diff\u00e9rence de buts (+7). Le Racing est cinqui\u00e8me.<\/p>\n<p class=\"fig-paragraph\">Dominateurs en termes de possession, les Marseillais donnaient des frayeurs \u00e0 la Meinau d\u2019entr\u00e9e, avec ce tir de Weah d\u00e9tourn\u00e9 et qui rebondissait devant Penders, tout heureux de voir Gouiri glisser sur la pelouse humide (8e)\u2026 Derri\u00e8re, ce sont les visiteurs, fragiles dans la profondeur, qui tremblaient, avec ce but refus\u00e9 \u00e0 Emegha (17e) et Barco un poil juste (20e). Avertissements sans frais. En parlant d\u2019avertissements, les Olympiens en avaient d\u00e9j\u00e0 pris quatre \u00e0 la pause. Strasbourg payait toutefois ses efforts du d\u00e9but de match et pliait de plus en plus, Penders devant s\u2019interposer sur un coup franc de Gouiri (30e) et un missile de Paixao (41e). \u00c7a tenait (0-0 MT).<\/p>\n<p>                                    <a class=\"fig-a11y-skip a11y-hidden\" href=\"#fig-a11y-skip-main-inarticle\"><br \/>\n        Passer la publicit\u00e9<br \/>\n    <\/a><\/p>\n<p>Le caviar d\u2019Emmanuel Emegha<\/p>\n<p class=\"fig-paragraph\">Petite alerte pour Emegha en fin de premi\u00e8re p\u00e9riode. L\u2019attaquant n\u00e9erlandais \u00e9tait toutefois en place pour le d\u00e9but du second acte. Lequel Emegha \u00e9tait sanctionn\u00e9 par l\u2019arbitre alors qu\u2019il filait au but\u2026 et que c\u2019est en fait Aguerd qui semblait avoir fait une faute (47e). Lequel Aguerd avait d\u00e9j\u00e0 \u00e9t\u00e9 averti en premi\u00e8re p\u00e9riode\u2026 Grosse col\u00e8re de Rosenior. Puis la joie du coach anglais, avec le but de Ouattara, entr\u00e9 \u00e0 la pause et parfaitement servi par Emegha (1-0, 50e). But initialement refus\u00e9, puis valid\u00e9 par la Var.<\/p>\n<p class=\"fig-paragraph\">Un but qui avait le m\u00e9rite de piquer les Marseillais au vif. R\u00e9action imm\u00e9diate des Phoc\u00e9ens, avec Gouiri (54e) puis Paixao (55e) proches d\u2019\u00e9galiser. Emegha, lui, devait finalement c\u00e9der sa place. Fin de mission pour\u00a0<a href=\"http:\/\/www.lefigaro.fr\/sports\/football\/premier-league-emanuel-emegha-signe-a-chelsea-mais-jouera-a-partir-de-la-saison-prochaine-20250912\" data-fig-type=\"NewsFlash\" data-gtm-custom-categorie=\"navigation\" data-gtm-custom-action=\"crossclick\" data-gtm-custom-label=\"Contextuel\" data-gtm-event=\"customEventSPE\" data-fig-domain=\"LEFIGARO\" target=\"_blank\" rel=\"noopener\">le futur joueur de Chelsea<\/a>, victime d\u2019un p\u00e9pin musculaire \u00e0 l\u2019arri\u00e8re de la cuisse droite (61e), peu apr\u00e8s les entr\u00e9es de Greenwood, Aubameyang et Emerson c\u00f4t\u00e9 OM (58e). C\u2019est grave docteur\u00a0? Les Marseillais poussaient encore et encore, mais c\u2019est Aguerd qui sauvait la maison en d\u00e9gageant devant Panichelli (69e), de dernier \u00e9tant ensuite contr\u00e9 par Emerson (72e). \u00c0 force de pousser, l\u2019OM se d\u00e9couvrait. \u00c7a sentait le KO de part et d\u2019autre\u00a0!<\/p>\n<p>\u00abAubam\u00bb et Murillo pour faire la d\u00e9cision<\/p>\n<p class=\"fig-paragraph\">Et c\u2019est sur un pressing haut des visiteurs, avec l\u2019interception de Hojbjerg, qu\u2019Aubameyang \u00e9galisait en deux temps (1-1, 78e). Les Strasbourgeois continuaient de prendre des risques \u00e0 la relance, malgr\u00e9 le sursaut d\u2019agressivit\u00e9 des Marseillais. Danger\u2026 Panichelli (89e) r\u00e9pondait toutefois \u00e0 Greenwood (88e) dans une fin de match \u00e9chevel\u00e9e, mais c\u2019est l\u2019OM qui avait le dernier mot, Murillo s\u2019imposant apr\u00e8s une t\u00eate de Vaz sur la barre de Penders, battu (1-2, 90+2). Renversant\u00a0! Pavard \u00e9cartait un dernier ballon chaud devant sa ligne (90+3) et l\u2019OM pouvait souffler (1-2 score final).<\/p>\n","protected":false},"excerpt":{"rendered":"Les Marseillais l\u2019ont emport\u00e9 \u00e0 Strasbourg ce vendredi, en ouverture de la sixi\u00e8me journ\u00e9e de Ligue 1. Avant&hellip;\n","protected":false},"author":2,"featured_media":419904,"comment_status":"","ping_status":"","sticky":false,"template":"","format":"standard","meta":{"footnotes":""},"categories":[9],"tags":[1011,27,149,4448,60],"class_list":{"0":"post-419903","1":"post","2":"type-post","3":"status-publish","4":"format-standard","5":"has-post-thumbnail","7":"category-sports","8":"tag-fr","9":"tag-france","10":"tag-om","11":"tag-rc-strasbourg","12":"tag-sports"},"share_on_mastodon":{"url":"https:\/\/pubeurope.com\/@fr\/115272831747829230","error":""},"_links":{"self":[{"href":"https:\/\/www.europesays.com\/fr\/wp-json\/wp\/v2\/posts\/419903","targetHints":{"allow":["GET"]}}],"collection":[{"href":"https:\/\/www.europesays.com\/fr\/wp-json\/wp\/v2\/posts"}],"about":[{"href":"https:\/\/www.europesays.com\/fr\/wp-json\/wp\/v2\/types\/post"}],"author":[{"embeddable":true,"href":"https:\/\/www.europesays.com\/fr\/wp-json\/wp\/v2\/users\/2"}],"replies":[{"embeddable":true,"href":"https:\/\/www.europesays.com\/fr\/wp-json\/wp\/v2\/comments?post=419903"}],"version-history":[{"count":0,"href":"https:\/\/www.europesays.com\/fr\/wp-json\/wp\/v2\/posts\/419903\/revisions"}],"wp:featuredmedia":[{"embeddable":true,"href":"https:\/\/www.europesays.com\/fr\/wp-json\/wp\/v2\/media\/419904"}],"wp:attachment":[{"href":"https:\/\/www.europesays.com\/fr\/wp-json\/wp\/v2\/media?parent=419903"}],"wp:term":[{"taxonomy":"category","embeddable":true,"href":"https:\/\/www.europesays.com\/fr\/wp-json\/wp\/v2\/categories?post=419903"},{"taxonomy":"post_tag","embeddable":true,"href":"https:\/\/www.europesays.com\/fr\/wp-json\/wp\/v2\/tags?post=419903"}],"curies":[{"name":"wp","href":"https:\/\/api.w.org\/{rel}","templated":true}]}}