{"id":419911,"date":"2025-09-26T21:59:11","date_gmt":"2025-09-26T21:59:11","guid":{"rendered":"https:\/\/www.europesays.com\/fr\/419911\/"},"modified":"2025-09-26T21:59:11","modified_gmt":"2025-09-26T21:59:11","slug":"qui-etait-assata-shakur-la-militante-noire-recherchee-par-le-fbi-morte-a-cuba","status":"publish","type":"post","link":"https:\/\/www.europesays.com\/fr\/419911\/","title":{"rendered":"Qui \u00e9tait Assata Shakur, la militante noire recherch\u00e9e par le FBI, morte \u00e0 Cuba\u00a0?"},"content":{"rendered":"<p>Assata Shakur, r\u00e9volutionnaire <a href=\"https:\/\/www.20minutes.fr\/monde\/etats-unis\/\" class=\"c-link c-link--is-underlined\" rel=\"nofollow noopener\" target=\"_blank\">am\u00e9ricaine<\/a> noire, recherch\u00e9e par le <a href=\"https:\/\/www.20minutes.fr\/dossier\/fbi\" class=\"c-link c-link--is-underlined\" rel=\"nofollow noopener\" target=\"_blank\">FBI<\/a>, est d\u00e9c\u00e9d\u00e9e ce vendredi, ont annonc\u00e9 les autorit\u00e9s cubaines. De son vrai nom Joanne Deborah Byron, la militante \u00e9tait r\u00e9fugi\u00e9e depuis plus de quarante ans \u00e0 <a href=\"https:\/\/www.20minutes.fr\/monde\/cuba\/\" class=\"c-link c-link--is-underlined\" rel=\"nofollow noopener\" target=\"_blank\">Cuba<\/a>.<\/p>\n<p>\u00ab\u00a0Le 25 septembre\u00a02025, la citoyenne am\u00e9ricaine Joanne Deborah Byron, alias \u00ab\u00a0Assata Shakur\u00a0\u00bb, est d\u00e9c\u00e9d\u00e9e \u00e0 La\u00a0Havane, \u00e0 Cuba, des suites de probl\u00e8mes de sant\u00e9 et de son \u00e2ge avanc\u00e9\u00a0\u00bb, a d\u00e9clar\u00e9 le minist\u00e8re cubain des Affaires \u00e9trang\u00e8res dans un bref communiqu\u00e9 publi\u00e9 sur son site Internet.<\/p>\n<p>Condamn\u00e9e \u00e0 la perp\u00e9tuit\u00e9 aux Etats-Unis<\/p>\n<p>Joanne Deborah Byron, connue aussi sous le nom de Joanne Chesimard et accus\u00e9e d\u2019avoir tu\u00e9 un policier aux Etats-Unis, \u00e9tait \u00e2g\u00e9e de 78 ans.<\/p>\n<p>Marraine du rappeur Tupac Shakur, tu\u00e9 par balle en\u00a01996 \u00e0 Las Vegas, elle avait appartenu \u00e0 l\u2019Arm\u00e9e de lib\u00e9ration des Noirs, une organisation am\u00e9ricaine d\u2019extr\u00eame gauche qui s\u2019\u00e9tait engag\u00e9e dans les ann\u00e9es\u00a01970 dans la lutte arm\u00e9e pour la cause des Noirs.<\/p>\n<\/p>\n<p>Assata Shakur \u00e9tait accus\u00e9e d\u2019avoir tu\u00e9 un policier dans le New Jersey (nord-est), lors d\u2019une fusillade le 2\u00a0mai 1973, avec deux complices. Apr\u00e8s avoir fui, elle avait \u00e9t\u00e9 arr\u00eat\u00e9e et accus\u00e9e en\u00a01977 d\u2019assassinat. Condamn\u00e9e \u00e0 la perp\u00e9tuit\u00e9, elle \u00e9tait parvenue \u00e0 s\u2019enfuir de nouveau de prison deux ans plus tard.<\/p>\n<p>En\u00a02013, la police f\u00e9d\u00e9rale am\u00e9ricaine l\u2019avait ajout\u00e9e \u00e0 sa liste des terroristes les plus recherch\u00e9s, faisant d\u2019elle la premi\u00e8re femme \u00e0 figurer sur ce document. Elle avait \u00e9t\u00e9 rep\u00e9r\u00e9e \u00e0 Cuba en\u00a01984 par le FBI qui promettait encore en mai dernier une r\u00e9compense d\u2019un million de dollars pour sa localisation.<\/p>\n<p><a href=\"https:\/\/www.20minutes.fr\/monde\/etats-unis\/\" class=\"c-link c-btn c-btn--primary\" rel=\"nofollow noopener\" target=\"_blank\">Nos articles sur les Etats-Unis<\/a><\/p>\n<p>Le secr\u00e9taire d\u2019\u00c9tat am\u00e9ricain Marco Rubio avait alors accus\u00e9 sur X le \u00ab\u00a0r\u00e9gime cubain\u00a0\u00bb de continuer \u00ab\u00a0d\u2019offrir refuge \u00e0 des terroristes et \u00e0 des criminels, y compris \u00e0 des fugitifs am\u00e9ricains\u00a0\u00bb. \u00ab\u00a0Nous avons le devoir envers les victimes et le peuple am\u00e9ricain de maintenir notre engagement ind\u00e9fectible \u00e0 demander des comptes au r\u00e9gime cubain \u00bb, avait ajout\u00e9 M. Rubio, qui avait accompagn\u00e9 son message d\u2019une photo de Assata Shakur et d\u2019une autre du policier tu\u00e9.<\/p>\n","protected":false},"excerpt":{"rendered":"Assata Shakur, r\u00e9volutionnaire am\u00e9ricaine noire, recherch\u00e9e par le FBI, est d\u00e9c\u00e9d\u00e9e ce vendredi, ont annonc\u00e9 les autorit\u00e9s cubaines.&hellip;\n","protected":false},"author":2,"featured_media":419912,"comment_status":"","ping_status":"","sticky":false,"template":"","format":"standard","meta":{"footnotes":""},"categories":[5],"tags":[47,11,19551,73,18120,1011,27,14,1907,74,12,28],"class_list":{"0":"post-419911","1":"post","2":"type-post","3":"status-publish","4":"format-standard","5":"has-post-thumbnail","7":"category-international","8":"tag-actualite","9":"tag-actualites","10":"tag-cuba","11":"tag-etats-unis","12":"tag-fbi","13":"tag-fr","14":"tag-france","15":"tag-international","16":"tag-marco-rubio","17":"tag-monde","18":"tag-news","19":"tag-world"},"share_on_mastodon":{"url":"https:\/\/pubeurope.com\/@fr\/115272847456136676","error":""},"_links":{"self":[{"href":"https:\/\/www.europesays.com\/fr\/wp-json\/wp\/v2\/posts\/419911","targetHints":{"allow":["GET"]}}],"collection":[{"href":"https:\/\/www.europesays.com\/fr\/wp-json\/wp\/v2\/posts"}],"about":[{"href":"https:\/\/www.europesays.com\/fr\/wp-json\/wp\/v2\/types\/post"}],"author":[{"embeddable":true,"href":"https:\/\/www.europesays.com\/fr\/wp-json\/wp\/v2\/users\/2"}],"replies":[{"embeddable":true,"href":"https:\/\/www.europesays.com\/fr\/wp-json\/wp\/v2\/comments?post=419911"}],"version-history":[{"count":0,"href":"https:\/\/www.europesays.com\/fr\/wp-json\/wp\/v2\/posts\/419911\/revisions"}],"wp:featuredmedia":[{"embeddable":true,"href":"https:\/\/www.europesays.com\/fr\/wp-json\/wp\/v2\/media\/419912"}],"wp:attachment":[{"href":"https:\/\/www.europesays.com\/fr\/wp-json\/wp\/v2\/media?parent=419911"}],"wp:term":[{"taxonomy":"category","embeddable":true,"href":"https:\/\/www.europesays.com\/fr\/wp-json\/wp\/v2\/categories?post=419911"},{"taxonomy":"post_tag","embeddable":true,"href":"https:\/\/www.europesays.com\/fr\/wp-json\/wp\/v2\/tags?post=419911"}],"curies":[{"name":"wp","href":"https:\/\/api.w.org\/{rel}","templated":true}]}}