{"id":419913,"date":"2025-09-26T22:00:10","date_gmt":"2025-09-26T22:00:10","guid":{"rendered":"https:\/\/www.europesays.com\/fr\/419913\/"},"modified":"2025-09-26T22:00:10","modified_gmt":"2025-09-26T22:00:10","slug":"une-grace-demmanuel-macron-en-faveur-de-nicolas-sarkozy-semble-improbable","status":"publish","type":"post","link":"https:\/\/www.europesays.com\/fr\/419913\/","title":{"rendered":"\u00abUne gr\u00e2ce d\u2019Emmanuel Macron en faveur de Nicolas Sarkozy semble improbable\u00bb"},"content":{"rendered":"<p><strong>ENTRETIEN &#8211;<\/strong> L\u2019ex membre du Conseil sup\u00e9rieur de la magistrature (CSM) rappelle au Figaro les r\u00e8gles encadrant le droit de gr\u00e2ce pr\u00e9sidentielle que certains demandent \u00e0 Emmanuel Macron d\u2019exercer en faveur de Nicolas Sarkozy, apr\u00e8s sa condamnation \u00e0 une peine de prison ferme.<\/p>\n<p class=\"fig-paragraph\">Dominique Chagnollaud est le pr\u00e9sident du Cercle des constitutionnalistes et ancien membre du Conseil sup\u00e9rieur de la magistrature (CSM).<\/p>\n<p class=\"fig-paragraph\"><strong>LE FIGARO -. Une gr\u00e2ce de\u00a0<\/strong><a href=\"http:\/\/www.lefigaro.fr\/politique\/de-gene-en-indignation-la-condamnation-de-nicolas-sarkozy-reveille-le-debat-politico-judiciaire-20250926\" data-fig-type=\"Article\" data-gtm-custom-categorie=\"navigation\" data-gtm-custom-action=\"crossclick\" data-gtm-custom-label=\"Contextuel\" data-gtm-event=\"customEventSPE\" data-fig-domain=\"LEFIGARO\" target=\"_blank\" rel=\"noopener\"><strong>Nicolas Sarkozy<\/strong><\/a> <strong>\u00a0par Emmanuel Macron est-elle vraisemblable\u00a0?<\/strong><\/p>\n<p class=\"fig-paragraph\"><strong>Dominique CHAGNOLLAUD.\u00a0<\/strong> Compte tenu des d\u00e9lais pour aboutir \u00e0 une \u00e9ventuelle condamnation d\u00e9finitive, il n\u2019est pas s\u00fbr qu\u2019<a href=\"http:\/\/www.lefigaro.fr\/politique\/lecornu-a-matignon-retailleau-a-beauvau-le-casting-pousse-par-nicolas-sarkozy-lors-d-un-discret-rendez-vous-avec-emmanuel-macron-20241209\" data-fig-type=\"NewsFlash\" data-gtm-custom-categorie=\"navigation\" data-gtm-custom-action=\"crossclick\" data-gtm-custom-label=\"Contextuel\" data-gtm-event=\"customEventSPE\" data-fig-domain=\"LEFIGARO\" target=\"_blank\" rel=\"noopener\">Emmanuel Macron<\/a>\u00a0soit encore chef de l\u2019\u00c9tat \u00e0 ce moment-l\u00e0, si tant est qu\u2019il ait envie de gracier Nicolas Sarkozy. Sans compter qu\u2019il faudrait \u00e9galement que l\u2019ancien pr\u00e9sident de la R\u00e9publique en fasse la demande. Quoi qu\u2019il en soit, le chef de l\u2019\u00c9tat ne pourrait gracier Nicolas Sarkozy avant la condamnation d\u00e9finitive, soit apr\u00e8s l\u2019\u00e9puisement des voies de recours en appel et en cassation. Ce qui exigerait sans doute dix-huit mois a minima, sauf acc\u00e9l\u00e9ration des proc\u00e9dures. Depuis son arriv\u00e9e \u00e0 l\u2019\u00c9lys\u00e9e, Emmanuel Macron n\u2019a accord\u00e9 cette gr\u00e2ce qu\u2019\u00e0 une seule reprise, \u00e0 savoir une gr\u00e2ce partielle \u00e0 une femme condamn\u00e9e pour meurtre, \u00e2g\u00e9e de 78\u2026<\/p>\n<p class=\"fig-premium-paywall__infos\">\n        Cet article est r\u00e9serv\u00e9 aux abonn\u00e9s.        Il vous reste 81% \u00e0 d\u00e9couvrir.\n    <\/p>\n<p>                <img  data- alt=\"Le Figaro\" class=\"fig-img--complete fig-img\"\/><\/p>\n<p class=\"fig-premium-paywall__title\">Vous avez envie de lire la suite ?<\/p>\n<p class=\"fig-premium-paywall__subtitle\">D\u00e9bloquez tous les articles imm\u00e9diatement.<\/p>\n<p class=\"fig-premium-paywall__connect\">\n                D\u00e9j\u00e0 abonn\u00e9\u00a0?                <a class=\"fig-premium-paywall__connect-link\" href=\"https:\/\/connect.lefigaro.fr\/login?client=horizon_web&amp;type=main&amp;redirect_uri=https%3A%2F%2Fwww.lefigaro.fr%2Fpolitique%2Fdominique-chagnollaud-constitutionnaliste-une-grace-d-emmanuel-macron-en-faveur-de-nicolas-sarkozy-semble-improbable-20250926\" data-js-gtm=\"{&quot;customCategorie&quot;: &quot;conversion&quot;, &quot;customAction&quot;: &quot;before_Landing_Connexion_paywall_auto&quot;, &quot;customLabel&quot;: &quot;bGVmaWdhcm8uZnJfXzFmMDlhZWIyLTVkYTgtNmU2Yy1iMDZjLTQ5ZTViZjFmYmY4MF9fQXJ0aWNsZQ==_Dominique Chagnollaud, constitutionnaliste\u00a0: \u00abUne gr\u00e2ce d\u2019Emmanuel Macron en faveur de Nicolas Sarkozy semble improbable\u00bb_771&quot;, &quot;customIDSPE&quot;: &quot;bGVmaWdhcm8uZnJfXzFmMDlhZWIyLTVkYTgtNmU2Yy1iMDZjLTQ5ZTViZjFmYmY4MF9fQXJ0aWNsZQ==&quot;, &quot;event&quot;: &quot;customEventSPE&quot;}\" target=\"_blank\" rel=\"noopener\"><br \/>\n                    Connectez-vous<br \/>\n                <\/a>\n            <\/p>\n","protected":false},"excerpt":{"rendered":"ENTRETIEN &#8211; L\u2019ex membre du Conseil sup\u00e9rieur de la magistrature (CSM) rappelle au Figaro les r\u00e8gles encadrant le&hellip;\n","protected":false},"author":2,"featured_media":419914,"comment_status":"","ping_status":"","sticky":false,"template":"","format":"standard","meta":{"footnotes":""},"categories":[4],"tags":[11,6592,1011,27,303,12,3091,25],"class_list":{"0":"post-419913","1":"post","2":"type-post","3":"status-publish","4":"format-standard","5":"has-post-thumbnail","7":"category-france","8":"tag-actualites","9":"tag-droite","10":"tag-fr","11":"tag-france","12":"tag-justice","13":"tag-news","14":"tag-nicolas-sarkozy","15":"tag-republique-francaise"},"share_on_mastodon":{"url":"https:\/\/pubeurope.com\/@fr\/115272851424683216","error":""},"_links":{"self":[{"href":"https:\/\/www.europesays.com\/fr\/wp-json\/wp\/v2\/posts\/419913","targetHints":{"allow":["GET"]}}],"collection":[{"href":"https:\/\/www.europesays.com\/fr\/wp-json\/wp\/v2\/posts"}],"about":[{"href":"https:\/\/www.europesays.com\/fr\/wp-json\/wp\/v2\/types\/post"}],"author":[{"embeddable":true,"href":"https:\/\/www.europesays.com\/fr\/wp-json\/wp\/v2\/users\/2"}],"replies":[{"embeddable":true,"href":"https:\/\/www.europesays.com\/fr\/wp-json\/wp\/v2\/comments?post=419913"}],"version-history":[{"count":0,"href":"https:\/\/www.europesays.com\/fr\/wp-json\/wp\/v2\/posts\/419913\/revisions"}],"wp:featuredmedia":[{"embeddable":true,"href":"https:\/\/www.europesays.com\/fr\/wp-json\/wp\/v2\/media\/419914"}],"wp:attachment":[{"href":"https:\/\/www.europesays.com\/fr\/wp-json\/wp\/v2\/media?parent=419913"}],"wp:term":[{"taxonomy":"category","embeddable":true,"href":"https:\/\/www.europesays.com\/fr\/wp-json\/wp\/v2\/categories?post=419913"},{"taxonomy":"post_tag","embeddable":true,"href":"https:\/\/www.europesays.com\/fr\/wp-json\/wp\/v2\/tags?post=419913"}],"curies":[{"name":"wp","href":"https:\/\/api.w.org\/{rel}","templated":true}]}}