{"id":419923,"date":"2025-09-26T22:05:30","date_gmt":"2025-09-26T22:05:30","guid":{"rendered":"https:\/\/www.europesays.com\/fr\/419923\/"},"modified":"2025-09-26T22:05:30","modified_gmt":"2025-09-26T22:05:30","slug":"photos-las-nancy-lorraine-piegee-sur-sa-pelouse-par-le-stade-de-reims","status":"publish","type":"post","link":"https:\/\/www.europesays.com\/fr\/419923\/","title":{"rendered":"Photos. L&rsquo;AS Nancy Lorraine pi\u00e9g\u00e9e sur sa pelouse par le Stade de Reims"},"content":{"rendered":"<p>Pour son dernier de ses quatres matchs \u00e0 huis clos, trois jours apr\u00e8s avoir domin\u00e9 le FC Annecy, l&rsquo;ASNL a \u00e9t\u00e9 battue d&rsquo;un petit but (0-1) par le stade de Reims, rel\u00e9gu\u00e9 de Ligue 1, ce vendredi \u00e0 Marcel-Picot. Le match en images.\u00a0<\/p>\n<p>&#13;<br \/>\n              Photos C\u00e9dric Jacquot &#8211; &#13;<br \/>\n        &#13;<br \/>\n          Hier \u00e0 20:07&#13;<br \/>\n    &#13;<br \/>\n                  | mis \u00e0 jour hier \u00e0 23:45&#13;<br \/>\n              &#8211; Temps de lecture : &#13;<br \/>\n  &#13;<\/p>\n","protected":false},"excerpt":{"rendered":"Pour son dernier de ses quatres matchs \u00e0 huis clos, trois jours apr\u00e8s avoir domin\u00e9 le FC Annecy,&hellip;\n","protected":false},"author":2,"featured_media":419924,"comment_status":"","ping_status":"","sticky":false,"template":"","format":"standard","meta":{"footnotes":""},"categories":[9635],"tags":[1111,11,3703,3602,1707,1706,1705,1777,674,107,1701,63,1011,27,5325,2798,9540,775,1702,12,25,1700],"class_list":{"0":"post-419923","1":"post","2":"type-post","3":"status-publish","4":"format-standard","5":"has-post-thumbnail","7":"category-nancy","8":"tag-actu","9":"tag-actualites","10":"tag-asnl","11":"tag-edition-bar-le-duc","12":"tag-edition-luneville","13":"tag-edition-pont-a-mousson","14":"tag-edition-toul","15":"tag-eu","16":"tag-europe","17":"tag-fil-info","18":"tag-fil-info-sport","19":"tag-football","20":"tag-fr","21":"tag-france","22":"tag-galerie-media","23":"tag-galerie-photo","24":"tag-galerie-sport","25":"tag-grand-est","26":"tag-nancy","27":"tag-news","28":"tag-republique-francaise","29":"tag-sport-lorrain"},"share_on_mastodon":{"url":"https:\/\/pubeurope.com\/@fr\/115272871035083006","error":""},"_links":{"self":[{"href":"https:\/\/www.europesays.com\/fr\/wp-json\/wp\/v2\/posts\/419923","targetHints":{"allow":["GET"]}}],"collection":[{"href":"https:\/\/www.europesays.com\/fr\/wp-json\/wp\/v2\/posts"}],"about":[{"href":"https:\/\/www.europesays.com\/fr\/wp-json\/wp\/v2\/types\/post"}],"author":[{"embeddable":true,"href":"https:\/\/www.europesays.com\/fr\/wp-json\/wp\/v2\/users\/2"}],"replies":[{"embeddable":true,"href":"https:\/\/www.europesays.com\/fr\/wp-json\/wp\/v2\/comments?post=419923"}],"version-history":[{"count":0,"href":"https:\/\/www.europesays.com\/fr\/wp-json\/wp\/v2\/posts\/419923\/revisions"}],"wp:featuredmedia":[{"embeddable":true,"href":"https:\/\/www.europesays.com\/fr\/wp-json\/wp\/v2\/media\/419924"}],"wp:attachment":[{"href":"https:\/\/www.europesays.com\/fr\/wp-json\/wp\/v2\/media?parent=419923"}],"wp:term":[{"taxonomy":"category","embeddable":true,"href":"https:\/\/www.europesays.com\/fr\/wp-json\/wp\/v2\/categories?post=419923"},{"taxonomy":"post_tag","embeddable":true,"href":"https:\/\/www.europesays.com\/fr\/wp-json\/wp\/v2\/tags?post=419923"}],"curies":[{"name":"wp","href":"https:\/\/api.w.org\/{rel}","templated":true}]}}