{"id":41993,"date":"2025-04-21T17:17:20","date_gmt":"2025-04-21T17:17:20","guid":{"rendered":"https:\/\/www.europesays.com\/fr\/41993\/"},"modified":"2025-04-21T17:17:20","modified_gmt":"2025-04-21T17:17:20","slug":"le-ministre-de-leconomie-annonce-une-mobilisation-gouvernementale-contre-lultra-fast-fashion-venue-de-chine","status":"publish","type":"post","link":"https:\/\/www.europesays.com\/fr\/41993\/","title":{"rendered":"Le ministre de l&rsquo;\u00c9conomie annonce une mobilisation gouvernementale contre l\u2019ultra-fast fashion venue de Chine"},"content":{"rendered":"<p style=\"text-align:justify;\">AA \/ Tunis \/ Fatma Ben Amor<\/p>\n<p style=\"text-align:justify;\">Le gouvernement fran\u00e7ais veut cibler les colis de l&rsquo;ultra-fast fashion chinoise qui repr\u00e9sentent un \u00ab\u00a0flux de marchandises consid\u00e9rable\u00a0\u00bb, a indiqu\u00e9 dimanche le ministre fran\u00e7ais de l\u2019\u00c9conomie et des Finances, \u00c9ric Lombard.<\/p>\n<p style=\"text-align:justify;\">\u00ab\u00a0Ces envois concurrencent directement nos entreprises et nos commer\u00e7ants. Certains produits ne sont pas conformes aux normes europ\u00e9ennes et les personnes qui les fabriquent travaillent dans des conditions incompatibles avec nos valeurs\u00a0\u00bb, a indiqu\u00e9 le ministre dans un entretien accord\u00e9 au journal La Tribune Dimanche.<\/p>\n<p style=\"text-align:justify;\">\u00ab\u00a0C&rsquo;est aussi une aberration \u00e9cologique\u00a0\u00bb, accuse encore \u00c9ric Lombard, notant que \u00ab\u00a0rien qu&rsquo;\u00e0 destination du march\u00e9 europ\u00e9en, ce sont 600 avions gros-porteurs qui s&rsquo;envolent chaque nuit depuis la Chine\u00a0\u00bb.<\/p>\n<p style=\"text-align:justify;\">\u00ab\u00a0Nous nous mobilisons en France comme en Europe\u00a0\u00bb, a affirm\u00e9 Lombard, appelant \u00e0 \u00ab\u00a0endiguer ce ph\u00e9nom\u00e8ne\u00a0\u00bb et signalant \u00ab\u00a0400 millions d&rsquo;objets exp\u00e9di\u00e9s l&rsquo;an dernier\u00a0\u00bb, un chiffre qui grimpe \u00e0 \u00ab\u00a0pr\u00e8s de 800 millions\u00a0\u00bb cette ann\u00e9e.<\/p>\n<p style=\"text-align:justify;\">Le ministre de l\u2019\u00c9conomie et des Finances parlait des petits colis d&rsquo;ultra-fast fashion, des v\u00eatements et accessoires \u00e0 prix cass\u00e9 produits notamment par les g\u00e9ants chinois Temu et Shein. Il a annonc\u00e9 une prise de parole \u00ab\u00a0sur cette question\u00a0\u00bb le 29 avril courant, \u00ab\u00a0pour alerter l&rsquo;opinion mais aussi pour annoncer des mesures\u00a0\u00bb. <\/p>\n<p style=\"text-align:justify;\">Depuis 2010, les paquets d&rsquo;une valeur de moins de 150 euros envoy\u00e9s depuis un pays tiers dans l&rsquo;Union europ\u00e9enne (UE) \u00e9chappent aux taxes douani\u00e8res. <\/p>\n<p style=\"text-align:justify;\">D\u00e8s f\u00e9vrier, la Commission europ\u00e9enne avait appel\u00e9 \u00e0 acc\u00e9l\u00e9rer une r\u00e9forme douani\u00e8re pour revenir sur cette exon\u00e9ration.<\/p>\n<p style=\"text-align:justify;\">Au d\u00e9but du mois d&rsquo;avril, le pr\u00e9sident am\u00e9ricain, Donald Trump, avait fait bondir les droits de douane am\u00e9ricains sur les petits colis envoy\u00e9s depuis la Chine.<\/p>\n<p>                            &#13;<br \/>\n                                <a href=\"https:\/\/www.aa.com.tr\/fr\/p\/abonnement\/1001\" target=\"_blank\" style=\"font-size:12px; color:#444; text-decoration:none;\" rel=\"noopener\">&#13;<br \/>\n                                    Seulement une partie des d\u00e9p\u00eaches, que l&rsquo;Agence Anadolu diffuse \u00e0 ses abonn\u00e9s via le Syst\u00e8me de Diffusion interne (HAS), est diffus\u00e9e sur le site de l&rsquo;AA, de mani\u00e8re r\u00e9sum\u00e9e. <b style=\"color:#1897F7\">Contactez-nous s&rsquo;il vous pla\u00eet pour vous abonner.<\/b>&#13;<br \/>\n                                <\/a>&#13;<\/p>\n","protected":false},"excerpt":{"rendered":"AA \/ Tunis \/ Fatma Ben Amor Le gouvernement fran\u00e7ais veut cibler les colis de l&rsquo;ultra-fast fashion chinoise&hellip;\n","protected":false},"author":2,"featured_media":41994,"comment_status":"","ping_status":"","sticky":false,"template":"","format":"standard","meta":{"footnotes":""},"categories":[4],"tags":[12785,11,1785,309,12784,1011,27,12,25,12786],"class_list":{"0":"post-41993","1":"post","2":"type-post","3":"status-publish","4":"format-standard","5":"has-post-thumbnail","7":"category-france","8":"tag-ric-lombard","9":"tag-actualites","10":"tag-anadolu-ajansi","11":"tag-chine","12":"tag-colis","13":"tag-fr","14":"tag-france","15":"tag-news","16":"tag-republique-francaise","17":"tag-ultra-fast-fashion"},"share_on_mastodon":{"url":"https:\/\/pubeurope.com\/@fr\/114377093503013673","error":""},"_links":{"self":[{"href":"https:\/\/www.europesays.com\/fr\/wp-json\/wp\/v2\/posts\/41993","targetHints":{"allow":["GET"]}}],"collection":[{"href":"https:\/\/www.europesays.com\/fr\/wp-json\/wp\/v2\/posts"}],"about":[{"href":"https:\/\/www.europesays.com\/fr\/wp-json\/wp\/v2\/types\/post"}],"author":[{"embeddable":true,"href":"https:\/\/www.europesays.com\/fr\/wp-json\/wp\/v2\/users\/2"}],"replies":[{"embeddable":true,"href":"https:\/\/www.europesays.com\/fr\/wp-json\/wp\/v2\/comments?post=41993"}],"version-history":[{"count":0,"href":"https:\/\/www.europesays.com\/fr\/wp-json\/wp\/v2\/posts\/41993\/revisions"}],"wp:featuredmedia":[{"embeddable":true,"href":"https:\/\/www.europesays.com\/fr\/wp-json\/wp\/v2\/media\/41994"}],"wp:attachment":[{"href":"https:\/\/www.europesays.com\/fr\/wp-json\/wp\/v2\/media?parent=41993"}],"wp:term":[{"taxonomy":"category","embeddable":true,"href":"https:\/\/www.europesays.com\/fr\/wp-json\/wp\/v2\/categories?post=41993"},{"taxonomy":"post_tag","embeddable":true,"href":"https:\/\/www.europesays.com\/fr\/wp-json\/wp\/v2\/tags?post=41993"}],"curies":[{"name":"wp","href":"https:\/\/api.w.org\/{rel}","templated":true}]}}