{"id":419938,"date":"2025-09-26T22:15:40","date_gmt":"2025-09-26T22:15:40","guid":{"rendered":"https:\/\/www.europesays.com\/fr\/419938\/"},"modified":"2025-09-26T22:15:40","modified_gmt":"2025-09-26T22:15:40","slug":"thorigne-fouillard-damien-gezequel-un-marechal-ferrant-itinerant","status":"publish","type":"post","link":"https:\/\/www.europesays.com\/fr\/419938\/","title":{"rendered":"Thorign\u00e9-Fouillard. Damien Gezequel, un mar\u00e9chal-ferrant itin\u00e9rant"},"content":{"rendered":"<p>Damien Gezequel reprend son m\u00e9tier de mar\u00e9chal-ferrant itin\u00e9rant comme activit\u00e9 principale. \u00a0Apr\u00e8s une p\u00e9riode o\u00f9 j\u2019ai lev\u00e9 le pied sur ce m\u00e9tier, du fait de la co-gestion d\u2019une structure \u00e9questre dans la commune, j\u2019ai d\u00e9cid\u00e9 de revenir \u00e0 mon premier m\u00e9tier\u00a0, explique Damien Gezequel.<\/p>\n<p>Ce m\u00e9tier de mar\u00e9chalerie, il l\u2019a appris \u00e0 l\u2019\u00e2ge 16\u00a0ans, en Normandie au Haras national du Pin\u00a0: <strong>\u00ab\u00a0Je me suis install\u00e9 \u00e0 21\u00a0ans et, aujourd\u2019hui, j\u2019ai vingt\u00a0ans d\u2019exp\u00e9rience. C\u2019est avec une certaine excitation que je prends ma nouvelle camionnette pour retrouver les journ\u00e9es entre route et clients, particuliers ou professionnels du milieu \u00e9questre.\u00a0\u00bb<\/strong> Damien Gezequel couvrira toute l\u2019Ille-et-Vilaine pour effectuer l\u2019entretien des pieds des chevaux et poneys, que ce soit pour des ferrures classiques, sportives, orthop\u00e9diques ou des parages.<\/p>\n<p><strong>Contact\u00a0:<\/strong> Damien Gezequel, Breizh mar\u00e9chalerie au t\u00e9l.\u00a006\u00a089\u00a049\u00a033\u00a032 ou instagram\u00a0: breizh.marechalerie35.<\/p>\n<p>\u00a0<\/p>\n","protected":false},"excerpt":{"rendered":"Damien Gezequel reprend son m\u00e9tier de mar\u00e9chal-ferrant itin\u00e9rant comme activit\u00e9 principale. \u00a0Apr\u00e8s une p\u00e9riode o\u00f9 j\u2019ai lev\u00e9 le&hellip;\n","protected":false},"author":2,"featured_media":419939,"comment_status":"","ping_status":"","sticky":false,"template":"","format":"standard","meta":{"footnotes":""},"categories":[2821],"tags":[1111,11,829,54907,1777,674,1011,27,54908,27178,54909,12,3086,584,25,4182],"class_list":{"0":"post-419938","1":"post","2":"type-post","3":"status-publish","4":"format-standard","5":"has-post-thumbnail","7":"category-rennes","8":"tag-actu","9":"tag-actualites","10":"tag-bretagne","11":"tag-damien","12":"tag-eu","13":"tag-europe","14":"tag-fr","15":"tag-france","16":"tag-gezequel","17":"tag-itinerant","18":"tag-marechal-ferrant","19":"tag-news","20":"tag-redon","21":"tag-rennes","22":"tag-republique-francaise","23":"tag-thorigne-fouillard"},"share_on_mastodon":{"url":"https:\/\/pubeurope.com\/@fr\/115272910441985382","error":""},"_links":{"self":[{"href":"https:\/\/www.europesays.com\/fr\/wp-json\/wp\/v2\/posts\/419938","targetHints":{"allow":["GET"]}}],"collection":[{"href":"https:\/\/www.europesays.com\/fr\/wp-json\/wp\/v2\/posts"}],"about":[{"href":"https:\/\/www.europesays.com\/fr\/wp-json\/wp\/v2\/types\/post"}],"author":[{"embeddable":true,"href":"https:\/\/www.europesays.com\/fr\/wp-json\/wp\/v2\/users\/2"}],"replies":[{"embeddable":true,"href":"https:\/\/www.europesays.com\/fr\/wp-json\/wp\/v2\/comments?post=419938"}],"version-history":[{"count":0,"href":"https:\/\/www.europesays.com\/fr\/wp-json\/wp\/v2\/posts\/419938\/revisions"}],"wp:featuredmedia":[{"embeddable":true,"href":"https:\/\/www.europesays.com\/fr\/wp-json\/wp\/v2\/media\/419939"}],"wp:attachment":[{"href":"https:\/\/www.europesays.com\/fr\/wp-json\/wp\/v2\/media?parent=419938"}],"wp:term":[{"taxonomy":"category","embeddable":true,"href":"https:\/\/www.europesays.com\/fr\/wp-json\/wp\/v2\/categories?post=419938"},{"taxonomy":"post_tag","embeddable":true,"href":"https:\/\/www.europesays.com\/fr\/wp-json\/wp\/v2\/tags?post=419938"}],"curies":[{"name":"wp","href":"https:\/\/api.w.org\/{rel}","templated":true}]}}