{"id":419951,"date":"2025-09-26T22:21:48","date_gmt":"2025-09-26T22:21:48","guid":{"rendered":"https:\/\/www.europesays.com\/fr\/419951\/"},"modified":"2025-09-26T22:21:48","modified_gmt":"2025-09-26T22:21:48","slug":"la-maison-cloarec-ouvre-une-seconde-fromagerie-a-plouha","status":"publish","type":"post","link":"https:\/\/www.europesays.com\/fr\/419951\/","title":{"rendered":"La Maison Cloarec ouvre une seconde\u00a0fromagerie \u00e0 Plouha"},"content":{"rendered":"<p>Apr\u00e8s <a href=\"https:\/\/guingamp.maville.com\/actu\/actudet_-rencontre.-ce-jeune-artisan-fromager-de-paimpol-a-le-gout-du-vrai-et-la-passion-des-terroirs-_5-6060928_actu.Htm\" target=\"_blank\" rel=\"noopener\">l\u2019ouverture d\u2019une fromagerie, \u00e0 Paimpol (C\u00f4tes-d\u2019Armor), en 2023<\/a>, Cl\u00e9ment Cloarec a ouvert, \u00e0 la mi-septembre, sa seconde boutique\u00a0de cr\u00e8merie-fromagerie, \u00e0 Plouha.<\/p>\n<p><strong>\u00ab\u00a0J\u2019habite \u00e0 Plouha et\u00a0j\u2019ai saisi l\u2019opportunit\u00e9 d\u2019une lib\u00e9ration de ce fonds de commerce, place Foch, pour ouvrir ma seconde fromagerie\u00a0\u00bb<\/strong>, pr\u00e9cise l\u2019artisan fromager. Il a \u00e9t\u00e9 form\u00e9\u00a0la famille Quatrehomme \u00e0 Paris.<\/p>\n<p>Une gamme importante de fromages<\/p>\n<p>L\u2019artisan propose une centaine de r\u00e9f\u00e9rences de produits laitiers, de France et d\u2019Europe. 18\u00a0sont issues de la production bretonne comme le gwell, un fromage blanc ferment\u00e9 de Paimpol.<\/p>\n<p>Les fromages sont class\u00e9s\u00a0par familles\u00a0: les cro\u00fbtes naturelles, fleuries, lav\u00e9es, les persill\u00e9s, les p\u00e2tes press\u00e9es non cuites, press\u00e9es cuites, fondues\u00a0ou les p\u00e2tes \u00e0 base de Lactos\u00e9rum.\u00a0Ils sont vendus \u00e0 la coupe ou en entier.\u00a0L\u2019artisan sp\u00e9cialiste, conseille g\u00e9n\u00e9reusement la client\u00e8le.<\/p>\n<p>Le commerce dispose de rayons de produits annexes pour accompagner les fromages lors de plateau ap\u00e9ro, notamment. \u00c0 Plouha, il est second\u00e9 par Charlie, le salari\u00e9.<\/p>\n<p><strong>Maison Cloarec<\/strong>, 12,\u00a0place Foch, \u00e0 Plouha. T\u00e9l.\u00a0: 02\u00a096\u00a020\u00a018\u00a050. Ouvert du mardi au samedi de 9\u00a0h \u00e0 13\u00a0h et de 15\u00a0h \u00e0 19\u00a0h et le dimanche matin, de 9\u00a0h \u00e0 13\u00a0h.<\/p>\n<p>\u00a0<\/p>\n","protected":false},"excerpt":{"rendered":"Apr\u00e8s l\u2019ouverture d\u2019une fromagerie, \u00e0 Paimpol (C\u00f4tes-d\u2019Armor), en 2023, Cl\u00e9ment Cloarec a ouvert, \u00e0 la mi-septembre, sa seconde&hellip;\n","protected":false},"author":2,"featured_media":419952,"comment_status":"","ping_status":"","sticky":false,"template":"","format":"standard","meta":{"footnotes":""},"categories":[2818],"tags":[1111,11,54910,1777,674,1011,27,54911,2142,766,12,10102,2636,54108,25,4937,10040],"class_list":{"0":"post-419951","1":"post","2":"type-post","3":"status-publish","4":"format-standard","5":"has-post-thumbnail","7":"category-nantes","8":"tag-actu","9":"tag-actualites","10":"tag-cloarec","11":"tag-eu","12":"tag-europe","13":"tag-fr","14":"tag-france","15":"tag-fromagerie","16":"tag-maison","17":"tag-nantes","18":"tag-news","19":"tag-ouvre","20":"tag-pays-de-la-loire","21":"tag-plouha","22":"tag-republique-francaise","23":"tag-saint-brieuc","24":"tag-seconde"},"share_on_mastodon":{"url":"https:\/\/pubeurope.com\/@fr\/115272937841849175","error":""},"_links":{"self":[{"href":"https:\/\/www.europesays.com\/fr\/wp-json\/wp\/v2\/posts\/419951","targetHints":{"allow":["GET"]}}],"collection":[{"href":"https:\/\/www.europesays.com\/fr\/wp-json\/wp\/v2\/posts"}],"about":[{"href":"https:\/\/www.europesays.com\/fr\/wp-json\/wp\/v2\/types\/post"}],"author":[{"embeddable":true,"href":"https:\/\/www.europesays.com\/fr\/wp-json\/wp\/v2\/users\/2"}],"replies":[{"embeddable":true,"href":"https:\/\/www.europesays.com\/fr\/wp-json\/wp\/v2\/comments?post=419951"}],"version-history":[{"count":0,"href":"https:\/\/www.europesays.com\/fr\/wp-json\/wp\/v2\/posts\/419951\/revisions"}],"wp:featuredmedia":[{"embeddable":true,"href":"https:\/\/www.europesays.com\/fr\/wp-json\/wp\/v2\/media\/419952"}],"wp:attachment":[{"href":"https:\/\/www.europesays.com\/fr\/wp-json\/wp\/v2\/media?parent=419951"}],"wp:term":[{"taxonomy":"category","embeddable":true,"href":"https:\/\/www.europesays.com\/fr\/wp-json\/wp\/v2\/categories?post=419951"},{"taxonomy":"post_tag","embeddable":true,"href":"https:\/\/www.europesays.com\/fr\/wp-json\/wp\/v2\/tags?post=419951"}],"curies":[{"name":"wp","href":"https:\/\/api.w.org\/{rel}","templated":true}]}}