{"id":419955,"date":"2025-09-26T22:24:12","date_gmt":"2025-09-26T22:24:12","guid":{"rendered":"https:\/\/www.europesays.com\/fr\/419955\/"},"modified":"2025-09-26T22:24:12","modified_gmt":"2025-09-26T22:24:12","slug":"nomme-delegue-general-a-lunion-des-ports-de-france-jean-frederic-laurent-va-quitter-bordeaux","status":"publish","type":"post","link":"https:\/\/www.europesays.com\/fr\/419955\/","title":{"rendered":"Nomm\u00e9 d\u00e9l\u00e9gu\u00e9 g\u00e9n\u00e9ral \u00e0 l\u2019Union des Ports de France, Jean-Fr\u00e9d\u00e9ric Laurent va quitter Bordeaux"},"content":{"rendered":"<p>\n\t\t\t\t\t\t\t\t\tJean-Fr\u00e9d\u00e9ric Laurent avait \u00e9t\u00e9 nomm\u00e9 en 2019 \u00e0 la direction g\u00e9n\u00e9rale du Grand port maritime de Bordeaux. Cr\u00e9dits : Anthony Michel\n\t\t\t\t\t\t\t\t<\/p>\n<p>Jean-Fr\u00e9d\u00e9ric Laurent va bient\u00f4t quitter Bordeaux. L\u2019actuel directeur g\u00e9n\u00e9ral du Port de Bordeaux vient en effet d\u2019\u00eatre nomm\u00e9 d\u00e9l\u00e9gu\u00e9 g\u00e9n\u00e9ral \u00e0 l\u2019Union des Ports de France. Il prendra ses fonctions d\u00e9but d\u00e9cembre.<\/p>\n<p>Le directeur g\u00e9n\u00e9ral du Port de Bordeaux va bient\u00f4t quitter ses fonctions. Jean-Fr\u00e9d\u00e9ric Laurent vient en effet d\u2019\u00eatre nomm\u00e9 d\u00e9l\u00e9gu\u00e9 g\u00e9n\u00e9ral \u00e0 l\u2019Union des Ports de France, l\u2019association professionnelle qui repr\u00e9sente les exploitants de ports fran\u00e7ais. \u00ab L&rsquo;objectif de cette organisation est de d\u00e9fendre les int\u00e9r\u00eats des ports au niveau national aupr\u00e8s du gouvernement, aupr\u00e8s de l&rsquo;Union europ\u00e9enne, aupr\u00e8s des autres f\u00e9d\u00e9rations professionnelles \u00bb, explique \u00e0 Plac\u00e9co Jean-Fr\u00e9d\u00e9ric Laurent, tr\u00e8s enthousiaste face aux futurs \u00ab dossiers face \u00e0 nous, notamment de transitions des ports \u00bb.   <\/p>\n<p>Jean-Fr\u00e9d\u00e9ric Laurent avait \u00e9t\u00e9 nomm\u00e9 en 2019 \u00e0 la direction g\u00e9n\u00e9rale du Grand port maritime de Bordeaux. Ce qu\u2019il tire de ces six ann\u00e9es \u00e0 la t\u00eate de l\u2019institution, c\u2019est avant tout \u00ab la reconstruction d\u2019un \u00e9tablissement portuaire et de beaux succ\u00e8s humains et \u00e9conomiques \u00bb. Il d\u00e9marrera ses nouvelles fonctions le 1er d\u00e9cembre prochain. L&rsquo;identit\u00e9 de la personne qui prendra sa suite n&rsquo;est pas encore connue.<\/p>\n","protected":false},"excerpt":{"rendered":"Jean-Fr\u00e9d\u00e9ric Laurent avait \u00e9t\u00e9 nomm\u00e9 en 2019 \u00e0 la direction g\u00e9n\u00e9rale du Grand port maritime de Bordeaux. Cr\u00e9dits&hellip;\n","protected":false},"author":2,"featured_media":419956,"comment_status":"","ping_status":"","sticky":false,"template":"","format":"standard","meta":{"footnotes":""},"categories":[2817],"tags":[1111,11,1997,1777,674,1011,27,12,2219,5645,25],"class_list":{"0":"post-419955","1":"post","2":"type-post","3":"status-publish","4":"format-standard","5":"has-post-thumbnail","7":"category-bordeaux","8":"tag-actu","9":"tag-actualites","10":"tag-bordeaux","11":"tag-eu","12":"tag-europe","13":"tag-fr","14":"tag-france","15":"tag-news","16":"tag-nouvelle-aquitaine","17":"tag-placco-placeco","18":"tag-republique-francaise"},"share_on_mastodon":{"url":"https:\/\/pubeurope.com\/@fr\/115272945775717907","error":""},"_links":{"self":[{"href":"https:\/\/www.europesays.com\/fr\/wp-json\/wp\/v2\/posts\/419955","targetHints":{"allow":["GET"]}}],"collection":[{"href":"https:\/\/www.europesays.com\/fr\/wp-json\/wp\/v2\/posts"}],"about":[{"href":"https:\/\/www.europesays.com\/fr\/wp-json\/wp\/v2\/types\/post"}],"author":[{"embeddable":true,"href":"https:\/\/www.europesays.com\/fr\/wp-json\/wp\/v2\/users\/2"}],"replies":[{"embeddable":true,"href":"https:\/\/www.europesays.com\/fr\/wp-json\/wp\/v2\/comments?post=419955"}],"version-history":[{"count":0,"href":"https:\/\/www.europesays.com\/fr\/wp-json\/wp\/v2\/posts\/419955\/revisions"}],"wp:featuredmedia":[{"embeddable":true,"href":"https:\/\/www.europesays.com\/fr\/wp-json\/wp\/v2\/media\/419956"}],"wp:attachment":[{"href":"https:\/\/www.europesays.com\/fr\/wp-json\/wp\/v2\/media?parent=419955"}],"wp:term":[{"taxonomy":"category","embeddable":true,"href":"https:\/\/www.europesays.com\/fr\/wp-json\/wp\/v2\/categories?post=419955"},{"taxonomy":"post_tag","embeddable":true,"href":"https:\/\/www.europesays.com\/fr\/wp-json\/wp\/v2\/tags?post=419955"}],"curies":[{"name":"wp","href":"https:\/\/api.w.org\/{rel}","templated":true}]}}