{"id":420003,"date":"2025-09-26T22:48:17","date_gmt":"2025-09-26T22:48:17","guid":{"rendered":"https:\/\/www.europesays.com\/fr\/420003\/"},"modified":"2025-09-26T22:48:17","modified_gmt":"2025-09-26T22:48:17","slug":"a-lonu-la-rage-de-netanyahou-detruit-les-illusions-francaises-mediapart","status":"publish","type":"post","link":"https:\/\/www.europesays.com\/fr\/420003\/","title":{"rendered":"\u00c0 l\u2019ONU, la rage de N\u00e9tanyahou d\u00e9truit les illusions fran\u00e7aises &#8211; Mediapart"},"content":{"rendered":"<ol>\n<li><a href=\"https:\/\/news.google.com\/rss\/articles\/CBMitAFBVV95cUxOX1RHbmZUUFVqc1IxOERsaFMwUHFUU0RhaVRxcWo3ekZNVzZzVnk1Y3ZmNVo3WER2eHhnb0pIMkFiUE5yN1E5TkJOYnBiWTNpd2ZGeTByMmUtb0VZTkZaYk9zeERkbTBSa2RVcDQ1TVBRY0VCUEN4TXJRX2ZjSm05Z1J1VmJrTGZKWkFMenpEbTFUUHpEOGRXeWlUR2ZXeGlYcGN4NzdUVG9WcFJ3OXg2bTFFWVk?oc=5\" target=\"_blank\" rel=\"noopener\">\u00c0 l\u2019ONU, la rage de N\u00e9tanyahou d\u00e9truit les illusions fran\u00e7aises<\/a>&nbsp;&nbsp;Mediapart<\/li>\n<li><a href=\"https:\/\/news.google.com\/rss\/articles\/CBMi2gFBVV95cUxNcVpMaDBfa1RJRjNlTHozZ2p4cnpGSTZYVjROdUhFTUNMRzdERzZxblh6LVdDeDh2Vl9GOElfSFJ2cGdjLU1EZDliYm9uX3NaazJYb240OHFUNThnOTB2bDd1LVNNUXFrb0VlMFIwRlVvbV9qeTFyZkttME9reDVfTVZUTUdvY3p1MjNMUElzU2dabFpnYVBiTHF0dlNLVU1XTHJ5a1Q2RUNFN2pMMzBOMjBKYUdUdDRhbHB4NXNnUk52d3RNWGkwRWZYaUJtcDdPTm1SLW11TWFmQQ?oc=5\" target=\"_blank\" rel=\"noopener\">Isol\u00e9 \u00e0 l\u2019ONU, Benyamin N\u00e9tanyahou d\u00e9fie la communaut\u00e9 internationale<\/a>&nbsp;&nbsp;Le Monde.fr<\/li>\n<li><a href=\"https:\/\/news.google.com\/rss\/articles\/CBMitwFBVV95cUxNRExlYU16QkRtalFDcU1fMU9oNk1VazFIVWhIZkZzWS1ZVUw4MUw3eTIwcE0yQ0ZCb0RJLVlYUUR0c05tSkt4RFNDUUNPOTNuZW41NUNhUTYzVG11LW1xdVkwcFY3QUl6YlFXMm9BamQ0ZHo1eEotaHM5OXV0cEZqTE10aEdLOVZDVjRDTWpFc1RyQnBCaE5pdjN1YzI1Y0JEZFdNRjVpNXpZREZFSXN2X0Q3eXBoSWc?oc=5\" target=\"_blank\" rel=\"noopener\">Sous les hu\u00e9es, Netanyahou promet \u00e0 l\u2019Onu \u00ab de finir le travail \u00e0 Gaza \u00bb<\/a>&nbsp;&nbsp;L&rsquo;Humanit\u00e9<\/li>\n<li><a href=\"https:\/\/news.google.com\/rss\/articles\/CBMi4wFBVV95cUxPUDlpNm1LZ0NfQ1U2Q2hTa1cxeVFQYkpkRzV5b3RkSjZsekxTb0VGaURtVmcySjNjS1g3R1l6S2xHbUpfMzB6Rzg1cEFjR2d0R3VBbnlXaVlZcTc0ZElkeWtKTThSNjFHSjgwdDdFT2NVZDBEOUd5TDQxUWVpamNPdHRzNGRURGRuaTY4ejhtWFJESllZR25UcnFnbnZ3ZTM5UU1mZTNySkpRcXEyUDZwUlRrTWJUWWVHWE1QWEsyXy1yTW9mWmc2LUZKdnB0ZTNxMjc4MlY3b1p5MEtEd0ZYQlhxNA?oc=5\" target=\"_blank\" rel=\"noopener\">Haut-parleurs \u00e0 Gaza, quiz et codes QR, le discours \u201cprovocateur\u201d de N\u00e9tanyahou \u00e0 l\u2019ONU<\/a>&nbsp;&nbsp;Courrier international<\/li>\n<li><a href=\"https:\/\/news.google.com\/rss\/articles\/CBMi5wFBVV95cUxNNWZ2U054bDlZVmE4V1RCUUN2OENlTVgyRExiZG1CaFJYMlBNdmk4TGlpWkpHWnFWcDV1LUhBMEZWWVhDS0JKaVVDZnQyOFJzaExaSERGdVlibl82RWUwSzRVZFBZUzRLUjlMLVJrUi1TdnpZU3VzLWFNb0tFMDJHZ1V6Y3Jkclk3WHFST0huS2Z3Q1Z4U3lxUWVuenNHbkgzZWxKOGFoeHJBX3gyRUFMd0RPN184TjIxbTd3WUJ4dmktU0tYVzVOM2E4RDcyd3JReGtQQmQxM3BOUFpyQkMwNlRxTERhNDg?oc=5\" target=\"_blank\" rel=\"noopener\">\u00abIsra\u00ebl ne vous permettra pas de nous imposer un Etat terroriste\u00bb : \u00e0 l\u2019ONU, N\u00e9tanyahou, hu\u00e9, durcit le ton<\/a>&nbsp;&nbsp;Lib\u00e9ration<\/li>\n<\/ol>\n","protected":false},"excerpt":{"rendered":"\u00c0 l\u2019ONU, la rage de N\u00e9tanyahou d\u00e9truit les illusions fran\u00e7aises&nbsp;&nbsp;Mediapart Isol\u00e9 \u00e0 l\u2019ONU, Benyamin N\u00e9tanyahou d\u00e9fie la communaut\u00e9&hellip;\n","protected":false},"author":2,"featured_media":420004,"comment_status":"","ping_status":"","sticky":false,"template":"","format":"standard","meta":{"footnotes":""},"categories":[2],"tags":[11,952,3939,1073,1011,27,5106,664,11415,12,41807,25],"class_list":{"0":"post-420003","1":"post","2":"type-post","3":"status-publish","4":"format-standard","5":"has-post-thumbnail","7":"category-actualites","8":"tag-actualites","9":"tag-benyamin-netanyahou","10":"tag-defense-et-diplomatie","11":"tag-emmanuel-macron","12":"tag-fr","13":"tag-france","14":"tag-guerre-au-proche-orient","15":"tag-israel","16":"tag-nations-unies","17":"tag-news","18":"tag-reconnaissance-de-la-palestine","19":"tag-republique-francaise"},"share_on_mastodon":{"url":"https:\/\/pubeurope.com\/@fr\/115273040412105443","error":""},"_links":{"self":[{"href":"https:\/\/www.europesays.com\/fr\/wp-json\/wp\/v2\/posts\/420003","targetHints":{"allow":["GET"]}}],"collection":[{"href":"https:\/\/www.europesays.com\/fr\/wp-json\/wp\/v2\/posts"}],"about":[{"href":"https:\/\/www.europesays.com\/fr\/wp-json\/wp\/v2\/types\/post"}],"author":[{"embeddable":true,"href":"https:\/\/www.europesays.com\/fr\/wp-json\/wp\/v2\/users\/2"}],"replies":[{"embeddable":true,"href":"https:\/\/www.europesays.com\/fr\/wp-json\/wp\/v2\/comments?post=420003"}],"version-history":[{"count":0,"href":"https:\/\/www.europesays.com\/fr\/wp-json\/wp\/v2\/posts\/420003\/revisions"}],"wp:featuredmedia":[{"embeddable":true,"href":"https:\/\/www.europesays.com\/fr\/wp-json\/wp\/v2\/media\/420004"}],"wp:attachment":[{"href":"https:\/\/www.europesays.com\/fr\/wp-json\/wp\/v2\/media?parent=420003"}],"wp:term":[{"taxonomy":"category","embeddable":true,"href":"https:\/\/www.europesays.com\/fr\/wp-json\/wp\/v2\/categories?post=420003"},{"taxonomy":"post_tag","embeddable":true,"href":"https:\/\/www.europesays.com\/fr\/wp-json\/wp\/v2\/tags?post=420003"}],"curies":[{"name":"wp","href":"https:\/\/api.w.org\/{rel}","templated":true}]}}