{"id":420005,"date":"2025-09-26T22:49:11","date_gmt":"2025-09-26T22:49:11","guid":{"rendered":"https:\/\/www.europesays.com\/fr\/420005\/"},"modified":"2025-09-26T22:49:11","modified_gmt":"2025-09-26T22:49:11","slug":"la-france-participe-a-une-coalition-durgence-pour-soutenir-financierement-lautorite-palestinienne","status":"publish","type":"post","link":"https:\/\/www.europesays.com\/fr\/420005\/","title":{"rendered":"La France participe \u00e0 une\u00a0coalition d\u2019urgence pour soutenir financi\u00e8rement\u00a0l\u2019Autorit\u00e9 palestinienne"},"content":{"rendered":"<p>Douze pays, dont la France, lancent ce samedi \u00ab\u00a0la Coalition d&rsquo;urgence pour la viabilit\u00e9 financi\u00e8re de l&rsquo;Autorit\u00e9 palestinienne\u00a0\u00bb, a annonc\u00e9\u00a0le <a class=\"Link\" href=\"https:\/\/www.diplomatie.gouv.fr\/fr\/dossiers-pays\/israel-territoires-palestiniens\/actualites-et-evenements\/2025\/article\/lancement-de-la-coalition-d-urgence-pour-la-viabilite-financiere-de-l-autorite\" target=\"_blank\" title=\"\" data-gtm=\"click:capsule\" data-capsule=\"Lien\" rel=\"noopener\">minist\u00e8re de l&rsquo;Europe et des Affaires \u00e9trang\u00e8res<\/a>.<\/p>\n<p>Mise en place \u00ab\u00a0pour faire face \u00e0 la crise financi\u00e8re urgente et sans pr\u00e9c\u00e9dent\u00a0\u00bb que traverse\u00a0l&rsquo;Autorit\u00e9, dont les recettes fiscales et douani\u00e8res sont retenues par Isra\u00ebl, \u00ab\u00a0l&rsquo;objectif imm\u00e9diat de la coalition est de stabiliser (ses)\u00a0finances et de pr\u00e9server sa capacit\u00e9 \u00e0 gouverner, \u00e0 fournir des services essentiels et \u00e0 maintenir la s\u00e9curit\u00e9, autant de principes indispensables pour assurer la stabilit\u00e9 de la r\u00e9gion et pr\u00e9server la solution des deux \u00c9tats\u00a0\u00bb, \u00e9crivent dans un communiqu\u00e9 commun l&rsquo;Arabie saoudite, la Belgique, le Danemark, l&rsquo;Espagne, la France, l&rsquo;Irlande, l&rsquo;Islande, le Japon, la Norv\u00e8ge, le Royaume-Uni, la Slov\u00e9nie et la Suisse.<\/p>\n<p>Selon le bureau du Premier ministre palestinien, Mohammad Moustafa, la Coalition se serait engag\u00e9e \u00e0 verser au moins 170\u00a0millions de dollars \u2013 l&rsquo;Arabie saoudite devrait \u00e0\u00a0elle seule verser 90\u00a0millions de dollars, a fait savoir son ministre des Affaires \u00e9trang\u00e8res, le prince Fay\u00e7al ben Farhane.<\/p>\n<p>Emp\u00eacher l&rsquo;effondrement de\u00a0l&rsquo;Autorit\u00e9 palestinienne<\/p>\n<p>\u00ab\u00a0Notre engagement collectif est r\u00e9v\u00e9lateur du large consensus international concernant la n\u00e9cessit\u00e9 d&#8217;emp\u00eacher l&rsquo;effondrement de l&rsquo;Autorit\u00e9 palestinienne et de consolider les fondements de la paix\u00a0\u00bb, poursuivent les pays donateurs, qui invitent \u00ab\u00a0l&rsquo;ensemble des \u00c9tats et des organisations internationales \u00e0 se joindre \u00e0 cet effort collectif\u00a0\u00bb.<\/p>\n<p>Selon eux, une aide \u00e0 court terme ne serait pas suffisante. La Coalition vise \u00ab\u00a0une approche durable, pr\u00e9visible et coordonn\u00e9e\u00a0\u00bb pour contrer l&rsquo;affaiblissement de l&rsquo;Autorit\u00e9 palestinienne, pr\u00e9server la paix et la s\u00e9curit\u00e9 r\u00e9gionale\u00a0et internationale.<\/p>\n<p>\n\u00c0 D\u00e9couvrir<br \/>\n<strong class=\"discover-kangourou__line\"><br \/>\n<img decoding=\"async\" class=\"discover-kangourou__img\" src=\"https:\/\/static.lpnt.fr\/static\/img\/kangourou\/kangourou_filled.svg\"\/><br \/>\n<strong class=\"discover-kangourou__txt\"><br \/>\n<strong>Le Kangourou du jour<\/strong><br \/>\n<a href=\"https:\/\/kangourou.lepoint.fr\" title=\"kangourou\" data-gtm-cta=\"kangourou_article\" class=\"discover-kangourou__lnk\" target=\"_blank\" rel=\"noopener\"><br \/>\nR\u00e9pondre<br \/>\n<\/a><br \/>\n<\/strong><br \/>\n<\/strong><br \/>\nLes ministres demandent \u00e9galement \u00e0 l&rsquo;\u00c9tat h\u00e9breu\u00a0de \u00ab\u00a0transf\u00e9rer imm\u00e9diatement toutes les recettes fiscales et douani\u00e8res palestiniennes et de suspendre toute mesure qui fait obstacle \u00e0 l&rsquo;Autorit\u00e9 palestinienne, qui l&rsquo;affaiblit ou qui risque d&rsquo;entra\u00eener son effondrement\u00a0\u00bb, alors que leur homologue\u00a0isra\u00e9lien des Finances, Bezalel Smotrich a affirm\u00e9 qu&rsquo;il souhaitait que l&rsquo;Autorit\u00e9 palestinienne s&rsquo;effondre par un \u00ab\u00a0\u00e9tranglement \u00e9conomique\u00a0\u00bb.<\/p>\n<p>Le lancement de cette Coalition d&rsquo;urgence intervient apr\u00e8s la reconnaissance d&rsquo;un \u00c9tat palestinien par la France et le Royaume-Uni \u00e0 l&rsquo;Assembl\u00e9e g\u00e9n\u00e9rale des Nations unies, ainsi que le discours du Premier ministre isra\u00e9lien <a class=\"Link\" href=\"https:\/\/www.lepoint.fr\/tags\/benyamin-netanyahou\" data-gtm=\"click:capsule\" data-capsule=\"Lien\" target=\"_blank\" rel=\"noopener\">Benyamin Netanyahou<\/a>\u00a0qui a promis\u00a0de <a class=\"Link\" href=\"https:\/\/www.lepoint.fr\/monde\/a-l-onu-netanyahou-promet-de-finir-le-travail-a-gaza-26-09-2025-2599644_24.php\" title=\"\" data-gtm=\"click:capsule\" data-capsule=\"Lien\" target=\"_blank\" rel=\"noopener\">\u00ab\u00a0finir le travail\u00a0\u00bb \u00e0 Gaza.<\/a><\/p>\n<p>Toute l\u2019actualit\u00e9 \u00e0 1\u20ac le premier mois<\/p>\n<p><a href=\"https:\/\/abo.lepoint.fr\/?provenance=21EDI020098\" class=\"btn\" title=\"S&#039;abonner\" data-gtm=\"click:abo|display:abo\" data-campaign=\"paywall_maison\" target=\"_blank\" rel=\"noopener\">S&rsquo;abonner<\/a><\/p>\n<p>ou<\/p>\n","protected":false},"excerpt":{"rendered":"Douze pays, dont la France, lancent ce samedi \u00ab\u00a0la Coalition d&rsquo;urgence pour la viabilit\u00e9 financi\u00e8re de l&rsquo;Autorit\u00e9 palestinienne\u00a0\u00bb,&hellip;\n","protected":false},"author":2,"featured_media":420006,"comment_status":"","ping_status":"","sticky":false,"template":"","format":"standard","meta":{"footnotes":""},"categories":[4],"tags":[11,952,1011,27,5643,12,3518,25],"class_list":{"0":"post-420005","1":"post","2":"type-post","3":"status-publish","4":"format-standard","5":"has-post-thumbnail","7":"category-france","8":"tag-actualites","9":"tag-benyamin-netanyahou","10":"tag-fr","11":"tag-france","12":"tag-guerre-israel-hamas","13":"tag-news","14":"tag-palestine","15":"tag-republique-francaise"},"share_on_mastodon":{"url":"https:\/\/pubeurope.com\/@fr\/115273045281217245","error":""},"_links":{"self":[{"href":"https:\/\/www.europesays.com\/fr\/wp-json\/wp\/v2\/posts\/420005","targetHints":{"allow":["GET"]}}],"collection":[{"href":"https:\/\/www.europesays.com\/fr\/wp-json\/wp\/v2\/posts"}],"about":[{"href":"https:\/\/www.europesays.com\/fr\/wp-json\/wp\/v2\/types\/post"}],"author":[{"embeddable":true,"href":"https:\/\/www.europesays.com\/fr\/wp-json\/wp\/v2\/users\/2"}],"replies":[{"embeddable":true,"href":"https:\/\/www.europesays.com\/fr\/wp-json\/wp\/v2\/comments?post=420005"}],"version-history":[{"count":0,"href":"https:\/\/www.europesays.com\/fr\/wp-json\/wp\/v2\/posts\/420005\/revisions"}],"wp:featuredmedia":[{"embeddable":true,"href":"https:\/\/www.europesays.com\/fr\/wp-json\/wp\/v2\/media\/420006"}],"wp:attachment":[{"href":"https:\/\/www.europesays.com\/fr\/wp-json\/wp\/v2\/media?parent=420005"}],"wp:term":[{"taxonomy":"category","embeddable":true,"href":"https:\/\/www.europesays.com\/fr\/wp-json\/wp\/v2\/categories?post=420005"},{"taxonomy":"post_tag","embeddable":true,"href":"https:\/\/www.europesays.com\/fr\/wp-json\/wp\/v2\/tags?post=420005"}],"curies":[{"name":"wp","href":"https:\/\/api.w.org\/{rel}","templated":true}]}}