{"id":420009,"date":"2025-09-26T22:52:10","date_gmt":"2025-09-26T22:52:10","guid":{"rendered":"https:\/\/www.europesays.com\/fr\/420009\/"},"modified":"2025-09-26T22:52:10","modified_gmt":"2025-09-26T22:52:10","slug":"a-quelle-heure-et-sur-quelle-chaine-suivre-pologne-italie-en-demi-finales-du-mondial-de-volley-lequipe","status":"publish","type":"post","link":"https:\/\/www.europesays.com\/fr\/420009\/","title":{"rendered":"\u00c0 quelle heure et sur quelle cha\u00eene suivre Pologne-Italie en demi-finales du Mondial de volley ? &#8211; L&#039;\u00c9quipe"},"content":{"rendered":"<ol>\n<li><a href=\"https:\/\/news.google.com\/rss\/articles\/CBMi4gFBVV95cUxQMGx5TU9FNkVyeDRWaHBycy1EMnZYSFZCM0FremdNVlVHeVV1RFB4T0JjVmxydXFMMjJxU3VfN1JJcnVDY29HbG9uTjlkSjVCUTh5WUxTVTg5SXQ0SHpmMlRhc3hXUGx2elNYUXd0Tm1FTWxlN1RINlZRZF9fSzllSktPdUZxVWR4WHRUVzRqOGRUM212eUVvR2hDX2I2RHctMXRJX3VsQVNwT1BNZUJUUVVEWkV0WldnSXlBOGIwMkVOT2JVcUNwemNDWjZuUnl4b0ZqR0RWSG9aYXhGQmxPb1pR?oc=5\" target=\"_blank\" rel=\"nofollow noopener\">\u00c0 quelle heure et sur quelle cha\u00eene suivre Pologne-Italie en demi-finales du Mondial de volley ?<\/a>&nbsp;&nbsp;L&rsquo;\u00c9quipe<\/li>\n<li><a href=\"https:\/\/news.google.com\/rss\/articles\/CBMizAFBVV95cUxPczV5X3dWYTM1S1NjcGN2RE4yMkpxeGJuNEM1ZEVqQjJMVHFSNEZNQ1h1azhrRFdXVVhuMEpqeER0S0lIbTRzRUMzSmgwNC1oS3RkY2VqNm54TkltMzFEd0tIUnhPdkhteTBqVVh6VFkybWsxcm5oU25obl9ySW80NkhCYnMxOXdPNFR2ckR3SzV4d0lsVHdRZ1d2Q2pabFlfWGJtdkpSMUJSYm4zV3duUjI4eDRxWjlPTVZSZGtIYjM5d0dkd2VSRUtVYlM?oc=5\" target=\"_blank\" rel=\"nofollow noopener\">Mondial de volley : l\u2019Italie et la Pologne au rendez-vous d&rsquo;une demi-finale choc<\/a>&nbsp;&nbsp;Le Figaro<\/li>\n<li><a href=\"https:\/\/news.google.com\/rss\/articles\/CBMiwgFBVV95cUxNSThfbFdWbi10aHNPM1pwV2w4YnExMlZ2LUtrMzNQS0VZSW9lSjRqc2kzOUdreENJd24tZl80U1VjYnZQaUd6eTlneW5odjFuSWhVSEFyOWFPSF9vTzFkdlBseG5xSnRoNjktU2FRR3dLbElhZUI3WTBmR3daeFpNM0w3b1FvTGpxQXZtM1prQUNQNVNqcUxlYnhZcVhva25sV1FQRlY2d2NnMnhpaEZEaGg3ejBZRW43YlhyRWszeHZFZw?oc=5\" target=\"_blank\" rel=\"nofollow noopener\">La Pologne s&rsquo;impose face \u00e0 la Turquie &#8211; Volley &#8211; Euro (H)<\/a>&nbsp;&nbsp;Orange Actualit\u00e9s | Sports<\/li>\n<li><a href=\"https:\/\/news.google.com\/rss\/articles\/CBMirgFBVV95cUxONkVJcXR1U1dYUkJvSXdNTjVtSjNDUlI2MHJ6dW1IZGJUMUExcmR4Wk8tWmxzeUNidUFwYlVfOVVBaDJ2dVpSNEp0SlprbnJ1VDZnTk9IMTcwMV95TzRDS3loVmtBUHVKOTFiVEdvTnMzZk5reXlaWm9VZnpLc3hjZlNwekpzMEpoa2w1LWNuMXB5RnJoV2Rjd09uSUtWclVITlRDbFBVUF9BbU9Nc1E?oc=5\" target=\"_blank\" rel=\"nofollow noopener\">Les Red Dragons d\u00e9\u00e7us mais fiers : \u00ab\u00a0Un r\u00e9sultat historique pour la Belgique\u00a0\u00bb<\/a>&nbsp;&nbsp;RTBF<\/li>\n<li><a href=\"https:\/\/news.google.com\/rss\/articles\/CBMi-AFBVV95cUxNYmhDU1NlaGt2MXZmeGJvQksycVYwTmQ0bnVOX0tHRWNiem1RZDZmczBRenZmYV94MUNmcE9UXzN3WUhyTWt0bVZTRzRiWGc1QmNlVTJOVTB1ZEdWRjAxS3Y3ODBiekVSeUw0aTlteU50WmtfNWV4a3hTQjljaWo0OENqOTQ4VTR6M2FoRzJBTmFySlpFVkxYSjVuOG83TVV4SVNvUjZuNGt2MnhKQkdJX09FRVRnNE9uZzhSVTQ4QUdyNTRnUlNVT0Z5elZrNloxMmk1MDlWeU1tazlfTkx4WE1SUmRrcWU1VDN1ZjduUXRfRExJek4xTQ?oc=5\" target=\"_blank\" rel=\"nofollow noopener\">\u00ab\u00a0Notre niveau \u00e9tait loin d&rsquo;\u00eatre suffisant pour les mettre en difficult\u00e9\u00a0\u00bb, regrette Deroo<\/a>&nbsp;&nbsp;La Libre.be<\/li>\n<\/ol>\n","protected":false},"excerpt":{"rendered":"\u00c0 quelle heure et sur quelle cha\u00eene suivre Pologne-Italie en demi-finales du Mondial de volley ?&nbsp;&nbsp;L&rsquo;\u00c9quipe Mondial de&hellip;\n","protected":false},"author":2,"featured_media":420010,"comment_status":"","ping_status":"","sticky":false,"template":"","format":"standard","meta":{"footnotes":""},"categories":[1417],"tags":[1011,27,60,1470,1469],"class_list":{"0":"post-420009","1":"post","2":"type-post","3":"status-publish","4":"format-standard","5":"has-post-thumbnail","7":"category-volley","8":"tag-fr","9":"tag-france","10":"tag-sports","11":"tag-volley","12":"tag-volleyball"},"share_on_mastodon":{"url":"https:\/\/pubeurope.com\/@fr\/115273055833301272","error":""},"_links":{"self":[{"href":"https:\/\/www.europesays.com\/fr\/wp-json\/wp\/v2\/posts\/420009","targetHints":{"allow":["GET"]}}],"collection":[{"href":"https:\/\/www.europesays.com\/fr\/wp-json\/wp\/v2\/posts"}],"about":[{"href":"https:\/\/www.europesays.com\/fr\/wp-json\/wp\/v2\/types\/post"}],"author":[{"embeddable":true,"href":"https:\/\/www.europesays.com\/fr\/wp-json\/wp\/v2\/users\/2"}],"replies":[{"embeddable":true,"href":"https:\/\/www.europesays.com\/fr\/wp-json\/wp\/v2\/comments?post=420009"}],"version-history":[{"count":0,"href":"https:\/\/www.europesays.com\/fr\/wp-json\/wp\/v2\/posts\/420009\/revisions"}],"wp:featuredmedia":[{"embeddable":true,"href":"https:\/\/www.europesays.com\/fr\/wp-json\/wp\/v2\/media\/420010"}],"wp:attachment":[{"href":"https:\/\/www.europesays.com\/fr\/wp-json\/wp\/v2\/media?parent=420009"}],"wp:term":[{"taxonomy":"category","embeddable":true,"href":"https:\/\/www.europesays.com\/fr\/wp-json\/wp\/v2\/categories?post=420009"},{"taxonomy":"post_tag","embeddable":true,"href":"https:\/\/www.europesays.com\/fr\/wp-json\/wp\/v2\/tags?post=420009"}],"curies":[{"name":"wp","href":"https:\/\/api.w.org\/{rel}","templated":true}]}}