{"id":420017,"date":"2025-09-26T22:57:10","date_gmt":"2025-09-26T22:57:10","guid":{"rendered":"https:\/\/www.europesays.com\/fr\/420017\/"},"modified":"2025-09-26T22:57:10","modified_gmt":"2025-09-26T22:57:10","slug":"coman-et-ronaldo-gachent-la-soiree-de-benzema-en-saudi-pro-league","status":"publish","type":"post","link":"https:\/\/www.europesays.com\/fr\/420017\/","title":{"rendered":"Coman et Ronaldo g\u00e2chent la soir\u00e9e de Benzema en Saudi Pro League"},"content":{"rendered":"<p class=\"mb-4 text-lg md:leading-8 break-words\">\u00c7a a commenc\u00e9 par une belle et chaleureuse accolade. Anciens artificiers du Real Madrid, <a href=\"https:\/\/rmcsport.bfmtv.com\/football\/karim-benzema_DN-201506210107.html\" rel=\"nofollow noopener\" target=\"_blank\" data-ylk=\"slk:Karim Benzema;elm:context_link;itc:0;sec:content-canvas\" class=\"link \">Karim Benzema <\/a>et <a href=\"https:\/\/rmcsport.bfmtv.com\/football\/cristiano-ronaldo_DN-202108310501.html\" rel=\"nofollow noopener\" target=\"_blank\" data-ylk=\"slk:Cristiano Ronaldo;elm:context_link;itc:0;sec:content-canvas\" class=\"link \">Cristiano Ronaldo<\/a> se retrouvaient face \u00e0 face vendredi soir pour un choc de la 4e journ\u00e9e du championnat saoudien entre Al-Ittihad, champion d\u2019Arabie saoudite et Al-Nassr.<\/p>\n<p class=\"mb-4 text-lg md:leading-8 break-words\">Devant 60.000 spectateurs bouillants, ce sont les partenaires de CR7 qui ont rapidement asphyxi\u00e9 leurs adversaires. Apr\u00e8s Sadio Man\u00e9, auteur d&rsquo;une reprise de vol\u00e9e sublime sur un centre parfait de Kingsley Coman (9e), c\u2019est CR7 qui a scell\u00e9 la victoire d\u2019Al-Nassr. CR7 a catapult\u00e9 le ballon au fond des filets d\u2019un gros coup de t\u00eate \u00e0 la 35e minute. Le 947e but de la carri\u00e8re du Portugais. Pas rassurant pour le champion sortant qui a d\u00e9j\u00e0 chut\u00e9 trois fois toutes comp\u00e9titions confondues cette saison.<\/p>\n<p>Laurent Blanc agac\u00e9<\/p>\n<p class=\"mb-4 text-lg md:leading-8 break-words\">\u00ab\u00a0Pour le moment, Al Nassr est meilleur que nous, c\u2019est une r\u00e9alit\u00e9\u00a0\u00bb, a comment\u00e9 Karim Benzema apr\u00e8s la rencontre. L\u2019ancien Lyonnais n\u2019a pas m\u00e9nag\u00e9 ses efforts en 2eme p\u00e9riode pour tenter de remobiliser ses troupes, en vain.<\/p>\n<p class=\"mb-4 text-lg md:leading-8 break-words\">\u00ab\u00a0On est tomb\u00e9 sur une \u00e9quipe plus forte que nous\u00a0\u00bb, insistait aussi son entra\u00eeneur Laurent Blanc. L&rsquo;ex-s\u00e9lectionneur des Bleus qui commencerait \u00e0 \u00eatre menac\u00e9 a aussi \u00e9t\u00e9 interrog\u00e9 sur son possible d\u00e9part du club en conf\u00e9rence de presse d&rsquo;apr\u00e8s-match. Une question qui n\u2019a pas sp\u00e9cialement mis l\u2019ancien coach bordelais de bonne humeur, Laurent Blanc a donc fait part de sa surprise et a rappel\u00e9 le bilan plut\u00f4t tr\u00e8s positif de son \u00e9quipe \u00e0 domicile avant ce premier revers \u00e0 Djeddah.<\/p>\n<p class=\"mb-4 text-lg md:leading-8 break-words\"><a href=\"https:\/\/rmcsport.bfmtv.com\/football\/saudi-pro-league\/un-sacre-coup-de-tete-coman-et-ronaldo-gachent-la-soiree-de-benzema-en-saudi-pro-league_AN-202509261025.html#xtor=AL-68\" rel=\"nofollow noopener\" target=\"_blank\" data-ylk=\"slk:Article original publi\u00e9 sur RMC Sport;elm:context_link;itc:0;sec:content-canvas\" class=\"link \">Article original publi\u00e9 sur RMC Sport<\/a><\/p>\n","protected":false},"excerpt":{"rendered":"\u00c7a a commenc\u00e9 par une belle et chaleureuse accolade. Anciens artificiers du Real Madrid, Karim Benzema et Cristiano&hellip;\n","protected":false},"author":2,"featured_media":420018,"comment_status":"","ping_status":"","sticky":false,"template":"","format":"standard","meta":{"footnotes":""},"categories":[1412],"tags":[13282,1451,1452,1453,1454,1455,1011,27,24748,4783,54916,4790,60],"class_list":{"0":"post-420017","1":"post","2":"type-post","3":"status-publish","4":"format-standard","5":"has-post-thumbnail","7":"category-f1","8":"tag-cristiano-ronaldo","9":"tag-f1","10":"tag-formula-1","11":"tag-formula1","12":"tag-formule-1","13":"tag-formule1","14":"tag-fr","15":"tag-france","16":"tag-karim-benzema","17":"tag-kingsley-coman","18":"tag-laurent-blanc","19":"tag-real-madrid","20":"tag-sports"},"share_on_mastodon":{"url":"https:\/\/pubeurope.com\/@fr\/115273075586402375","error":""},"_links":{"self":[{"href":"https:\/\/www.europesays.com\/fr\/wp-json\/wp\/v2\/posts\/420017","targetHints":{"allow":["GET"]}}],"collection":[{"href":"https:\/\/www.europesays.com\/fr\/wp-json\/wp\/v2\/posts"}],"about":[{"href":"https:\/\/www.europesays.com\/fr\/wp-json\/wp\/v2\/types\/post"}],"author":[{"embeddable":true,"href":"https:\/\/www.europesays.com\/fr\/wp-json\/wp\/v2\/users\/2"}],"replies":[{"embeddable":true,"href":"https:\/\/www.europesays.com\/fr\/wp-json\/wp\/v2\/comments?post=420017"}],"version-history":[{"count":0,"href":"https:\/\/www.europesays.com\/fr\/wp-json\/wp\/v2\/posts\/420017\/revisions"}],"wp:featuredmedia":[{"embeddable":true,"href":"https:\/\/www.europesays.com\/fr\/wp-json\/wp\/v2\/media\/420018"}],"wp:attachment":[{"href":"https:\/\/www.europesays.com\/fr\/wp-json\/wp\/v2\/media?parent=420017"}],"wp:term":[{"taxonomy":"category","embeddable":true,"href":"https:\/\/www.europesays.com\/fr\/wp-json\/wp\/v2\/categories?post=420017"},{"taxonomy":"post_tag","embeddable":true,"href":"https:\/\/www.europesays.com\/fr\/wp-json\/wp\/v2\/tags?post=420017"}],"curies":[{"name":"wp","href":"https:\/\/api.w.org\/{rel}","templated":true}]}}