{"id":420024,"date":"2025-09-26T23:01:18","date_gmt":"2025-09-26T23:01:18","guid":{"rendered":"https:\/\/www.europesays.com\/fr\/420024\/"},"modified":"2025-09-26T23:01:18","modified_gmt":"2025-09-26T23:01:18","slug":"pres-du-canal-saint-martin-un-petit-espace-moderne-peuple-de-bois-clair","status":"publish","type":"post","link":"https:\/\/www.europesays.com\/fr\/420024\/","title":{"rendered":"Pr\u00e8s du canal Saint-Martin, un petit espace moderne, peupl\u00e9 de bois clair"},"content":{"rendered":"<p>Si ce <a href=\"https:\/\/www.admagazine.fr\/article\/petits-espaces-triangle-or-parisien\" target=\"_blank\" rel=\"noopener\">petit espace parisien<\/a> a la chance d&rsquo;\u00eatre baign\u00e9 de lumi\u00e8re, le soleil traversant les pi\u00e8ces d&rsquo;un bout \u00e0 l&rsquo;autre de l&rsquo;appartement, il s&rsquo;accordait mal avec le style de vie de son propri\u00e9taire. Passionn\u00e9 de cuisine, ce trentenaire \u00e9voluait dans un int\u00e9rieur cloisonn\u00e9 et peu adapt\u00e9 pour recevoir. Compos\u00e9 de Florence Vita et de Christophe Gourdier, le duo Lagoa Architecture est intervenu pour r\u00e9nover ce 45 m\u00e8tres carr\u00e9s \u00e0 fort potentiel. L&rsquo;enjeu, remettre la cuisine (jusqu&rsquo;alors isol\u00e9e) au centre des usages et redonner \u00e0 la chambre une fonction plus adapt\u00e9e \u00e0 son occupant : un r\u00f4le secondaire.<\/p>\n<p><img decoding=\"async\" alt=\"Le charme de l'ancien a t conserv  moulures parquet et chemine d'origine. Biblioth\u00e8que Accardi Buccheri pour Medulum.\" loading=\"lazy\" class=\"ResponsiveImageContainer-eNxvmU cfBbTk responsive-image__image\" src=\"https:\/\/www.europesays.com\/fr\/wp-content\/uploads\/2025\/09\/%C2%A9JUANJEREZ_LAGOA-VARLIN-2068.jpg\"\/><\/p>\n<p>Le charme de l&rsquo;ancien a \u00e9t\u00e9 conserv\u00e9 : moulures, parquet et chemin\u00e9e d&rsquo;origine. Biblioth\u00e8que Accardi Buccheri pour Medulum.<\/p>\n<p>Juan Jerez<img decoding=\"async\" alt=\"petit espace \u00e0 paris rnovation en bois clair cuisine verte\" loading=\"lazy\" class=\"ResponsiveImageContainer-eNxvmU cfBbTk responsive-image__image\" src=\"https:\/\/www.europesays.com\/fr\/wp-content\/uploads\/2025\/09\/%C2%A9JUANJEREZ_LAGOA-VARLIN-1959.jpg\"\/><\/p>\n<p>La cuisine-salle \u00e0 manger peut recevoir jusqu&rsquo;\u00e0 huit convives.<\/p>\n<p>Juan JerezUn plan au go\u00fbt d&rsquo;aujourd&rsquo;hui<\/p>\n<p>Situ\u00e9 au c\u0153ur du (tr\u00e8s pris\u00e9) Xe arrondissement, \u00e0 deux pas du <a href=\"https:\/\/www.admagazine.fr\/article\/petits-espaces-truffes-astuces-deco-canal-saint-martin\" target=\"_blank\" rel=\"noopener\">Canal Saint-Martin<\/a>, le bien est sis au cinqui\u00e8me \u00e9tage d&rsquo;un immeuble de 1900. Traversant et plut\u00f4t spacieux pour accueillircoin un c\u00e9libataire parisien, il jouissait d&rsquo;une luminosit\u00e9 trop peu exploit\u00e9e, car limit\u00e9e par le cloisonnement \u2014 voir plans en fin d&rsquo;article. Le premier ouvrage de Lagoa a, ainsi, \u00e9t\u00e9 de hi\u00e9rarchiser les usages dans une d\u00e9marche \u00e0 la fois contemporaine, et adapt\u00e9e au rythme du propri\u00e9taire. Une chambre sur rue avec un balcon, un salon sur cour, une cuisine remis\u00e9e dans une (trop) petite pi\u00e8ce : l&rsquo;ensemble a \u00e9t\u00e9 enti\u00e8rement r\u00e9agenc\u00e9 de sorte \u00e0 profiter d&rsquo;une grande cuisine, ouverte sur une salle \u00e0 manger, d&rsquo;un s\u00e9jour d\u00e9sormais dot\u00e9 d&rsquo;une terrasse, et d&rsquo;un  nuit sur cour, plus calme et plus r\u00e9duit. \u00ab Notre client passe peu de temps dans sa chambre, il n&rsquo;y travaille pas. Nous l&rsquo;avons donc transform\u00e9e en <a href=\"https:\/\/www.admagazine.fr\/article\/petit-espace-saint-germain-des-pres\" target=\"_blank\" rel=\"noopener\">espace plus compact<\/a> \u00bb, pr\u00e9cisent les architectes.<\/p>\n<p><img decoding=\"async\" alt=\"La chambre compacte est rduite \u00e0 son usage essentiel.\" loading=\"lazy\" class=\"ResponsiveImageContainer-eNxvmU cfBbTk responsive-image__image\"   src=\"https:\/\/www.europesays.com\/fr\/wp-content\/uploads\/2025\/09\/%C2%A9JUANJEREZ_LAGOA-VARLIN-1917.jpg\"\/><\/p>\n<p>La chambre, compacte, est r\u00e9duite \u00e0 son usage essentiel.<\/p>\n<p>Juan Jerez<img decoding=\"async\" alt=\"La cuisine ouvre sur la chambre gr\u00e2ce \u00e0 une double porte vitre.\" loading=\"lazy\" class=\"ResponsiveImageContainer-eNxvmU cfBbTk responsive-image__image\"   src=\"https:\/\/www.europesays.com\/fr\/wp-content\/uploads\/2025\/09\/%C2%A9JUANJEREZ_LAGOA-VARLIN-1829.jpg\"\/><\/p>\n<p>La cuisine ouvre sur la chambre gr\u00e2ce \u00e0 une double porte vitr\u00e9e.<\/p>\n<p>Juan JerezTransparences et jeux de lumi\u00e8re<\/p>\n<p>Aussi, pour exploiter la luminosit\u00e9 au maximum, Lagoa a jou\u00e9 avec la transparence afin de laisser filtrer le soleil \u00e0 travers les pi\u00e8ces. \u00ab Il y avait cette possibilit\u00e9 de donner une profondeur au champ de vision, du balcon jusqu&rsquo;\u00e0 la chambre. Une caract\u00e9ristique particuli\u00e8rement importante pour nous, parce qu&rsquo;avoir de la lumi\u00e8re partout donne une sensation d&rsquo;espace d&rsquo;autant plus forte. \u00bb Les portes ont ainsi \u00e9t\u00e9 con\u00e7ues en PMMA, un plastique dense et r\u00e9sistant, habituellement utilis\u00e9 dans l&rsquo;industrie, mais d\u00e9tourn\u00e9 ici pour les biens de la <a href=\"https:\/\/www.admagazine.fr\/article\/paris-renovation-contemporaine-appartement\" target=\"_blank\" rel=\"noopener\">r\u00e9novation<\/a>. \u00ab Lorsqu&rsquo;on a contact\u00e9 le fabricant pour faire de la menuiserie avec le PMMA, il \u00e9tait assez \u00e9tonn\u00e9, livre le duo. Le propri\u00e9taire, lui, n&rsquo;\u00e9tait pas plus convaincu : le plastique est bien moins noble que le verre\u2026 mais nous avons pu le s\u00e9duire gr\u00e2ce au rendu final et \u00e0 la diff\u00e9rence de co\u00fbt entre les deux mati\u00e8res \u00bb.<\/p>\n<p><img decoding=\"async\" alt=\"Un plastique industriel a t utilis pour raliser les portes vitres.\" loading=\"lazy\" class=\"ResponsiveImageContainer-eNxvmU cfBbTk responsive-image__image\"   src=\"https:\/\/www.europesays.com\/fr\/wp-content\/uploads\/2025\/09\/%C2%A9JUANJEREZ_LAGOA-VARLIN-1996.jpg\"\/><\/p>\n<p>Un plastique industriel a \u00e9t\u00e9 utilis\u00e9 pour r\u00e9aliser les portes vitr\u00e9es.<\/p>\n<p>Juan Jerez<img decoding=\"async\" alt=\"Du salon \u00e0 la chambre les espaces sont lis par le bois et la transparence des ouvertures.\" loading=\"lazy\" class=\"ResponsiveImageContainer-eNxvmU cfBbTk responsive-image__image\"   src=\"https:\/\/www.europesays.com\/fr\/wp-content\/uploads\/2025\/09\/%C2%A9JUANJEREZ_LAGOA-VARLIN-2101.jpg\"\/><\/p>\n<p>Du salon \u00e0 la chambre, les espaces sont li\u00e9s par le bois et la transparence des ouvertures.<\/p>\n<p>Juan Jerez<\/p>\n<p>Le r\u00e9sultat, des ouvertures vitr\u00e9es, dans un esprit industriel ultra moderne, qui respectent \u00e0 la fois les exigences de budget, de fabrication et de long\u00e9vit\u00e9 dans le futur. \u00ab L&rsquo;id\u00e9e \u00e9tait d&rsquo;utiliser ce mat\u00e9riau assez l\u00e9ger pour garder une finesse dans les encadrements. Il est aussi plus facile \u00e0 mettre en place par le menuisier et permet de cr\u00e9er une texture un peu givr\u00e9e, qui vient \u2018intimiser\u2019 la <a href=\"https:\/\/www.admagazine.fr\/article\/petite-chambre-erreurs-ne-pas-commettre\" target=\"_blank\" rel=\"noopener\">chambre<\/a> et le salon quand les portes sont ferm\u00e9es \u00bb. Finalement, ces ouvertures singuli\u00e8res sont devenues la signature de l&rsquo;appartement.<\/p>\n","protected":false},"excerpt":{"rendered":"Si ce petit espace parisien a la chance d&rsquo;\u00eatre baign\u00e9 de lumi\u00e8re, le soleil traversant les pi\u00e8ces d&rsquo;un&hellip;\n","protected":false},"author":2,"featured_media":420025,"comment_status":"","ping_status":"","sticky":false,"template":"","format":"standard","meta":{"footnotes":""},"categories":[1358],"tags":[10099,1348,1384,1385,1386,58,59,1011,27,9986],"class_list":{"0":"post-420024","1":"post","2":"type-post","3":"status-publish","4":"format-standard","5":"has-post-thumbnail","7":"category-arts-et-design","8":"tag-appartement-parisien","9":"tag-arts","10":"tag-arts-and-design","11":"tag-arts-et-design","12":"tag-design","13":"tag-divertissement","14":"tag-entertainment","15":"tag-fr","16":"tag-france","17":"tag-petits-espaces"},"share_on_mastodon":{"url":"https:\/\/pubeurope.com\/@fr\/115273091859679310","error":""},"_links":{"self":[{"href":"https:\/\/www.europesays.com\/fr\/wp-json\/wp\/v2\/posts\/420024","targetHints":{"allow":["GET"]}}],"collection":[{"href":"https:\/\/www.europesays.com\/fr\/wp-json\/wp\/v2\/posts"}],"about":[{"href":"https:\/\/www.europesays.com\/fr\/wp-json\/wp\/v2\/types\/post"}],"author":[{"embeddable":true,"href":"https:\/\/www.europesays.com\/fr\/wp-json\/wp\/v2\/users\/2"}],"replies":[{"embeddable":true,"href":"https:\/\/www.europesays.com\/fr\/wp-json\/wp\/v2\/comments?post=420024"}],"version-history":[{"count":0,"href":"https:\/\/www.europesays.com\/fr\/wp-json\/wp\/v2\/posts\/420024\/revisions"}],"wp:featuredmedia":[{"embeddable":true,"href":"https:\/\/www.europesays.com\/fr\/wp-json\/wp\/v2\/media\/420025"}],"wp:attachment":[{"href":"https:\/\/www.europesays.com\/fr\/wp-json\/wp\/v2\/media?parent=420024"}],"wp:term":[{"taxonomy":"category","embeddable":true,"href":"https:\/\/www.europesays.com\/fr\/wp-json\/wp\/v2\/categories?post=420024"},{"taxonomy":"post_tag","embeddable":true,"href":"https:\/\/www.europesays.com\/fr\/wp-json\/wp\/v2\/tags?post=420024"}],"curies":[{"name":"wp","href":"https:\/\/api.w.org\/{rel}","templated":true}]}}