{"id":420026,"date":"2025-09-26T23:02:14","date_gmt":"2025-09-26T23:02:14","guid":{"rendered":"https:\/\/www.europesays.com\/fr\/420026\/"},"modified":"2025-09-26T23:02:14","modified_gmt":"2025-09-26T23:02:14","slug":"festival-litteraire-villeneuve-se-livre-joris-giovannetti-remporte-le-prix-du-roman-2025","status":"publish","type":"post","link":"https:\/\/www.europesays.com\/fr\/420026\/","title":{"rendered":"Festival litt\u00e9raire Villeneuve se livre\u00a0: Joris Giovannetti remporte le Prix du Roman 2025"},"content":{"rendered":"<p>\n                                                                    l&rsquo;essentiel<br \/>\n                                                                Grande soir\u00e9e d\u2019ouverture, ce vendredi au th\u00e9\u00e2tre Georges-Leygues, pour le festival litt\u00e9raire de la bastide Villeneuve se livre. Elle a consacr\u00e9 un auteur de 33 ans, Joris Giovanetti, qui vient de sortir son tout premier roman.\n                            <\/p>\n<p>L\u2019effervescence de l\u2019ouverture d\u2019un week-end d\u00e9di\u00e9 aux livres \u00e0 leurs auteurs.\u00a0Comme de tradition, le th\u00e9\u00e2tre Georges-Leygues a accueilli des centaines de personnes pour le lancement officiel du festival litt\u00e9raire Villeneuve se livre. C\u2019est peu dire s\u2019ils ont \u00e9t\u00e9 plong\u00e9s dans l\u2019ambiance de l\u2019\u00e9v\u00e9nement d\u00e8s leur arriv\u00e9e sur le parvis des all\u00e9es villeneuvoise, puisque le village o\u00f9 se r\u00e9uniront 70 auteurs d\u00e8s samedi matin a \u00e9t\u00e9 \u00e9rig\u00e9 \u00e0 quelques m\u00e8tres de l\u00e0, sur le parking R\u00e9publique.<\/p>\n<p class=\"std-elt__inline\">\n        <strong>\u00c0 lire aussi :<\/strong><br \/>\n        <a href=\"https:\/\/www.ladepeche.fr\/2025\/09\/16\/festival-litteraire-villeneuve-se-livre-les-rendez-vous-a-ne-pas-rater-pour-cette-nouvelle-edition-12931664.php\" target=\"_blank\" rel=\"noopener\">Festival litt\u00e9raire \u00ab\u00a0Villeneuve se livre\u00a0\u00bb\u00a0: les rendez-vous \u00e0 ne pas rater pour cette nouvelle \u00e9dition<\/a>\n    <\/p>\n<p>Dans la salle du th\u00e9\u00e2tre, des Villeneuvois mais aussi \u2013 et surtout \u2013 des \u00e9crivains. Pour porter tout ce beau monde, une marraine et un parrain de choix\u00a0: Carole Martinez et Jean-Paul Delfino. Aux c\u00f4t\u00e9s de Pierre Defendini, directeur artistique du festival, ils n\u2019ont pas oubli\u00e9 de mentionner\u00a0Boualem Sansal, \u00e9crivain emprisonn\u00e9 en Alg\u00e9rie. Son image sera pr\u00e9sente durant tout le week-end sur la place des Auteurs.<\/p>\n<p>Ce n\u2019est pas non plus G\u00e9rard R\u00e9gnier, maire de Villeneuve, et son adjointe \u00ab\u00a0ministre de la Culture\u00a0\u00bb Anne-Marie Davelu-Chavin, qui boudaient leur plaisir de voir que ce rendez-vous litt\u00e9raire attire une foule de curieux. \u00ab\u00a0Ce soir, c\u2019est sans visa ni passeport que nous embarquons pour un voyage\u00a0\u00bb s\u2019exclama-t-elle. Un voyage aussi bien \u00ab\u00a0par la vall\u00e9e des larmes que la vall\u00e9e des roses\u00a0\u00bb.<\/p>\n<p class=\"std-elt__inline\">\n        <strong>\u00c0 lire aussi :<\/strong><br \/>\n        <a href=\"https:\/\/www.ladepeche.fr\/2025\/09\/25\/avant-les-rencontres-dauteurs-villeneuve-se-livre-souvre-sur-la-dictee-redoutee-et-adoree-des-festivaliers-12953384.php\" target=\"_blank\" rel=\"noopener\">Avant les rencontres d\u2019auteurs, \u00ab\u00a0Villeneuve se livre\u00a0\u00bb s\u2019ouvre sur la dict\u00e9e redout\u00e9e et ador\u00e9e des festivaliers<\/a>\n    <\/p>\n<p>Bien s\u00fbr, tout le monde \u00e9tait l\u00e0 \u00e9galement pour le Prix du roman \u00ab\u00a0Villeneuve se livre\u00a0\u00bb, cr\u00e9\u00e9 en 2021 et avec une\u00a0dotation qui s\u2019\u00e9l\u00e8ve \u00e0 1\u00a0500\u00a0\u20ac. Apr\u00e8s Corinne Royer en 2021, Akli Tadjer en 2022, Thomas Oussin en 2023, et \u00c9douard Jousselin en 2024, c\u2019est au tour de Joris Giovannetti de remporter le Prix 2025 et la non moins c\u00e9l\u00e8bre statuette, baptis\u00e9e \u00ab\u00a0Simone\u00a0\u00bb. Le jeune auteur de 33 ans n\u2019a pas cach\u00e9 sa surprise, ni son \u00e9motion sur la sc\u00e8ne, entour\u00e9 du parrain et de la marraine. Tenant la statuette comme un nouveau-n\u00e9, l\u2019air hagard, il a d\u2019ores et d\u00e9j\u00e0 touch\u00e9 le c\u0153ur des festivaliers par son air des plus naturels.<\/p>\n<p>N\u00e9 en 1992 \u00e0 Bastia, Joris Giovannetti a men\u00e9 des \u00e9tudes en sciences politiques et en litt\u00e9rature. Il enseigne aujourd\u2019hui la philosophie et partage sa\u00a0vie entre Bastia et la Castagniccia, r\u00e9gion dont il est originaire. \u00ab\u00a0Ceux que la\u00a0nuit choisit\u00a0\u00bb, son premier roman, a donc tap\u00e9 dans l\u2019\u0153il des jur\u00e9s.\u00a0En suivant\u00a0les trajectoires de diff\u00e9rents personnages, Joris\u00a0Giovannetti propose le portrait d\u2019une g\u00e9n\u00e9ration qui r\u00eave d\u2019absolu et se retrouve pi\u00e9g\u00e9e par l\u2019hypocrite convivialit\u00e9 des r\u00e9seaux sociaux et des loisirs et par un militantisme. Une \u0153uvre et un auteur \u00e0 d\u00e9couvrir tout au long du week-end sur la place des Auteurs.<\/p>\n","protected":false},"excerpt":{"rendered":"l&rsquo;essentiel Grande soir\u00e9e d\u2019ouverture, ce vendredi au th\u00e9\u00e2tre Georges-Leygues, pour le festival litt\u00e9raire de la bastide Villeneuve se&hellip;\n","protected":false},"author":2,"featured_media":420027,"comment_status":"","ping_status":"","sticky":false,"template":"","format":"standard","meta":{"footnotes":""},"categories":[1357],"tags":[1379,58,59,1011,27,1380],"class_list":{"0":"post-420026","1":"post","2":"type-post","3":"status-publish","4":"format-standard","5":"has-post-thumbnail","7":"category-livres","8":"tag-books","9":"tag-divertissement","10":"tag-entertainment","11":"tag-fr","12":"tag-france","13":"tag-livres"},"share_on_mastodon":{"url":"https:\/\/pubeurope.com\/@fr\/115273095161727561","error":""},"_links":{"self":[{"href":"https:\/\/www.europesays.com\/fr\/wp-json\/wp\/v2\/posts\/420026","targetHints":{"allow":["GET"]}}],"collection":[{"href":"https:\/\/www.europesays.com\/fr\/wp-json\/wp\/v2\/posts"}],"about":[{"href":"https:\/\/www.europesays.com\/fr\/wp-json\/wp\/v2\/types\/post"}],"author":[{"embeddable":true,"href":"https:\/\/www.europesays.com\/fr\/wp-json\/wp\/v2\/users\/2"}],"replies":[{"embeddable":true,"href":"https:\/\/www.europesays.com\/fr\/wp-json\/wp\/v2\/comments?post=420026"}],"version-history":[{"count":0,"href":"https:\/\/www.europesays.com\/fr\/wp-json\/wp\/v2\/posts\/420026\/revisions"}],"wp:featuredmedia":[{"embeddable":true,"href":"https:\/\/www.europesays.com\/fr\/wp-json\/wp\/v2\/media\/420027"}],"wp:attachment":[{"href":"https:\/\/www.europesays.com\/fr\/wp-json\/wp\/v2\/media?parent=420026"}],"wp:term":[{"taxonomy":"category","embeddable":true,"href":"https:\/\/www.europesays.com\/fr\/wp-json\/wp\/v2\/categories?post=420026"},{"taxonomy":"post_tag","embeddable":true,"href":"https:\/\/www.europesays.com\/fr\/wp-json\/wp\/v2\/tags?post=420026"}],"curies":[{"name":"wp","href":"https:\/\/api.w.org\/{rel}","templated":true}]}}