{"id":420028,"date":"2025-09-26T23:03:11","date_gmt":"2025-09-26T23:03:11","guid":{"rendered":"https:\/\/www.europesays.com\/fr\/420028\/"},"modified":"2025-09-26T23:03:11","modified_gmt":"2025-09-26T23:03:11","slug":"fou-rire-sur-le-plateau-de-cyril-hanouna-pendant-un-sujet-sur-cedric-jubillar","status":"publish","type":"post","link":"https:\/\/www.europesays.com\/fr\/420028\/","title":{"rendered":"Fou rire sur le plateau de Cyril Hanouna pendant un sujet sur Cedric Jubillar"},"content":{"rendered":"<p>    Fou rire sur le plateau de Cyril Hanouna pendant un sujet sur Cedric Jubillar<br \/>\n                Capture \u00e9cran W9.<\/p>\n<p>Les chroniqueurs se sont montr\u00e9s particuli\u00e8rement dissip\u00e9s durant les derni\u00e8res minutes du talk-show de W9, \u00abTout beau tout n9uf\u00bb.<\/p>\n<p class=\"fig-paragraph\">\u00abJe le dis aux t\u00e9l\u00e9spectateurs, il m\u2019arrive un truc de fou\u00bb, tente d\u2019expliquer\u00a0<a href=\"http:\/\/tvmag.lefigaro.fr\/programme-tv\/miss-france\/c-est-ma-grande-favorite-pour-miss-france-2026-cyril-hanouna-sous-le-charme-de-lou-lambert-miss-languedoc-20250924\" target=\"_blank\" data-fig-type=\"Article\" rel=\"noopener\" data-gtm-custom-categorie=\"navigation\" data-gtm-custom-action=\"crossclick\" data-gtm-custom-label=\"Contextuel\" data-gtm-event=\"customEventSPE\" data-fig-domain=\"TVMAG\"><strong>Cyril Hanouna<\/strong><\/a> \u00a0pour justifier un fin d\u2019\u00e9mission mouvement\u00e9e ce vendredi 26 septembre sur la cha\u00eene W9.<\/p>\n<p class=\"fig-paragraph\">Comme \u00e0 son habitude durant les vingt derni\u00e8res minutes de <strong>\u00abTout beau tout n9uf\u00bb<\/strong>, Amaury Bucco liste ses sujets. Le journaliste sp\u00e9cialiste en faits divers fait partie de l\u2019\u00e9quipe de Cyril Hanouna depuis \u00abTouche pas \u00e0 mon poste\u00bb sur la cha\u00eene d\u00e9sormais ferm\u00e9e C8. Il \u00e9voque d\u2019abord le r\u00e9cit insolite d\u2019un d\u00e9tenu qui s\u2019est enduit de gel et de savon pour glisser entre les barreaux de sa cellule, puis la plus triste histoire d\u2019un client retrouv\u00e9 dans les toilettes d\u2019un fast-food, 30 heures apr\u00e8s son d\u00e9c\u00e8s.<\/p>\n<p>                                    <a class=\"fig-a11y-skip a11y-hidden\" href=\"#fig-a11y-skip-main-inarticle\"><br \/>\n        Passer la publicit\u00e9<br \/>\n    <\/a><\/p>\n<p class=\"fig-paragraph\">C\u2019est ensuite que vient la couverture du proc\u00e8s de\u00a0<a href=\"https:\/\/video.lefigaro.fr\/figaro\/faits-divers\/apres-un-reportage-de-quotidien-la-prise-dimages-est-interdite-au-proces-de-cedric-jubillar-20250925\" target=\"_blank\" data-fig-type=\"Video\" rel=\"noopener\" data-gtm-custom-categorie=\"navigation\" data-gtm-custom-action=\"crossclick\" data-gtm-custom-label=\"Contextuel\" data-gtm-event=\"customEventSPE\" data-fig-domain=\"LEFIGARO\">C\u00e9dric Jubillar<\/a>, accus\u00e9 du meurtre de son \u00e9pouse Delphine. Amaury Bucco d\u00e9roule son long, tr\u00e8s long argumentaire avant de s\u2019interrompre\u00a0: \u00abah oui il y a un fou rire sur le plateau\u00bb. La camera centre sur Cyril Hanouna, repli\u00e9 sur son pupitre, les larmes aux yeux de trop rire. \u00abC\u2019est \u00e0 cause d\u2019Isabelle Morini-Bosc qui s\u2019est endormie. Sa boucle d\u2019oreille a cogn\u00e9 le micro\u00bb, explique hilare l\u2019animateur de \u00abTBT9\u00bb. \u00abVous n\u2019avez pas entendu un bruit chez vous\u00a0?\u00bb, interroge-t-il en direction des t\u00e9l\u00e9spectateurs.<\/p>\n<p>\u00abC\u2019est quelque chose qui a l\u00e2ch\u00e9\u00bb<\/p>\n<p class=\"fig-paragraph\">\u00abJe me suis coinc\u00e9 un nerf\u00bb, se d\u00e9fend cette derni\u00e8re. Gilles Verdez tente de reprendre le d\u00e9bat, mais trop tard. Les chroniqueurs n\u2019arrivent plus \u00e0 se contenir. Impossible d\u2019\u00e9couter les commentaires sur l\u2019affaire tant les rires couvrent sa voix et celle d\u2019Amaury Bucco.<\/p>\n<p class=\"fig-paragraph\">\u00abIl y a l\u2019autre qui me dit \u201cje me suis coinc\u00e9 un nerf\u201d. Non, mais sans rigoler, on est en train de parler d\u2019une affaire s\u00e9rieuse, qu\u2019est ce qui se passe\u00a0?\u00bb, tente de temp\u00e9rer Cyril Hanouna.\u00a0<a href=\"http:\/\/tvmag.lefigaro.fr\/programme-tv\/actu-tele\/c-etait-entre-500-et-700-euros-de-l-heure-laurent-fontaine-revele-son-salaire-de-coach-pour-politiques-20250917\" target=\"_blank\" data-fig-type=\"Article\" rel=\"noopener\" data-gtm-custom-categorie=\"navigation\" data-gtm-custom-action=\"crossclick\" data-gtm-custom-label=\"Contextuel\" data-gtm-event=\"customEventSPE\" data-fig-domain=\"TVMAG\">Laurent Fontaine<\/a>, d\u00e9cha\u00een\u00e9, d\u00e9clare\u00a0: \u00abJ\u2019ai entendu cric!\u00bb. \u00abC\u2019est quelque chose qui a l\u00e2ch\u00e9\u00bb, rench\u00e9rit Olivier Dartigolles. \u00c9puis\u00e9 de rire et l\u2019heure affichant d\u00e9j\u00e0 21h15, le trublion du PAF d\u00e9cide de conclure ce dernier num\u00e9ro de la semaine\u00a0: \u00abOn finira l\u2019\u00e9mission lundi, merci \u00e0 tous, on vous aime fort\u00bb.<\/p>\n","protected":false},"excerpt":{"rendered":"Fou rire sur le plateau de Cyril Hanouna pendant un sujet sur Cedric Jubillar Capture \u00e9cran W9. Les&hellip;\n","protected":false},"author":2,"featured_media":420029,"comment_status":"","ping_status":"","sticky":false,"template":"","format":"standard","meta":{"footnotes":""},"categories":[1356],"tags":[1083,58,59,1011,27,252,1364],"class_list":{"0":"post-420028","1":"post","2":"type-post","3":"status-publish","4":"format-standard","5":"has-post-thumbnail","7":"category-television","8":"tag-cyril-hanouna","9":"tag-divertissement","10":"tag-entertainment","11":"tag-fr","12":"tag-france","13":"tag-television","14":"tag-tv"},"share_on_mastodon":{"url":"https:\/\/pubeurope.com\/@fr\/115273099124186452","error":""},"_links":{"self":[{"href":"https:\/\/www.europesays.com\/fr\/wp-json\/wp\/v2\/posts\/420028","targetHints":{"allow":["GET"]}}],"collection":[{"href":"https:\/\/www.europesays.com\/fr\/wp-json\/wp\/v2\/posts"}],"about":[{"href":"https:\/\/www.europesays.com\/fr\/wp-json\/wp\/v2\/types\/post"}],"author":[{"embeddable":true,"href":"https:\/\/www.europesays.com\/fr\/wp-json\/wp\/v2\/users\/2"}],"replies":[{"embeddable":true,"href":"https:\/\/www.europesays.com\/fr\/wp-json\/wp\/v2\/comments?post=420028"}],"version-history":[{"count":0,"href":"https:\/\/www.europesays.com\/fr\/wp-json\/wp\/v2\/posts\/420028\/revisions"}],"wp:featuredmedia":[{"embeddable":true,"href":"https:\/\/www.europesays.com\/fr\/wp-json\/wp\/v2\/media\/420029"}],"wp:attachment":[{"href":"https:\/\/www.europesays.com\/fr\/wp-json\/wp\/v2\/media?parent=420028"}],"wp:term":[{"taxonomy":"category","embeddable":true,"href":"https:\/\/www.europesays.com\/fr\/wp-json\/wp\/v2\/categories?post=420028"},{"taxonomy":"post_tag","embeddable":true,"href":"https:\/\/www.europesays.com\/fr\/wp-json\/wp\/v2\/tags?post=420028"}],"curies":[{"name":"wp","href":"https:\/\/api.w.org\/{rel}","templated":true}]}}