{"id":420034,"date":"2025-09-26T23:07:37","date_gmt":"2025-09-26T23:07:37","guid":{"rendered":"https:\/\/www.europesays.com\/fr\/420034\/"},"modified":"2025-09-26T23:07:37","modified_gmt":"2025-09-26T23:07:37","slug":"jai-teste-par-curiosite-cette-habitude-au-moment-des-repas-resultat-mes-envies-de-sucre-ont-completement-disparu","status":"publish","type":"post","link":"https:\/\/www.europesays.com\/fr\/420034\/","title":{"rendered":"J\u2019ai test\u00e9 par curiosit\u00e9 cette habitude au moment des repas : r\u00e9sultat ? Mes envies de sucre ont compl\u00e8tement disparu !"},"content":{"rendered":"<p><strong>Un apr\u00e8s-midi d&rsquo;automne o\u00f9 la lumi\u00e8re d\u00e9cline doucement, une furieuse envie de sucre s&rsquo;invite apr\u00e8s le d\u00e9jeuner\u2026 Soudain, une id\u00e9e germe : et si la solution se trouvait dans un rituel minuscule, insoup\u00e7onn\u00e9 ? Il suffisait d&rsquo;un geste simple, presque invisible \u00e0 table, pour que les envies de douceurs s&rsquo;\u00e9vanouissent. Exp\u00e9rience, surprises et r\u00e9v\u00e9lations : parfois, il suffit d&rsquo;apprendre \u00e0 respirer pour voir son quotidien changer.<\/strong><\/p>\n<p> Et si tout partait de notre fa\u00e7on de commencer le repas ?<\/p>\n<p>Combien de fois, dans le tourbillon de la vie quotidienne, s&rsquo;installe-t-on \u00e0 table par automatisme ? L&rsquo;histoire est connue : il est midi, la pause s&rsquo;annonce, on se pose, on mange \u2013 parfois en jetant un \u0153il distrait \u00e0 son t\u00e9l\u00e9phone. Manger devient un r\u00e9flexe, une simple \u00e9tape entre deux t\u00e2ches. Le tout, parfois, en quelques minutes et sans v\u00e9ritable attention port\u00e9e \u00e0 ce que l&rsquo;on fait ! <strong>C&rsquo;est ici que se joue le premier acte de la pi\u00e8ce : on oublie de pr\u00e9parer le corps et l&rsquo;esprit au repas<\/strong>. R\u00e9sultat : digestion en pilotage automatique, signaux de sati\u00e9t\u00e9 brouill\u00e9s et, souvent, une irr\u00e9sistible envie de finir par une touche sucr\u00e9e.<\/p>\n<p>Pourtant, il existe un concept simple et un peu myst\u00e9rieux : ralentir volontairement avant de manger. Une sorte de pause, certes inhabituelle, qui intrigue autant qu&rsquo;elle d\u00e9stabilise quand on l&rsquo;\u00e9voque. L&rsquo;id\u00e9e para\u00eet saugrenue : pourquoi perdre du temps alors que le but est de se restaurer ? Et pourtant\u2026 <strong>Cet instant suspendu, plac\u00e9 juste avant la premi\u00e8re bouch\u00e9e, a le pouvoir de tout changer<\/strong>.<\/p>\n<p>Respirer \u00e0 fond\u2026 avant la premi\u00e8re bouch\u00e9e : une r\u00e9volution discr\u00e8te<\/p>\n<p>La cl\u00e9 ? <strong>Prendre quelques profondes respirations avant d&rsquo;entamer son repas<\/strong>. Cet acte, \u00e0 la fois si banal et si insoup\u00e7onn\u00e9, n&rsquo;a rien de miraculeux mais il pr\u00e9pare, en douceur, le terrain physiologique et mental de la d\u00e9gustation. Lorsqu&rsquo;on s&rsquo;accorde ces quelques secondes, loin du rythme effr\u00e9n\u00e9, le corps sort du mode \u00ab\u00a0alerte\u00a0\u00bb, les tensions s&rsquo;apaisent, la digestion est anticip\u00e9e. L&rsquo;estomac, averti, s&rsquo;appr\u00eate \u00e0 recevoir la nourriture dans de meilleures conditions ; le cerveau, lui, bascule vers la conscience du moment pr\u00e9sent.<\/p>\n<p>Au d\u00e9but, cela surprend : s&rsquo;arr\u00eater, fermer les yeux ou fixer son assiette, inspirer lentement par le nez, expirer par la bouche\u2026 Une pointe de scepticisme s&rsquo;invite : \u00ab Est-ce que ce simple geste va vraiment changer mes envies de sucre ? \u00bb Mais tr\u00e8s vite, les premiers ressentis \u00e9mergent : <strong>un apaisement presque imm\u00e9diat, une sensation de curiosit\u00e9 pour ce qui va suivre<\/strong>. Le repas ne semble plus simplement nourrir le corps, mais aussi calmer l&rsquo;esprit.<\/p>\n<p>Manger autrement : la d\u00e9gustation consciente en action<\/p>\n<p>Il ne s&rsquo;agit toutefois pas de s&rsquo;arr\u00eater \u00e0 la respiration. La <strong>d\u00e9gustation consciente<\/strong>, ou \u00ab mindful eating \u00bb pour ceux qui aiment les termes \u00e9trangers, propose <a href=\"https:\/\/journaldesseniors.20minutes.fr\/sante\/les-champignons-sont-ils-aussi-sains-et-bons-pour-la-sante-quon-le-dit\/\" target=\"_blank\" rel=\"noopener\">de vivre le repas autrement<\/a>. <strong>Il s&rsquo;agit de mobiliser ses cinq sens d\u00e8s la premi\u00e8re bouch\u00e9e<\/strong> : observer les couleurs, sentir les ar\u00f4mes, savourer les textures, \u00e9couter le croquant d&rsquo;une carotte ou le moelleux d&rsquo;un morceau de pain, et go\u00fbter pleinement chaque saveur.<\/p>\n<p>Un premier changement appara\u00eet : la vitesse du repas ralentit, naturellement. Le simple fait de porter attention \u00e0 chaque bouch\u00e9e modifie la perception de la nourriture. L&rsquo;estomac signale plus t\u00f4t la sati\u00e9t\u00e9, les portions deviennent plus raisonnables sans effort, et l&rsquo;assiette prend une toute nouvelle dimension culturelle et sensorielle. <strong>Ce n&rsquo;est plus un acte m\u00e9canique mais une v\u00e9ritable exp\u00e9rience<\/strong>\u2026 presque m\u00e9ditative.<\/p>\n<p> Fini la ru\u00e9e sur le sucre apr\u00e8s manger ?<\/p>\n<p>Ce qui interpelle le plus, c&rsquo;est l&rsquo;effet boule de neige sur les envies de sucre. <strong>Jour apr\u00e8s jour, les fameuses pulsions sucr\u00e9es post-repas fondent comme neige au soleil<\/strong>. La part de tarte aux pommes de saison, le chocolat ou le yaourt aromatis\u00e9 \u2013 qui semblaient indispensables quelques jours auparavant \u2013 perdent peu \u00e0 peu de leur attrait. La question n&rsquo;est plus \u00ab Ai-je envie de sucre ? \u00bb, mais plut\u00f4t \u00ab Pourquoi en avais-je autant besoin avant ? \u00bb.<\/p>\n<p>L&rsquo;explication, pourtant toute simple, se cache dans le fonctionnement de la digestion et de la sati\u00e9t\u00e9. <strong>En respirant profond\u00e9ment et en savourant chaque aliment, le cerveau re\u00e7oit les signaux de sati\u00e9t\u00e9 \u00e0 temps<\/strong>. Le risque de chercher un \u00ab dopage \u00bb sucr\u00e9 pour compenser une insatisfaction dispara\u00eet. La gestion des envies devient plus sereine, le moral plus stable, et chaque fin de repas se conclut sans frustration.<\/p>\n<p>Les surprises du quotidien : un impact au-del\u00e0 des seules envies de sucre<\/p>\n<p>Cet exercice, loin d&rsquo;\u00eatre anodin, produit aussi des effets collat\u00e9raux inesp\u00e9r\u00e9s. <strong>Prendre le temps de respirer, de go\u00fbter, influe subtilement sur l&rsquo;humeur et la <a href=\"https:\/\/journaldesseniors.20minutes.fr\/bien-etre\/si-vous-vous-laviez-trop-experts-apres-60-ans\/\" target=\"_blank\" rel=\"noopener\">relation \u00e0 la nourriture<\/a><\/strong>. Certains notent un regain d&rsquo;\u00e9nergie dans l&rsquo;apr\u00e8s-midi, une diminution du fameux \u00ab coup de mou \u00bb post-d\u00e9jeuner, ou encore une r\u00e9duction du stress li\u00e9 \u00e0 l&rsquo;alimentation et \u00e0 la culpabilit\u00e9.<\/p>\n<p>Peu \u00e0 peu, cette simple routine s&rsquo;installe sans effort dans le quotidien, voire s&rsquo;\u00e9tend \u00e0 d&rsquo;autres moments : pause-caf\u00e9, collation automnale, repas en famille du dimanche\u2026 Les effets apparaissent par petites touches, mais dessinent un rapport \u00e0 la nourriture nouveau, apais\u00e9, sans privations ni exc\u00e8s. <strong>Un cercle vertueux qui s&rsquo;installe presque sans s&rsquo;en rendre compte<\/strong>.<\/p>\n<p>Prendre le temps, respirer, savourer : et si on remettait en question nos automatismes ?<\/p>\n<p>L&rsquo;exp\u00e9rience rappelle, \u00e0 la veille de l&rsquo;automne et de ses tentations sucr\u00e9es, un constat simple : <strong>la fa\u00e7on dont on commence un repas en conditionne le d\u00e9roulement et la satisfaction<\/strong>. Adopter le rituel de la respiration profonde et de la d\u00e9gustation consciente transforme la table en espace de d\u00e9tente, de plaisir et de respect envers ses propres besoins.<\/p>\n<p>Pour franchir le pas, rien de plus simple : s&rsquo;installer, poser ses couverts, prendre trois \u00e0 cinq respirations profondes, puis savourer la premi\u00e8re bouch\u00e9e en mobilisant tous ses sens. <strong>Un d\u00e9fi \u00e0 la port\u00e9e de toutes et tous, ne demandant ni horaires contraignants, ni pr\u00e9paration complexe, ni ingr\u00e9dients sp\u00e9ciaux<\/strong>. L&rsquo;essayer, c&rsquo;est entreprendre un voyage o\u00f9 l&rsquo;on red\u00e9couvre coll\u00e8gues, amis\u2026 et m\u00eame ses propres go\u00fbts. Et si la prochaine bouch\u00e9e de vie commen\u00e7ait par une inspiration ?<\/p>\n<p>En cette fin septembre 2025, alors que les journ\u00e9es raccourcissent et que les envies de douceurs r\u00e9confortantes s&rsquo;intensifient, il est possible d&rsquo;apprivoiser ce d\u00e9sir de sucre sans s&rsquo;imposer de restrictions s\u00e9v\u00e8res. <strong>Poser sa fourchette, ouvrir ses poumons et le bal des saveurs peut enfin commencer<\/strong>\u2026 Pourquoi ne pas profiter de cette saison pour red\u00e9finir, en douceur et avec bienveillance, sa relation \u00e0 l&rsquo;alimentation ?<\/p>\n","protected":false},"excerpt":{"rendered":"Un apr\u00e8s-midi d&rsquo;automne o\u00f9 la lumi\u00e8re d\u00e9cline doucement, une furieuse envie de sucre s&rsquo;invite apr\u00e8s le d\u00e9jeuner\u2026 Soudain,&hellip;\n","protected":false},"author":2,"featured_media":420035,"comment_status":"","ping_status":"","sticky":false,"template":"","format":"standard","meta":{"footnotes":""},"categories":[10],"tags":[1011,27,72,56,71],"class_list":{"0":"post-420034","1":"post","2":"type-post","3":"status-publish","4":"format-standard","5":"has-post-thumbnail","7":"category-sante","8":"tag-fr","9":"tag-france","10":"tag-health","11":"tag-push","12":"tag-sante"},"share_on_mastodon":{"url":"https:\/\/pubeurope.com\/@fr\/115273114800160179","error":""},"_links":{"self":[{"href":"https:\/\/www.europesays.com\/fr\/wp-json\/wp\/v2\/posts\/420034","targetHints":{"allow":["GET"]}}],"collection":[{"href":"https:\/\/www.europesays.com\/fr\/wp-json\/wp\/v2\/posts"}],"about":[{"href":"https:\/\/www.europesays.com\/fr\/wp-json\/wp\/v2\/types\/post"}],"author":[{"embeddable":true,"href":"https:\/\/www.europesays.com\/fr\/wp-json\/wp\/v2\/users\/2"}],"replies":[{"embeddable":true,"href":"https:\/\/www.europesays.com\/fr\/wp-json\/wp\/v2\/comments?post=420034"}],"version-history":[{"count":0,"href":"https:\/\/www.europesays.com\/fr\/wp-json\/wp\/v2\/posts\/420034\/revisions"}],"wp:featuredmedia":[{"embeddable":true,"href":"https:\/\/www.europesays.com\/fr\/wp-json\/wp\/v2\/media\/420035"}],"wp:attachment":[{"href":"https:\/\/www.europesays.com\/fr\/wp-json\/wp\/v2\/media?parent=420034"}],"wp:term":[{"taxonomy":"category","embeddable":true,"href":"https:\/\/www.europesays.com\/fr\/wp-json\/wp\/v2\/categories?post=420034"},{"taxonomy":"post_tag","embeddable":true,"href":"https:\/\/www.europesays.com\/fr\/wp-json\/wp\/v2\/tags?post=420034"}],"curies":[{"name":"wp","href":"https:\/\/api.w.org\/{rel}","templated":true}]}}