{"id":420038,"date":"2025-09-26T23:09:13","date_gmt":"2025-09-26T23:09:13","guid":{"rendered":"https:\/\/www.europesays.com\/fr\/420038\/"},"modified":"2025-09-26T23:09:13","modified_gmt":"2025-09-26T23:09:13","slug":"cancers-de-kate-middleton-et-de-charles-iii-william-souvre-sur-ses-sentiments-avec-une-phrase-dechirante","status":"publish","type":"post","link":"https:\/\/www.europesays.com\/fr\/420038\/","title":{"rendered":"Cancers de Kate Middleton et de Charles III : William s\u2019ouvre sur ses sentiments avec une phrase d\u00e9chirante"},"content":{"rendered":"<p class=\"p1\">Le prince William accorde une rare interview \u00e0 la<br \/>\nt\u00e9l\u00e9vision. En effet, le vendredi 3 octobre, il est l\u2019invit\u00e9<br \/>\nd\u2019<a href=\"https:\/\/www.closermag.fr\/royautes\/le-prince-william-enivre-aux-cotes-dune-star-hollywoodienne-dans-une-video-3580704\" rel=\"nofollow noopener\" target=\"_blank\">Eugene<br \/>\nLevy<\/a> dans The Reluctant Traveler. Dans cet \u00e9pisode<br \/>\nintitul\u00e9 \u201cVivre la vie royale au Royaume-Uni\u201d et diffus\u00e9<br \/>\nsur Apple TV+, il a re\u00e7u l\u2019acteur am\u00e9ricain au <strong>ch\u00e2teau de<br \/>\nWindsor<\/strong>.<\/p>\n<p class=\"p1\">Accompagn\u00e9 de sa chienne Orla, <a href=\"https:\/\/www.closermag.fr\/royautes\/prince-william-nom-titre-education-famille-age-kate-harry-tout-savoir-1621043#item=1\" rel=\"nofollow noopener\" target=\"_blank\"><br \/>\nle prince William<\/a> s\u2019est confi\u00e9 comme rarement sur <strong>sa<br \/>\nvie de famille<\/strong>. Eugene Levy lui a ainsi demand\u00e9 ce qu\u2019il<br \/>\nfait \u00e0 Adelaide Cottage durant <strong>son temps libre<\/strong>.<br \/>\n\u201cDormir. Quand on a trois jeunes enfants, le sommeil est une<br \/>\npartie importante de ma vie\u201d, a-t-il r\u00e9pondu avec humour.<\/p>\n<p><img loading=\"lazy\" decoding=\"async\" aria-describedby=\"caption-attachment-3582849\" itemprop=\"thumbnailUrl\" class=\"size-full wp-image-3582849 img-responsive\" src=\"https:\/\/www.europesays.com\/fr\/wp-content\/uploads\/2025\/09\/le-prince-william-et-kate-middleton-1.jpg\" alt=\"Le prince William et Kate Middleton lors du banquet d\" au=\"\" ch=\"\" de=\"\" windsor=\"\" en=\"\" l=\"\" la=\"\" visite=\"\" officielle=\"\" du=\"\" pr=\"\" donald=\"\" trump=\"\" et=\"\" premi=\"\" dame=\"\" melania.=\"\" width=\"1300\" height=\"2014\"\/> \u00a9 Aaron Chown\/WPA-Pool \/ Julien Burton via<br \/>\nBestimage<\/p>\n<p id=\"caption-attachment-3582849\" class=\"wp-caption-text\">Le<br \/>\nprince William et Kate Middleton lors du banquet d&rsquo;\u00c9tat au ch\u00e2teau<br \/>\nde Windsor en l&rsquo;honneur de la visite officielle du pr\u00e9sident Donald<br \/>\nTrump et de la Premi\u00e8re dame Melania.<\/p>\n<p>Le prince William : \u201cLa vie est faite pour nous<br \/>\nmettre \u00e0 l\u2019\u00e9preuve\u201d<\/p>\n<p class=\"p1\">Dans la suite de l\u2019\u00e9pisode, le prince William et<br \/>\nEugene Levy se sont <strong>assis dans un pub local<\/strong> pour<br \/>\nd\u00e9guster une bi\u00e8re. Le p\u00e8re de famille, <strong>marqu\u00e9 par les<br \/>\ncancers<\/strong> de sa femme <a href=\"https:\/\/www.closermag.fr\/royautes\/kate-middleton-face-au-cancer-souffrir-ces-mots-a-la-lourde-signification-qui-resonnent-encore-aujourdhui-3498425\" rel=\"nofollow noopener\" target=\"_blank\"><br \/>\nKate Middleton<\/a> et de son p\u00e8re, Charles III, s\u2019est alors confi\u00e9<br \/>\nsur l\u2019ann\u00e9e pass\u00e9e. \u201cJe dirais que 2023-2024 a \u00e9t\u00e9 l\u2019ann\u00e9e la<br \/>\nplus difficile de ma vie\u201d, a-t-il admis.<\/p>\n<p class=\"p1\">Par la suite, l\u2019h\u00e9ritier au tr\u00f4ne britannique a<br \/>\n<strong>tent\u00e9 de relativiser<\/strong>. \u201cVous savez, la vie est<br \/>\nfaite pour nous mettre \u00e0 l\u2019\u00e9preuve, et c\u2019est en surmontant ces<br \/>\n\u00e9preuves que nous sommes ce que nous sommes\u201d, a-t-il<br \/>\npoursuivi. Un <strong>message positif<\/strong> alors que Kate<br \/>\nMiddleton a annonc\u00e9 <a href=\"https:\/\/www.closermag.fr\/royautes\/kate-middleton-en-remission-du-cancer-elle-brise-le-silence-sur-son-retablissement-tres-difficile-3560338\" rel=\"nofollow noopener\" target=\"_blank\"><br \/>\nsa r\u00e9mission<\/a> en janvier dernier.<\/p>\n<blockquote class=\"twitter-tweet\"><p><a class=\"twitter-link\" rel=\"noindex, nofollow noopener\" href=\"https:\/\/twitter.com\/HelloCanada\/status\/1971598107180720423\" target=\"_blank\"><\/p><\/blockquote>\n<p>Le mari de Kate Middleton s&rsquo;\u00e9tait<br \/>\nd\u00e9j\u00e0 confi\u00e9 sur le cancer<\/p>\n<p class=\"p1\">En novembre 2024, le prince William s\u2019\u00e9tait d\u00e9j\u00e0<br \/>\nconfi\u00e9 sur <a href=\"https:\/\/www.closermag.fr\/royautes\/cancer-de-charles-iii-le-monarque-donne-de-rares-nouvelles-sur-son-etat-de-sante-3575594\" rel=\"nofollow noopener\" target=\"_blank\"><br \/>\nle cancer de son p\u00e8re<\/a> et de sa femme. Lors de son d\u00e9placement<br \/>\nen Afrique du Sud, \u00e0 l\u2019occasion du <strong>prix Earthshot<\/strong>,<br \/>\nil avait d\u00e9clar\u00e9 : \u201cJe suis tellement fier de ma femme, je suis<br \/>\nfier de mon p\u00e8re, d\u2019avoir g\u00e9r\u00e9 ce qu\u2019ils ont v\u00e9cu. Mais d\u2019un point<br \/>\nde vue familial, \u00e7a a \u00e9t\u00e9\u2026 oui \u00e7a a \u00e9t\u00e9 brutal\u201d.<\/p>\n<p class=\"p1\">Depuis, le prince et la princesse de Galles ont pris<br \/>\nle temps de se retrouver. Ils ont d\u2019ailleurs d\u00e9cid\u00e9 de<br \/>\n<strong>laisser les mauvais souvenirs<\/strong> derri\u00e8re eux en<br \/>\nd\u00e9m\u00e9nageant. Avant la fin de l\u2019ann\u00e9e 2025, ils quitteront ainsi<br \/>\n<a href=\"https:\/\/www.closermag.fr\/royautes\/kate-et-william-cet-endroit-rempli-de-mauvais-souvenirs-quils-ont-hate-de-laisser-derriere-eux-3582796\" rel=\"nofollow noopener\" target=\"_blank\"><br \/>\nAdelaide Cottage<\/a> pour le Forest Lodge. Une bonne mani\u00e8re pour<br \/>\neux d\u2019<strong>entamer un nouveau chapitre<\/strong> qu\u2019ils esp\u00e8rent<br \/>\nplus joyeux.<\/p>\n<p><script async src=\"https:\/\/platform.twitter.com\/widgets.js\" charset=\"utf-8\"><\/script><\/p>\n","protected":false},"excerpt":{"rendered":"Le prince William accorde une rare interview \u00e0 la t\u00e9l\u00e9vision. En effet, le vendredi 3 octobre, il est&hellip;\n","protected":false},"author":2,"featured_media":420039,"comment_status":"","ping_status":"","sticky":false,"template":"","format":"standard","meta":{"footnotes":""},"categories":[8],"tags":[548,581,58,59,1011,27,5858,3936],"class_list":{"0":"post-420038","1":"post","2":"type-post","3":"status-publish","4":"format-standard","5":"has-post-thumbnail","7":"category-divertissement","8":"tag-article-simple","9":"tag-charles-iii","10":"tag-divertissement","11":"tag-entertainment","12":"tag-fr","13":"tag-france","14":"tag-kate-middleton","15":"tag-prince-william"},"share_on_mastodon":{"url":"https:\/\/pubeurope.com\/@fr\/115273123289947427","error":""},"_links":{"self":[{"href":"https:\/\/www.europesays.com\/fr\/wp-json\/wp\/v2\/posts\/420038","targetHints":{"allow":["GET"]}}],"collection":[{"href":"https:\/\/www.europesays.com\/fr\/wp-json\/wp\/v2\/posts"}],"about":[{"href":"https:\/\/www.europesays.com\/fr\/wp-json\/wp\/v2\/types\/post"}],"author":[{"embeddable":true,"href":"https:\/\/www.europesays.com\/fr\/wp-json\/wp\/v2\/users\/2"}],"replies":[{"embeddable":true,"href":"https:\/\/www.europesays.com\/fr\/wp-json\/wp\/v2\/comments?post=420038"}],"version-history":[{"count":0,"href":"https:\/\/www.europesays.com\/fr\/wp-json\/wp\/v2\/posts\/420038\/revisions"}],"wp:featuredmedia":[{"embeddable":true,"href":"https:\/\/www.europesays.com\/fr\/wp-json\/wp\/v2\/media\/420039"}],"wp:attachment":[{"href":"https:\/\/www.europesays.com\/fr\/wp-json\/wp\/v2\/media?parent=420038"}],"wp:term":[{"taxonomy":"category","embeddable":true,"href":"https:\/\/www.europesays.com\/fr\/wp-json\/wp\/v2\/categories?post=420038"},{"taxonomy":"post_tag","embeddable":true,"href":"https:\/\/www.europesays.com\/fr\/wp-json\/wp\/v2\/tags?post=420038"}],"curies":[{"name":"wp","href":"https:\/\/api.w.org\/{rel}","templated":true}]}}