{"id":420046,"date":"2025-09-26T23:13:13","date_gmt":"2025-09-26T23:13:13","guid":{"rendered":"https:\/\/www.europesays.com\/fr\/420046\/"},"modified":"2025-09-26T23:13:13","modified_gmt":"2025-09-26T23:13:13","slug":"le-lendemain-du-mariage-avec-thierry-le-luron-coluche-le-scoop-de-son-fils-qui-en-dit-long","status":"publish","type":"post","link":"https:\/\/www.europesays.com\/fr\/420046\/","title":{"rendered":"\u00ab\u00a0Le lendemain du mariage avec Thierry Le Luron\u00a0\u00bb, Coluche, le scoop de son fils qui en dit long"},"content":{"rendered":"<p>Aujourd\u2019hui, <a href=\"https:\/\/www.public.fr\/coluche-bientot-40-ans-apres-sa-mort-une-enquete-aux-conclusions-troublantes-refait-surface\" target=\"_blank\" rel=\"noopener\">cela fait maintenant 40 ans<\/a> que nous n\u2019avons \u00ab\u00a0plus le droit ni d\u2019avoir faim, ni d\u2019avoir froid\u00a0\u00bb. En effet, cela fait 40 ans que les Restos du C\u0153ur existent et permettent d\u2019aider les personnes dans le besoin gr\u00e2ce \u00e0 <a href=\"https:\/\/vsd.fr\/tag\/coluche\/\" target=\"_blank\" rel=\"noopener\">Coluche<\/a>.<\/p>\n<p><a href=\"https:\/\/www.public.fr\/coluche-ses-restos-du-coeur-epingles-par-la-cour-des-comptes\" target=\"_blank\" rel=\"noopener\">L\u2019humoriste d\u00e9c\u00e9d\u00e9 le 19 juin 1986<\/a> donnait en effet vie \u00e0 la c\u00e9l\u00e8bre association en 1985. <strong>Une id\u00e9e qui avait muri dans son esprit<\/strong> pendant plusieurs ann\u00e9es, sans qu\u2019il n\u2019en parle jamais \u00e0 personne comme le r\u00e9v\u00e8le son fils, Romain Colucci, ce vendredi 26 septembre 2025.<\/p>\n<p>Les Restos du C\u0153ur, une id\u00e9e pr\u00e9sente dans la t\u00eate de Coluche depuis longtemps<\/p>\n<p>En effet, le fils de Coluche a r\u00e9pondu aux questions d\u2019Amandine Begot ce vendredi matin sur RTL. \u00c2g\u00e9 de 13 ans lorsque son p\u00e8re a lanc\u00e9 son association, l\u2019homme aujourd\u2019hui \u00e2g\u00e9 de 53 ans se souvient parfaitement l\u2019ambiance qui r\u00e9gnait \u00ab\u00a0\u00e0 la maison\u00a0\u00bb avant que les Restos du C\u0153ur ne naissent.\u00a0<\/p>\n<p>\u00ab\u00a0Vous \u00eates le fils a\u00een\u00e9 de Coluche, vous aviez \u00e0 l&rsquo;\u00e9poque treize ans, si je ne me trompe pas, euh, vous vous souvenez de cet appel ?\u00a0\u00bb, a demand\u00e9 la journaliste avant que son invit\u00e9 lui r\u00e9ponde : \u00ab\u00a0Bah oui, oui, je me souviens bien s\u00fbr de l&rsquo;ambiance qu&rsquo;il y avait, de l&rsquo;ambiance de tour de contr\u00f4le qu&rsquo;il y avait \u00e0 la maison parce que \u00e0 partir du moment o\u00f9\u2026\u00a0\u00bb. \u00ab\u00a0Il avait pr\u00e9venu personne. Il l&rsquo;avait pr\u00e9par\u00e9 ou pas ?\u00a0\u00bb, le coupe alors Amandine B\u00e9got.<\/p>\n<p>Le fils de Coluche l\u2019assure, <strong>l\u2019humoriste avait tout pr\u00e9par\u00e9<\/strong> et il ne s\u2019agissait pas d\u2019improvisation. N\u00e9anmoins, il nuance et indique qu\u2019il n\u2019y a que son p\u00e8re qui \u00ab\u00a0pourrait vraiment le dire\u00a0\u00bb : \u00ab\u00a0je vais pas le faire parler et on pourra jamais savoir\u00a0\u00bb.\u00a0<\/p>\n<p>Le lendemain de son \u00ab\u00a0mariage\u00a0\u00bb avec Thierry Le Luron<\/p>\n<p>\u00ab\u00a0Je pense qu&rsquo;il<strong> y pensait quand m\u00eame depuis un moment<\/strong>, mais ce qui est vrai, c&rsquo;est qu&rsquo;il n&rsquo;avait pr\u00e9venu absolument personne, y compris \u00e0 Europe 1, \u00e0 part peut-\u00eatre Philippe Gildas qui \u00e9tait son complice dans l&rsquo;affaire. Mais personne n&rsquo;\u00e9tait au courant et il a lanc\u00e9 \u00e7a en r\u00e9ponse \u00e0 une question d&rsquo;un auditeur\u00a0\u00bb, explique Romain Colucci.<\/p>\n<p>Ce dernier r\u00e9v\u00e8le qu\u2019un auditeur avait regrett\u00e9 \u00e0 la radio : \u00ab\u00a0C\u2019est bien beau de chanter pour l&rsquo;\u00c9thiopie, mais tout le pognon part \u00e0 l&rsquo;\u00e9tranger, <strong>quand est-ce que vous vous occupez des ch\u00f4meurs ?<\/strong>\u00ab\u00a0. Une question qui aurait travaill\u00e9 dans l\u2019esprit de Coluche.<\/p>\n<p>\u00ab\u00a0Donc \u00e7a, \u00e7a l&rsquo;a pris un jour, il se trouve que <strong>c&rsquo;\u00e9tait le lendemain du mariage avec Thierry Le Luron<\/strong>, que tout le monde \u00e9tait fatigu\u00e9. Vous pouvez imaginer. Et il a lanc\u00e9 \u00e7a comme \u00e7a. Et c&rsquo;est vrai qu&rsquo;il s&rsquo;est lanc\u00e9 avec rien parce qu&rsquo;il n&rsquo;avait pas d&rsquo;exp\u00e9rience dans le milieu agroalimentaire, pas de logistique, pas de camions, pas de locaux, pas de b\u00e9n\u00e9voles, pas d\u2019argent\u00a0\u00bb, a finalement conclu le fils de Coluche, fier de son papa.<\/p>\n<p>      Mentionn\u00e9s dans cet article<\/p>\n<p>      Sur le m\u00eame sujet<\/p>\n","protected":false},"excerpt":{"rendered":"Aujourd\u2019hui, cela fait maintenant 40 ans que nous n\u2019avons \u00ab\u00a0plus le droit ni d\u2019avoir faim, ni d\u2019avoir froid\u00a0\u00bb.&hellip;\n","protected":false},"author":2,"featured_media":420047,"comment_status":"","ping_status":"","sticky":false,"template":"","format":"standard","meta":{"footnotes":""},"categories":[4],"tags":[11,7220,1011,27,12,25,15710,2700],"class_list":{"0":"post-420046","1":"post","2":"type-post","3":"status-publish","4":"format-standard","5":"has-post-thumbnail","7":"category-france","8":"tag-actualites","9":"tag-coluche","10":"tag-fr","11":"tag-france","12":"tag-news","13":"tag-republique-francaise","14":"tag-restos-du-coeur","15":"tag-rtl"},"share_on_mastodon":{"url":"https:\/\/pubeurope.com\/@fr\/115273138432435642","error":""},"_links":{"self":[{"href":"https:\/\/www.europesays.com\/fr\/wp-json\/wp\/v2\/posts\/420046","targetHints":{"allow":["GET"]}}],"collection":[{"href":"https:\/\/www.europesays.com\/fr\/wp-json\/wp\/v2\/posts"}],"about":[{"href":"https:\/\/www.europesays.com\/fr\/wp-json\/wp\/v2\/types\/post"}],"author":[{"embeddable":true,"href":"https:\/\/www.europesays.com\/fr\/wp-json\/wp\/v2\/users\/2"}],"replies":[{"embeddable":true,"href":"https:\/\/www.europesays.com\/fr\/wp-json\/wp\/v2\/comments?post=420046"}],"version-history":[{"count":0,"href":"https:\/\/www.europesays.com\/fr\/wp-json\/wp\/v2\/posts\/420046\/revisions"}],"wp:featuredmedia":[{"embeddable":true,"href":"https:\/\/www.europesays.com\/fr\/wp-json\/wp\/v2\/media\/420047"}],"wp:attachment":[{"href":"https:\/\/www.europesays.com\/fr\/wp-json\/wp\/v2\/media?parent=420046"}],"wp:term":[{"taxonomy":"category","embeddable":true,"href":"https:\/\/www.europesays.com\/fr\/wp-json\/wp\/v2\/categories?post=420046"},{"taxonomy":"post_tag","embeddable":true,"href":"https:\/\/www.europesays.com\/fr\/wp-json\/wp\/v2\/tags?post=420046"}],"curies":[{"name":"wp","href":"https:\/\/api.w.org\/{rel}","templated":true}]}}